{"id":9190,"date":"2019-09-13T09:30:49","date_gmt":"2019-09-13T07:30:49","guid":{"rendered":"http:\/\/agora.xtec.cat\/ies-rbiv-cambrils\/?p=9190"},"modified":"2019-09-13T09:38:53","modified_gmt":"2019-09-13T07:38:53","slug":"activitats-extraescolars-2019-2020","status":"publish","type":"post","link":"https:\/\/agora.xtec.cat\/ies-rbiv-cambrils\/general\/activitats-extraescolars-2019-2020\/","title":{"rendered":"Activitats extraescolars 2019-2020"},"content":{"rendered":"<p lang=\"ca-ES\" align=\"justify\"><span style=\"font-family: Calibri, sans-serif;\">Les activitats es realitzaran durant els <\/span><span style=\"font-family: Calibri, sans-serif;\"><b>mesos D\u2019OCTUBRE a MAIG. <\/b><\/span><span style=\"font-family: Calibri, sans-serif;\">Les inscripcions (i el pagament) es realitzaran en dos torns:<\/span><\/p>\n<ul>\n<li>\n<p lang=\"ca-ES\" align=\"justify\"><span style=\"font-family: Calibri, sans-serif;\">1r TORN entre el 16 setembre i el 11 d\u2019octubre. (D\u2019octubre a gener).<\/span><\/p>\n<\/li>\n<li>\n<p lang=\"ca-ES\" align=\"justify\"><span style=\"font-family: Calibri, sans-serif;\">2n TORN entre el 13 i el 31 de gener. (De febrer a maig).<\/span><\/p>\n<\/li>\n<\/ul>\n<p lang=\"ca-ES\" align=\"justify\"><span style=\"font-family: Calibri, sans-serif;\"><u>Les activitats que s\u2019ofereixen s\u00f3n<\/u><\/span><span style=\"font-family: Calibri, sans-serif;\">:<\/span><\/p>\n<ol>\n<li>\n<p lang=\"ca-ES\" align=\"justify\"><span style=\"font-family: Calibri, sans-serif;\"><u><b>P\u00e0del a les pistes del CUB Esport Cambrils.<\/b><\/u><\/span><\/p>\n<\/li>\n<\/ol>\n<p lang=\"ca-ES\" align=\"justify\"><span style=\"font-family: Calibri, sans-serif;\">El vostre fill\/a podria comen\u00e7ar a aprendre a jugar a p\u00e0del amb l\u2019ajut d\u2019un monitor especialitzat cada <\/span><span style=\"font-family: Calibri, sans-serif;\"><u>dimecres o divendres de 16 a 17h.<\/u><\/span><\/p>\n<p lang=\"ca-ES\" align=\"justify\"><span style=\"font-family: Calibri, sans-serif;\">Preu de l\u2019activitat 15\u20ac mensuals. Total dels quatre mesos 60\u20ac.<\/span><\/p>\n<ol start=\"2\">\n<li>\n<p lang=\"ca-ES\" align=\"justify\"><span style=\"font-family: Calibri, sans-serif;\"><u><b>Balls moderns els divendres de 18 a 19h al gimn\u00e0s de L\u2019Institut<\/b><\/u><\/span><span style=\"font-family: Calibri, sans-serif;\">.<\/span><\/p>\n<\/li>\n<\/ol>\n<p lang=\"ca-ES\" align=\"justify\"><span style=\"font-family: Calibri, sans-serif;\">El vostre fill\/a, amb l\u2019ajut d\u2019una monitora, podr\u00e0 aprendre a moure\u2019s al ritme de diferents can\u00e7ons. Preu de l\u2019activitat 15\u20ac mensuals. Els quatre mesos 60\u20ac. <\/span><\/p>\n<ol start=\"3\">\n<li>\n<p lang=\"ca-ES\" align=\"justify\"><span style=\"font-family: Calibri, sans-serif;\"><u><b>Voleibol a la pista de l\u2019institut els dimecres de 16.30 a 18h<\/b><\/u><\/span><span style=\"font-family: Calibri, sans-serif;\">. <\/span><\/p>\n<\/li>\n<\/ol>\n<p lang=\"ca-ES\" align=\"justify\"><span style=\"font-family: Calibri, sans-serif;\">El vostre fill\/a podr\u00e0 aprendre aquest esport amb l\u2019ajut d\u2019un monitor especialitzat. Es realitzaran partits espor\u00e0dics amb alumnes d\u2019altres instituts.<\/span><\/p>\n<p lang=\"ca-ES\" align=\"justify\"><span style=\"font-family: Calibri, sans-serif;\">Preu de l\u2019activitat 10\u20ac mensuals. Total dels quatre mesos 40\u20ac.<\/span><\/p>\n<p lang=\"ca-ES\" align=\"justify\"><span style=\"font-family: Calibri, sans-serif;\"><i>*Si es vol participar a les competicions amb altres instituts s\u2019haur\u00e0 de fer el pagament abans del 15 d\u2019octubre.<\/i><\/span><\/p>\n<ol start=\"4\">\n<li>\n<p lang=\"ca-ES\" align=\"justify\"><span style=\"font-family: Calibri, sans-serif;\"><u><b>Futbol sala a la pista de l\u2019institut els dimecres de 16.30 a 18h<\/b><\/u><\/span><span style=\"font-family: Calibri, sans-serif;\">. <\/span><\/p>\n<\/li>\n<\/ol>\n<p lang=\"ca-ES\" align=\"justify\"><span style=\"font-family: Calibri, sans-serif;\">El vostre fill\/a podr\u00e0 aprendre aquest esport amb l\u2019ajut d\u2019un monitor especialitzat. Es realitzaran partits espor\u00e0dics amb alumnes d\u2019altres instituts.<\/span><\/p>\n<p lang=\"ca-ES\" align=\"justify\"><span style=\"font-family: Calibri, sans-serif;\">Preu de l\u2019activitat 7\u20ac mensuals. Total dels quatre mesos 28\u20ac.<\/span><\/p>\n<p lang=\"ca-ES\" align=\"justify\"><span style=\"font-family: Calibri, sans-serif;\"><i>*Si es vol participar a les competicions amb altres instituts s\u2019haur\u00e0 de fer el pagament abans del 18 de setembre.<\/i><\/span><\/p>\n<ol start=\"5\">\n<li>\n<p lang=\"ca-ES\" align=\"justify\"><span style=\"font-family: Calibri, sans-serif;\"><u><b>B\u00e0squet a la pista de l\u2019institut els divendres de 16.30 a 18h.<\/b><\/u><\/span><\/p>\n<\/li>\n<\/ol>\n<p lang=\"ca-ES\" align=\"justify\"><span style=\"font-family: Calibri, sans-serif;\">El vostre fill\/a podr\u00e0 aprendre aquest esport amb l\u2019ajut d\u2019un monitor especialitzat. Es realitzaran partits espor\u00e0dics amb alumnes d\u2019altres instituts.<\/span><\/p>\n<p lang=\"ca-ES\" align=\"justify\"><span style=\"font-family: Calibri, sans-serif;\">Preu de l\u2019activitat 10\u20ac mensuals. Total dels quatre mesos 40\u20ac.<\/span><\/p>\n<p lang=\"ca-ES\" align=\"justify\"><span style=\"font-family: Calibri, sans-serif;\"><i>*Si es vol participar a les competicions amb altres instituts s\u2019haur\u00e0 de fer el pagament abans del 18 de setembre.<\/i><\/span><\/p>\n<p lang=\"ca-ES\" align=\"justify\"><span style=\"font-family: Calibri, sans-serif;\">El pagament es realitzar\u00e0 en efectiu de forma quadrimestral o mensual a la professora d\u2019Educaci\u00f3 F\u00edsica Bego\u00f1a L\u00f3pez.<\/span><\/p>\n<p lang=\"ca-ES\" align=\"justify\"><span style=\"font-family: Calibri, sans-serif;\"><b>S\u2019ha de portar el paper de l\u2019autoritzaci\u00f3 d\u2019inscripci\u00f3 de les activitats del PCEE degudament signada.<\/b><\/span><\/p>\n<p lang=\"ca-ES\" align=\"justify\"><span style=\"font-family: Calibri, sans-serif;\">Coordinadora de PCEE<\/span><\/p>\n<p lang=\"ca-ES\" align=\"justify\"><span style=\"font-family: Calibri, sans-serif;\">Bego\u00f1a L\u00f3pez Carpio<\/span><\/p>\n","protected":false},"excerpt":{"rendered":"<p>Aqu\u00ed teniu l&#8217;oferta d&#8217;activitats esportives per aquest curs&hellip;  <a href=\"https:\/\/agora.xtec.cat\/ies-rbiv-cambrils\/general\/activitats-extraescolars-2019-2020\/\" title=\"Read Activitats extraescolars 2019-2020\">Llegeix m\u00e9s\u00bb<\/a><\/p>\n","protected":false},"author":234,"featured_media":9191,"comment_status":"closed","ping_status":"closed","sticky":false,"template":"","format":"standard","meta":{"_bbp_topic_count":0,"_bbp_reply_count":0,"_bbp_total_topic_count":0,"_bbp_total_reply_count":0,"_bbp_voice_count":0,"_bbp_anonymous_reply_count":0,"_bbp_topic_count_hidden":0,"_bbp_reply_count_hidden":0,"_bbp_forum_subforum_count":0,"footnotes":""},"categories":[3,1,29],"tags":[],"class_list":["post-9190","post","type-post","status-publish","format-standard","has-post-thumbnail","hentry","category-eso","category-general","category-portada"],"post_mailing_queue_ids":[],"_links":{"self":[{"href":"https:\/\/agora.xtec.cat\/ies-rbiv-cambrils\/wp-json\/wp\/v2\/posts\/9190","targetHints":{"allow":["GET"]}}],"collection":[{"href":"https:\/\/agora.xtec.cat\/ies-rbiv-cambrils\/wp-json\/wp\/v2\/posts"}],"about":[{"href":"https:\/\/agora.xtec.cat\/ies-rbiv-cambrils\/wp-json\/wp\/v2\/types\/post"}],"author":[{"embeddable":true,"href":"https:\/\/agora.xtec.cat\/ies-rbiv-cambrils\/wp-json\/wp\/v2\/users\/234"}],"replies":[{"embeddable":true,"href":"https:\/\/agora.xtec.cat\/ies-rbiv-cambrils\/wp-json\/wp\/v2\/comments?post=9190"}],"version-history":[{"count":1,"href":"https:\/\/agora.xtec.cat\/ies-rbiv-cambrils\/wp-json\/wp\/v2\/posts\/9190\/revisions"}],"predecessor-version":[{"id":9192,"href":"https:\/\/agora.xtec.cat\/ies-rbiv-cambrils\/wp-json\/wp\/v2\/posts\/9190\/revisions\/9192"}],"wp:featuredmedia":[{"embeddable":true,"href":"https:\/\/agora.xtec.cat\/ies-rbiv-cambrils\/wp-json\/wp\/v2\/media\/9191"}],"wp:attachment":[{"href":"https:\/\/agora.xtec.cat\/ies-rbiv-cambrils\/wp-json\/wp\/v2\/media?parent=9190"}],"wp:term":[{"taxonomy":"category","embeddable":true,"href":"https:\/\/agora.xtec.cat\/ies-rbiv-cambrils\/wp-json\/wp\/v2\/categories?post=9190"},{"taxonomy":"post_tag","embeddable":true,"href":"https:\/\/agora.xtec.cat\/ies-rbiv-cambrils\/wp-json\/wp\/v2\/tags?post=9190"}],"curies":[{"name":"wp","href":"https:\/\/api.w.org\/{rel}","templated":true}]}}