{"id":841,"date":"2016-04-25T08:03:36","date_gmt":"2016-04-25T07:03:36","guid":{"rendered":"http:\/\/agora.xtec.cat\/ies-rbiv-cambrils\/?p=841"},"modified":"2016-05-11T11:54:59","modified_gmt":"2016-05-11T10:54:59","slug":"viatge-de-final-detapa-de-4rt-deso-a-italia","status":"publish","type":"post","link":"https:\/\/agora.xtec.cat\/ies-rbiv-cambrils\/general\/viatge-de-final-detapa-de-4rt-deso-a-italia\/","title":{"rendered":"Viatge de final d&#8217;etapa de 4rt d&#8217;ESO a It\u00e0lia"},"content":{"rendered":"<p>Com \u00e9s habitual, els alumnes de 4t d\u2019ESO van realitzar el viatge de final de curs a It\u00e0lia dels dies 12 al 17 d\u2019abril del 2106.<br \/>\nVam comen\u00e7ar el viatge a la ciutat de Pisa, concretament a la zona del camp del Miracle on es troba la famosa torre inclinada, \u00e9s a dir, il campanile de la catedral. On els alumnes es van fer el muntatge fotogr\u00e0fic de suportar la torre.<\/p>\n<figure class=\"figure wp-caption aligncenter\"><a href=\"http:\/\/agora.xtec.cat\/ies-rbiv-cambrils\/wp-content\/uploads\/usu79\/2016\/05\/italia1.png\"><img loading=\"lazy\" decoding=\"async\" class=\"size-medium wp-image-843\" src=\"http:\/\/agora.xtec.cat\/ies-rbiv-cambrils\/wp-content\/uploads\/usu79\/2016\/05\/italia1-243x300.png\" alt=\"Torre de Pisa\" width=\"243\" height=\"300\" srcset=\"https:\/\/agora.xtec.cat\/ies-rbiv-cambrils\/wp-content\/uploads\/usu79\/2016\/05\/italia1-243x300.png 243w, https:\/\/agora.xtec.cat\/ies-rbiv-cambrils\/wp-content\/uploads\/usu79\/2016\/05\/italia1.png 338w\" sizes=\"auto, (max-width: 243px) 100vw, 243px\" \/><\/a><figcaption class=\"wp-caption-text\">Torre de Pisa<\/figcaption><\/figure>\n<figure class=\"figure wp-caption alignleft\"><a href=\"http:\/\/agora.xtec.cat\/ies-rbiv-cambrils\/wp-content\/uploads\/usu79\/2016\/05\/italia.png\"><img loading=\"lazy\" decoding=\"async\" class=\"wp-image-842 size-thumbnail\" src=\"http:\/\/agora.xtec.cat\/ies-rbiv-cambrils\/wp-content\/uploads\/usu79\/2016\/05\/italia-150x150.png\" alt=\"Mapa Italia\" width=\"150\" height=\"150\" \/><\/a><figcaption class=\"wp-caption-text\">Mapa Italia<\/figcaption><\/figure>\n<p>A la tarda vam arribar a Flor\u00e8ncia, ciutat que tota sencera \u00e9s un veritable museu. Passejant pels carrers a la nit, ens semblava que en girar un cant\u00f3 ens trobar\u00edem Miquel \u00c0ngel o Leonardo; tota la ciutat respira el mecenatge dels M\u00e8dicis.<br \/>\nL\u2019endem\u00e0 van continuar el viatge cap a Sant Gimigniano. Des de lluny vam poder apreciar les torres que encara resten de les 72 que tenia la vila.<br \/>\nDespr\u00e9s vam visitar Siena, que segons algunes persones \u00e9s considerada la joia d\u2019It\u00e0lia. Ens va sorprendre la forma tan peculiar de la seva pla\u00e7a i la festa del Palio, que se celebra dues vegades a l\u2019any.<br \/>\nVam deixar per al final la ciutat de Roma, la qual ens va esgotar i enlluernar per la quantitat d\u2019edificis considerats obres d\u2019art que vam poder veure, des de l\u2019Esgl\u00e9sia de San Carlos Quatro Fontane, el Pante\u00f3, la Fontana de Trevi, la pla\u00e7a Narbona, el Colisseu, l\u2019Arc de Constant\u00ed i els Museus del Vatic\u00e0 amb les obres com el Lacoont, l\u2019Apoxiomen, la Capella Sixtina, i la Bas\u00edlica de Sant Pere.<br \/>\nPer\u00f2 tamb\u00e9 a la nit vam poder gaudir de l\u2019ambient al barri del Trastevere.<\/p>\n<figure class=\"figure wp-caption aligncenter\"><a href=\"http:\/\/agora.xtec.cat\/ies-rbiv-cambrils\/wp-content\/uploads\/usu79\/2016\/05\/italia2.png\"><img loading=\"lazy\" decoding=\"async\" class=\"size-full wp-image-845\" src=\"http:\/\/agora.xtec.cat\/ies-rbiv-cambrils\/wp-content\/uploads\/usu79\/2016\/05\/italia2.png\" alt=\"Participants de l'activitat\" width=\"663\" height=\"450\" srcset=\"https:\/\/agora.xtec.cat\/ies-rbiv-cambrils\/wp-content\/uploads\/usu79\/2016\/05\/italia2.png 663w, https:\/\/agora.xtec.cat\/ies-rbiv-cambrils\/wp-content\/uploads\/usu79\/2016\/05\/italia2-300x204.png 300w\" sizes=\"auto, (max-width: 663px) 100vw, 663px\" \/><\/a><figcaption class=\"wp-caption-text\">Participants de l&#8217;activitat<\/figcaption><\/figure>\n<p>I com a regal de comiat, la tornada cap a Barcelona amb vaixell amb un travessia c\u00f2moda i relaxant, en qu\u00e8 els alumnes van poder posar en pr\u00e0ctica a la discoteca el que havien apr\u00e8s a educaci\u00f3 f\u00edsica, ballant bachata.<br \/>\nEstem satisfets perqu\u00e8 hem aconseguit que aquest viatge contribueixi al fet que els alumnes aprenguin a conviure, a gaudir de l\u2019art i de la festa. Enhorabona a tots per haver contribu\u00eft a fer-lo possible!!!!<\/p>\n<figure class=\"figure wp-caption aligncenter\"><a href=\"http:\/\/agora.xtec.cat\/ies-rbiv-cambrils\/wp-content\/uploads\/usu79\/2016\/05\/itali3.png\"><img loading=\"lazy\" decoding=\"async\" class=\"size-medium wp-image-844\" src=\"http:\/\/agora.xtec.cat\/ies-rbiv-cambrils\/wp-content\/uploads\/usu79\/2016\/05\/itali3-300x209.png\" alt=\"Els professors acompanyant\" width=\"300\" height=\"209\" srcset=\"https:\/\/agora.xtec.cat\/ies-rbiv-cambrils\/wp-content\/uploads\/usu79\/2016\/05\/itali3-300x209.png 300w, https:\/\/agora.xtec.cat\/ies-rbiv-cambrils\/wp-content\/uploads\/usu79\/2016\/05\/itali3.png 510w\" sizes=\"auto, (max-width: 300px) 100vw, 300px\" \/><\/a><figcaption class=\"wp-caption-text\">Els professors acompanyant<\/figcaption><\/figure>\n<p>Des del centre agra\u00efm als professors acompanyants la gran tasca feta.<\/p>\n","protected":false},"excerpt":{"rendered":"<p>Com \u00e9s habitual, els alumnes de 4t d\u2019ESO van realitzar el viatge de final de curs a It\u00e0lia dels dies 12 al 17 d\u2019abril del 2106.<br \/>\nVam comen\u00e7ar el viatge a la ciutat de Pisa, concretament a la zona del camp del Miracle on es troba&hellip;  <a href=\"https:\/\/agora.xtec.cat\/ies-rbiv-cambrils\/general\/viatge-de-final-detapa-de-4rt-deso-a-italia\/\" title=\"Read Viatge de final d&#8217;etapa de 4rt d&#8217;ESO a It\u00e0lia\">Llegeix m\u00e9s\u00bb<\/a><\/p>\n","protected":false},"author":5,"featured_media":842,"comment_status":"open","ping_status":"open","sticky":false,"template":"","format":"standard","meta":{"_bbp_topic_count":0,"_bbp_reply_count":0,"_bbp_total_topic_count":0,"_bbp_total_reply_count":0,"_bbp_voice_count":0,"_bbp_anonymous_reply_count":0,"_bbp_topic_count_hidden":0,"_bbp_reply_count_hidden":0,"_bbp_forum_subforum_count":0,"footnotes":""},"categories":[7,1,29],"tags":[],"class_list":["post-841","post","type-post","status-publish","format-standard","has-post-thumbnail","hentry","category-eso-4","category-general","category-portada"],"post_mailing_queue_ids":[],"_links":{"self":[{"href":"https:\/\/agora.xtec.cat\/ies-rbiv-cambrils\/wp-json\/wp\/v2\/posts\/841","targetHints":{"allow":["GET"]}}],"collection":[{"href":"https:\/\/agora.xtec.cat\/ies-rbiv-cambrils\/wp-json\/wp\/v2\/posts"}],"about":[{"href":"https:\/\/agora.xtec.cat\/ies-rbiv-cambrils\/wp-json\/wp\/v2\/types\/post"}],"author":[{"embeddable":true,"href":"https:\/\/agora.xtec.cat\/ies-rbiv-cambrils\/wp-json\/wp\/v2\/users\/5"}],"replies":[{"embeddable":true,"href":"https:\/\/agora.xtec.cat\/ies-rbiv-cambrils\/wp-json\/wp\/v2\/comments?post=841"}],"version-history":[{"count":1,"href":"https:\/\/agora.xtec.cat\/ies-rbiv-cambrils\/wp-json\/wp\/v2\/posts\/841\/revisions"}],"predecessor-version":[{"id":846,"href":"https:\/\/agora.xtec.cat\/ies-rbiv-cambrils\/wp-json\/wp\/v2\/posts\/841\/revisions\/846"}],"wp:featuredmedia":[{"embeddable":true,"href":"https:\/\/agora.xtec.cat\/ies-rbiv-cambrils\/wp-json\/wp\/v2\/media\/842"}],"wp:attachment":[{"href":"https:\/\/agora.xtec.cat\/ies-rbiv-cambrils\/wp-json\/wp\/v2\/media?parent=841"}],"wp:term":[{"taxonomy":"category","embeddable":true,"href":"https:\/\/agora.xtec.cat\/ies-rbiv-cambrils\/wp-json\/wp\/v2\/categories?post=841"},{"taxonomy":"post_tag","embeddable":true,"href":"https:\/\/agora.xtec.cat\/ies-rbiv-cambrils\/wp-json\/wp\/v2\/tags?post=841"}],"curies":[{"name":"wp","href":"https:\/\/api.w.org\/{rel}","templated":true}]}}