{"id":758,"date":"2016-03-13T19:40:44","date_gmt":"2016-03-13T18:40:44","guid":{"rendered":"http:\/\/agora.xtec.cat\/ies-rbiv-cambrils\/?p=758"},"modified":"2016-05-11T10:32:27","modified_gmt":"2016-05-11T09:32:27","slug":"care-santos-a-linstitut-ramon-berenguer-iv","status":"publish","type":"post","link":"https:\/\/agora.xtec.cat\/ies-rbiv-cambrils\/general\/care-santos-a-linstitut-ramon-berenguer-iv\/","title":{"rendered":"Care Santos a l\u2019Institut Ramon Berenguer IV"},"content":{"rendered":"<h4>Col\u00b7loqui amb la guanyadora del Premi Edeb\u00e9 de Literatura Juvenil 2015<\/h4>\n<p>\u201cPer escriure cal anar amb les orelles ben obertes\u201d<\/p>\n<p>L\u2019escriptora Care Santos ha tornat al Ramon Berenguer IV -ja havia visitat l\u2019institut el maig de 2013- per parlar de la seves darreres novel\u00b7les amb els estudiants de 2n i 3r d\u2019ESO.<\/p>\n<p>En el marc de l\u2019activitat Autors a les aules de la Instituci\u00f3 de les lletres catalanes i finan\u00e7ada pel Departament de cultura de la Generalitat de Catalunya, la novel\u00b7lista ha parlat a l\u2019alumnat de 2n d\u2019ESO de les obres que han llegit aquest trimestre <em>Els ulls del llop<\/em>, <em>Demana\u2019m la lluna<\/em>\u00a0i especialment del Premi Edeb\u00e9 de Literatura Juvenil 2015, l\u2019exitosa <em>Mentida, <\/em>dins l&#8217;assignatura de catal\u00e0.<\/p>\n<p><a href=\"http:\/\/agora.xtec.cat\/ies-rbiv-cambrils\/wp-content\/uploads\/usu79\/2016\/03\/2016-03-11-124048_498x280_scrot.png\"><img loading=\"lazy\" decoding=\"async\" class=\"aligncenter wp-image-760 size-full\" src=\"http:\/\/agora.xtec.cat\/ies-rbiv-cambrils\/wp-content\/uploads\/usu79\/2016\/03\/2016-03-11-124048_498x280_scrot.png\" alt=\"Care Santos\" width=\"498\" height=\"280\" srcset=\"https:\/\/agora.xtec.cat\/ies-rbiv-cambrils\/wp-content\/uploads\/usu79\/2016\/03\/2016-03-11-124048_498x280_scrot.png 498w, https:\/\/agora.xtec.cat\/ies-rbiv-cambrils\/wp-content\/uploads\/usu79\/2016\/03\/2016-03-11-124048_498x280_scrot-300x169.png 300w\" sizes=\"auto, (max-width: 498px) 100vw, 498px\" \/><\/a>Santos ha iniciat l\u2019acte explicant als estudiants d\u2019on va sorgir la necessitat d\u2019escriure <em>Els ulls del llop<\/em>\u00a0i tamb\u00e9 <em>Mentida<\/em>, dues de les novel\u00b7les que havien triat. Despr\u00e9s d\u2019aquest breu pre\u00e0mbul, els lectors de 2n d\u2019ESO li han preguntat tant q\u00fcestions concretes sobre aquestes obres com tamb\u00e9 sobre l\u2019experi\u00e8ncia d\u2019escriure en general.\u00a0 Ens ha revelat, per exemple, que escriu des dels vuit anys perqu\u00e8 a casa seva hi havia molts llibres i sempre havia vist escriure i llegir als seus pares. Que escriure, malgrat que t\u00e9 pros i contres, la fa molt feli\u00e7 i que per fer-ho va sempre amb les orelles i els ulls ben oberts i que porta a la seva bossa un quadern per anotar el que sigui. Tamb\u00e9 ha parlat de la premsa i de l\u2019actualitat, del que passa al nostre voltant com una font inesgotable d\u2019inspiraci\u00f3 per a les seves hist\u00f2ries, ja que molts dels comen\u00e7aments de les seves novel\u00b7les sorgeixen precisament del que hi llegeix. Ha matisat que no pret\u00e9n ensenyar res ni alli\u00e7onar ning\u00fa, el que vol amb les seves narracions \u00e9s arribar als lectors a trav\u00e9s de les emocions i que quan tanquem el llibre dediquem uns minuts a pensar en el que hem llegit.<\/p>\n<p>En una segona sessi\u00f3 ha dialogat amb l\u2019alumnat de 3r que havia llegit i treballat la novel\u00b7la <em>Mentira<\/em>\u00a0en la mat\u00e8ria de llengua castellana. Als de 3r els ha explicat com va documentar-se per escriure aquesta novel\u00b7la: el centre de reclusi\u00f3 de menors que va visitar, els delinq\u00fcents menors que va con\u00e8ixer, els casos que havia llegit a la premsa&#8230; De fet, la teoria ja la coneixia prou b\u00e9, perqu\u00e8 ella va estudiar Dret.\u00a0<em>Mentida<\/em>\u00a0va ser escrita originalment en catal\u00e0 i tradu\u00efda posteriorment al castell\u00e0 per l\u2019autora, cosa que fa sempre indiferentment de la llengua en qu\u00e8 estigui escrita, Santos \u00e9s l\u2019autora i la seva pr\u00f2pia traductora. Tal com ha manifestat: <em>\u201cV<\/em>isc en un embolic idiom\u00e0tic, les dues lleng\u00fces s\u00f3n meves<em>\u201d.<\/em><\/p>\n<figure class=\"figure wp-caption aligncenter\"><a href=\"http:\/\/agora.xtec.cat\/ies-rbiv-cambrils\/wp-content\/uploads\/usu79\/2016\/03\/2016-03-11-124058_558x311_scrot.png\"><img loading=\"lazy\" decoding=\"async\" class=\"wp-image-761 size-full\" src=\"http:\/\/agora.xtec.cat\/ies-rbiv-cambrils\/wp-content\/uploads\/usu79\/2016\/03\/2016-03-11-124058_558x311_scrot.png\" alt=\"\u201cNo s\u00e9 qu\u00e8 \u00e9s no tenir idees: sempre estic escrivint alguna cosa i pensant-ne tres o quatre\u201d \u2013ha dit.\" width=\"558\" height=\"311\" srcset=\"https:\/\/agora.xtec.cat\/ies-rbiv-cambrils\/wp-content\/uploads\/usu79\/2016\/03\/2016-03-11-124058_558x311_scrot.png 558w, https:\/\/agora.xtec.cat\/ies-rbiv-cambrils\/wp-content\/uploads\/usu79\/2016\/03\/2016-03-11-124058_558x311_scrot-300x167.png 300w\" sizes=\"auto, (max-width: 558px) 100vw, 558px\" \/><\/a><figcaption class=\"wp-caption-text\">\u201cNo s\u00e9 qu\u00e8 \u00e9s no tenir idees: sempre estic escrivint alguna cosa i pensant-ne tres o quatre\u201d \u2013ha dit.<\/figcaption><\/figure>\n<p>Les novel\u00b7les de Care Santos ja havien despertat molt inter\u00e8s entre els nostres alumnes aquests darrers mesos. Avui amb la seva amabilitat, les seves interessants reflexions sobre literatura, l\u2019amor a l\u2019ofici i tamb\u00e9 gr\u00e0cies a les an\u00e8cdotes divertides que ha compartit amb nosaltres ha obtingut l\u2019admiraci\u00f3 d\u2019estudiants i professorat captivats per un tarann\u00e0 tan proper i que han expressat amb aplaudiments entusiastes les ganes de continuar llegint-la.<\/p>\n<figure class=\"figure wp-caption aligncenter\"><a href=\"http:\/\/agora.xtec.cat\/ies-rbiv-cambrils\/wp-content\/uploads\/usu79\/2016\/03\/2016-03-11-124108_477x258_scrot.png\"><img loading=\"lazy\" decoding=\"async\" class=\"size-full wp-image-762\" src=\"http:\/\/agora.xtec.cat\/ies-rbiv-cambrils\/wp-content\/uploads\/usu79\/2016\/03\/2016-03-11-124108_477x258_scrot.png\" alt=\"El moment esperat de la signatura\" width=\"477\" height=\"258\" srcset=\"https:\/\/agora.xtec.cat\/ies-rbiv-cambrils\/wp-content\/uploads\/usu79\/2016\/03\/2016-03-11-124108_477x258_scrot.png 477w, https:\/\/agora.xtec.cat\/ies-rbiv-cambrils\/wp-content\/uploads\/usu79\/2016\/03\/2016-03-11-124108_477x258_scrot-300x162.png 300w\" sizes=\"auto, (max-width: 477px) 100vw, 477px\" \/><\/a><figcaption class=\"wp-caption-text\">El moment esperat de la signatura<\/figcaption><\/figure>\n<p><em>\u00a0Feedback:<a href=\"http:\/\/www.revistacambrils.cat\/index.php?c_noticia=20828\"> http:\/\/www.revistacambrils.cat\/index.php?c_noticia=20828<\/a><br \/>\n<\/em><\/p>\n","protected":false},"excerpt":{"rendered":"<p>Col\u00b7loqui amb la guanyadora del Premi Edeb\u00e9 de Literatura Juvenil 2015<br \/>\n\u201cPer escriure cal anar amb les orelles ben obertes\u201d<br \/>\nL\u2019escriptora Care Santos ha tornat al Ramon Berenguer IV -ja havia visitat l\u2019institut el maig de 2013- per parlar de la seves darreres novel\u00b7les amb els estudiants&hellip;  <a href=\"https:\/\/agora.xtec.cat\/ies-rbiv-cambrils\/general\/care-santos-a-linstitut-ramon-berenguer-iv\/\" title=\"Read Care Santos a l\u2019Institut Ramon Berenguer IV\">Llegeix m\u00e9s\u00bb<\/a><\/p>\n","protected":false},"author":5,"featured_media":761,"comment_status":"open","ping_status":"open","sticky":false,"template":"","format":"standard","meta":{"_bbp_topic_count":0,"_bbp_reply_count":0,"_bbp_total_topic_count":0,"_bbp_total_reply_count":0,"_bbp_voice_count":0,"_bbp_anonymous_reply_count":0,"_bbp_topic_count_hidden":0,"_bbp_reply_count_hidden":0,"_bbp_forum_subforum_count":0,"footnotes":""},"categories":[3,1,29],"tags":[],"class_list":["post-758","post","type-post","status-publish","format-standard","has-post-thumbnail","hentry","category-eso","category-general","category-portada"],"post_mailing_queue_ids":[],"_links":{"self":[{"href":"https:\/\/agora.xtec.cat\/ies-rbiv-cambrils\/wp-json\/wp\/v2\/posts\/758","targetHints":{"allow":["GET"]}}],"collection":[{"href":"https:\/\/agora.xtec.cat\/ies-rbiv-cambrils\/wp-json\/wp\/v2\/posts"}],"about":[{"href":"https:\/\/agora.xtec.cat\/ies-rbiv-cambrils\/wp-json\/wp\/v2\/types\/post"}],"author":[{"embeddable":true,"href":"https:\/\/agora.xtec.cat\/ies-rbiv-cambrils\/wp-json\/wp\/v2\/users\/5"}],"replies":[{"embeddable":true,"href":"https:\/\/agora.xtec.cat\/ies-rbiv-cambrils\/wp-json\/wp\/v2\/comments?post=758"}],"version-history":[{"count":3,"href":"https:\/\/agora.xtec.cat\/ies-rbiv-cambrils\/wp-json\/wp\/v2\/posts\/758\/revisions"}],"predecessor-version":[{"id":990,"href":"https:\/\/agora.xtec.cat\/ies-rbiv-cambrils\/wp-json\/wp\/v2\/posts\/758\/revisions\/990"}],"wp:featuredmedia":[{"embeddable":true,"href":"https:\/\/agora.xtec.cat\/ies-rbiv-cambrils\/wp-json\/wp\/v2\/media\/761"}],"wp:attachment":[{"href":"https:\/\/agora.xtec.cat\/ies-rbiv-cambrils\/wp-json\/wp\/v2\/media?parent=758"}],"wp:term":[{"taxonomy":"category","embeddable":true,"href":"https:\/\/agora.xtec.cat\/ies-rbiv-cambrils\/wp-json\/wp\/v2\/categories?post=758"},{"taxonomy":"post_tag","embeddable":true,"href":"https:\/\/agora.xtec.cat\/ies-rbiv-cambrils\/wp-json\/wp\/v2\/tags?post=758"}],"curies":[{"name":"wp","href":"https:\/\/api.w.org\/{rel}","templated":true}]}}