{"id":596,"date":"2016-02-17T11:30:55","date_gmt":"2016-02-17T10:30:55","guid":{"rendered":"http:\/\/agora.xtec.cat\/ies-rbiv-cambrils\/?p=596"},"modified":"2016-02-17T12:05:50","modified_gmt":"2016-02-17T11:05:50","slug":"concurs-de-fotografia-matematico-literaria","status":"publish","type":"post","link":"https:\/\/agora.xtec.cat\/ies-rbiv-cambrils\/general\/concurs-de-fotografia-matematico-literaria\/","title":{"rendered":"Concurs de fotografia matem\u00e0tico-liter\u00e0ria"},"content":{"rendered":"<p>El Departament de Matem\u00e0tiques de l&#8217;institut convoca per tots els alumnes del centre la primera edici\u00f3 del &#8220;<strong>Concurs de fotografia matem\u00e0tica<\/strong>&#8220;, un concurs que tracta d&#8217;incloure, tamb\u00e9, <strong>la literatura<\/strong>.<\/p>\n<p>En <a href=\"http:\/\/matematiquesrbiv.blogspot.com.es\/2016\/01\/concurs-de-fotografia-matematica.html\" target=\"_blank\">aquest enlla\u00e7<\/a> podeu consultar les bases.<\/p>\n<p>Animeu-vos a participar!<\/p>\n<p><a href=\"http:\/\/agora.xtec.cat\/ies-rbiv-cambrils\/wp-content\/uploads\/usu79\/2016\/02\/CONCURS_FOTOGRAFIA.jpg\"><img loading=\"lazy\" decoding=\"async\" class=\" size-full wp-image-597 aligncenter\" src=\"http:\/\/agora.xtec.cat\/ies-rbiv-cambrils\/wp-content\/uploads\/usu79\/2016\/02\/CONCURS_FOTOGRAFIA.jpg\" alt=\"CONCURS_FOTOGRAFIA\" width=\"385\" height=\"257\" srcset=\"https:\/\/agora.xtec.cat\/ies-rbiv-cambrils\/wp-content\/uploads\/usu79\/2016\/02\/CONCURS_FOTOGRAFIA.jpg 385w, https:\/\/agora.xtec.cat\/ies-rbiv-cambrils\/wp-content\/uploads\/usu79\/2016\/02\/CONCURS_FOTOGRAFIA-300x200.jpg 300w\" sizes=\"auto, (max-width: 385px) 100vw, 385px\" \/><\/a><\/p>\n","protected":false},"excerpt":{"rendered":"<p>El Departament de Matem\u00e0tiques de l&#8217;institut convoca per tots els alumnes del centre la primera edici\u00f3 del &#8220;Concurs de fotografia matem\u00e0tica&#8220;, un concurs que tracta d&#8217;incloure, tamb\u00e9, la literatura.<br \/>\nEn <a href=\"http:\/\/matematiquesrbiv.blogspot.com.es\/2016\/01\/concurs-de-fotografia-matematica.html\" target=\"_blank\">aquest enlla\u00e7<\/a> podeu consultar les bases.<br \/>\nAnimeu-vos a participar!<br \/>\n<a href=\"http:\/\/agora.xtec.cat\/ies-rbiv-cambrils\/wp-content\/uploads\/usu79\/2016\/02\/CONCURS_FOTOGRAFIA.jpg\"><\/a><\/p>\n","protected":false},"author":234,"featured_media":597,"comment_status":"open","ping_status":"open","sticky":false,"template":"","format":"standard","meta":{"_bbp_topic_count":0,"_bbp_reply_count":0,"_bbp_total_topic_count":0,"_bbp_total_reply_count":0,"_bbp_voice_count":0,"_bbp_anonymous_reply_count":0,"_bbp_topic_count_hidden":0,"_bbp_reply_count_hidden":0,"_bbp_forum_subforum_count":0,"footnotes":""},"categories":[1,29],"tags":[],"class_list":["post-596","post","type-post","status-publish","format-standard","has-post-thumbnail","hentry","category-general","category-portada"],"post_mailing_queue_ids":[],"_links":{"self":[{"href":"https:\/\/agora.xtec.cat\/ies-rbiv-cambrils\/wp-json\/wp\/v2\/posts\/596","targetHints":{"allow":["GET"]}}],"collection":[{"href":"https:\/\/agora.xtec.cat\/ies-rbiv-cambrils\/wp-json\/wp\/v2\/posts"}],"about":[{"href":"https:\/\/agora.xtec.cat\/ies-rbiv-cambrils\/wp-json\/wp\/v2\/types\/post"}],"author":[{"embeddable":true,"href":"https:\/\/agora.xtec.cat\/ies-rbiv-cambrils\/wp-json\/wp\/v2\/users\/234"}],"replies":[{"embeddable":true,"href":"https:\/\/agora.xtec.cat\/ies-rbiv-cambrils\/wp-json\/wp\/v2\/comments?post=596"}],"version-history":[{"count":2,"href":"https:\/\/agora.xtec.cat\/ies-rbiv-cambrils\/wp-json\/wp\/v2\/posts\/596\/revisions"}],"predecessor-version":[{"id":599,"href":"https:\/\/agora.xtec.cat\/ies-rbiv-cambrils\/wp-json\/wp\/v2\/posts\/596\/revisions\/599"}],"wp:featuredmedia":[{"embeddable":true,"href":"https:\/\/agora.xtec.cat\/ies-rbiv-cambrils\/wp-json\/wp\/v2\/media\/597"}],"wp:attachment":[{"href":"https:\/\/agora.xtec.cat\/ies-rbiv-cambrils\/wp-json\/wp\/v2\/media?parent=596"}],"wp:term":[{"taxonomy":"category","embeddable":true,"href":"https:\/\/agora.xtec.cat\/ies-rbiv-cambrils\/wp-json\/wp\/v2\/categories?post=596"},{"taxonomy":"post_tag","embeddable":true,"href":"https:\/\/agora.xtec.cat\/ies-rbiv-cambrils\/wp-json\/wp\/v2\/tags?post=596"}],"curies":[{"name":"wp","href":"https:\/\/api.w.org\/{rel}","templated":true}]}}