{"id":3755,"date":"2017-06-02T10:59:24","date_gmt":"2017-06-02T08:59:24","guid":{"rendered":"http:\/\/agora.xtec.cat\/ies-rbiv-cambrils\/?p=3755"},"modified":"2017-06-05T14:06:01","modified_gmt":"2017-06-05T12:06:01","slug":"aixo-tambe-sapren-a-linstitut","status":"publish","type":"post","link":"https:\/\/agora.xtec.cat\/ies-rbiv-cambrils\/eso\/eso-3\/aixo-tambe-sapren-a-linstitut\/","title":{"rendered":"Aix\u00f2 tamb\u00e8 s&#8217;apr\u00e8n a l&#8217;Institut"},"content":{"rendered":"\r\n\t<div class=\"slideshow_container slideshow_container_style-light\" style=\"height: 500px; \" data-slideshow-id=\"3766\" data-style-name=\"style-light\" data-style-version=\"2.3.1\" >\r\n\r\n\t\t\t\t\t<div class=\"slideshow_loading_icon\"><\/div>\r\n\t\t\r\n\t\t<div class=\"slideshow_content\" style=\"display: none;\">\r\n\r\n\t\t\t<div class=\"slideshow_view\">\r\n\t\t\t\t<div class=\"slideshow_slide slideshow_slide_image\">\r\n\t\t\t\t\t\t\t\t\t\t\t<img src=\"https:\/\/agora.xtec.cat\/ies-rbiv-cambrils\/wp-content\/uploads\/usu79\/2017\/06\/IMG_20170602_130056.jpg\" alt=\"IMG_20170602_130056\" width=\"640\" height=\"480\" \/>\r\n\t\t\t\t\t\t\t\t\t\t<div class=\"slideshow_description_box slideshow_transparent\">\r\n\t\t\t\t\t\t<div class=\"slideshow_title\">IMG_20170602_130056<\/div>\t\t\t\t\t\t\t\t\t\t\t<\/div>\r\n\t\t\t\t<\/div>\r\n\r\n\t\t\t\t\t\t<div style=\"clear: both;\"><\/div><\/div><div class=\"slideshow_view\">\r\n\t\t\t\t<div class=\"slideshow_slide slideshow_slide_image\">\r\n\t\t\t\t\t\t\t\t\t\t\t<img src=\"https:\/\/agora.xtec.cat\/ies-rbiv-cambrils\/wp-content\/uploads\/usu79\/2017\/06\/IMG_20170602_121912.jpg\" alt=\"IMG_20170602_121912\" width=\"640\" height=\"480\" \/>\r\n\t\t\t\t\t\t\t\t\t\t<div class=\"slideshow_description_box slideshow_transparent\">\r\n\t\t\t\t\t\t<div class=\"slideshow_title\">IMG_20170602_121912<\/div>\t\t\t\t\t\t\t\t\t\t\t<\/div>\r\n\t\t\t\t<\/div>\r\n\r\n\t\t\t\t\t\t<div style=\"clear: both;\"><\/div><\/div><div class=\"slideshow_view\">\r\n\t\t\t\t<div class=\"slideshow_slide slideshow_slide_image\">\r\n\t\t\t\t\t\t\t\t\t\t\t<img src=\"https:\/\/agora.xtec.cat\/ies-rbiv-cambrils\/wp-content\/uploads\/usu79\/2017\/06\/IMG_20170530_124902.jpg\" alt=\"IMG_20170530_124902\" width=\"480\" height=\"640\" \/>\r\n\t\t\t\t\t\t\t\t\t\t<div class=\"slideshow_description_box slideshow_transparent\">\r\n\t\t\t\t\t\t<div class=\"slideshow_title\">IMG_20170530_124902<\/div>\t\t\t\t\t\t\t\t\t\t\t<\/div>\r\n\t\t\t\t<\/div>\r\n\r\n\t\t\t\t\t\t<div style=\"clear: both;\"><\/div><\/div><div class=\"slideshow_view\">\r\n\t\t\t\t<div class=\"slideshow_slide slideshow_slide_image\">\r\n\t\t\t\t\t\t\t\t\t\t\t<img src=\"https:\/\/agora.xtec.cat\/ies-rbiv-cambrils\/wp-content\/uploads\/usu79\/2017\/06\/IMG_20170530_122112.jpg\" alt=\"IMG_20170530_122112\" width=\"640\" height=\"480\" \/>\r\n\t\t\t\t\t\t\t\t\t\t<div class=\"slideshow_description_box slideshow_transparent\">\r\n\t\t\t\t\t\t<div class=\"slideshow_title\">IMG_20170530_122112<\/div>\t\t\t\t\t\t\t\t\t\t\t<\/div>\r\n\t\t\t\t<\/div>\r\n\r\n\t\t\t\t\t\t<div style=\"clear: both;\"><\/div><\/div>\r\n\t\t<\/div>\r\n\r\n\t\t<div class=\"slideshow_controlPanel slideshow_transparent\" style=\"display: none;\"><ul><li class=\"slideshow_togglePlay\" data-play-text=\"Visualitza\" data-pause-text=\"Pausa\"><\/li><\/ul><\/div>\r\n\r\n\t\t<div class=\"slideshow_button slideshow_previous slideshow_transparent\" role=\"button\" data-previous-text=\"Anterior\" style=\"display: none;\"><\/div>\r\n\t\t<div class=\"slideshow_button slideshow_next slideshow_transparent\" role=\"button\" data-next-text=\"Seg\u00fcent\" style=\"display: none;\"><\/div>\r\n\r\n\t\t<div class=\"slideshow_pagination\" style=\"display: none;\" data-go-to-text=\"V\u00e9s a la diapositiva\"><div class=\"slideshow_pagination_center\"><\/div><\/div>\r\n\r\n\t\t<!-- WordPress Slideshow Version 2.3.1 -->\r\n\r\n\t\t\t<\/div>\r\n\r\n\n<p>Un any m\u00e9s, els alumnes de l&#8217;Institut Ramon Berenguer IV han compartit dues hores cada setmana amb els avis de la Resid\u00e8ncia Baix Camp. Aquest intercanvi d&#8217;experi\u00e8ncies ha fet que s&#8217;enriquissin tant els avis com els nens. Han estat moltes hores passejant, jugant, xerrant\u2026 per\u00f2, sobretot, gaudint de la companyia m\u00fatua.<\/p>\n<p>Tots els dimarts i tots els dijous des de setembre, a les dotze en punt, els alumnes de l\u2019Institut s\u2019encaminen cap a la Resid\u00e8ncia per veure els seus estimats avis. Amb ells han apr\u00e8s hist\u00f2ries del passat, can\u00e7ons de quan s\u2019anava a treballar al camp o a la mar, infanteses que s\u2019acabaven massa aviat\u2026<\/p>\n<p>Aquesta ha estat l&#8217;\u00faltima setmana que hi han anat, els avis els han lliurat un diploma, per\u00f2 els alumnes s&#8217;emporten molt m\u00e9s i \u00e9s que aquesta experi\u00e8ncia \u00e9s dif\u00edcil d&#8217;explicar, s&#8217;ha de viure. La festa ha acabat amb abra\u00e7ades i petons. Els alumnes, n&#8217;estem ben segurs, han apr\u00e8s una lli\u00e7\u00f3 de vida inoblidable que els marcar\u00e0.<\/p>\n<p>&nbsp;<\/p>\n<p>Pots veure m\u00e9s fotos en<\/p>\n<p><a href=\"http:\/\/agora.xtec.cat\/ies-rbiv-cambrils\/wp-content\/uploads\/usu79\/2017\/03\/googlefotos.png\"><img loading=\"lazy\" decoding=\"async\" class=\"alignleft wp-image-3101\" src=\"http:\/\/agora.xtec.cat\/ies-rbiv-cambrils\/wp-content\/uploads\/usu79\/2017\/03\/googlefotos-150x150.png\" alt=\"googlefotos\" width=\"80\" height=\"80\" \/><\/a><\/p>\n<p>&nbsp;<\/p>\n<p><a href=\"https:\/\/goo.gl\/photos\/xYhfJuPpw1mdP8Kx9\">https:\/\/goo.gl\/photos\/xYhfJuPpw1mdP8Kx9<\/a><\/p>\n","protected":false},"excerpt":{"rendered":"<p>Un any m\u00e9s, els alumnes de l&#8217;Institut Ramon Berenguer IV han compartit dues hores cada setmana amb els avis de la Resid\u00e8ncia Baix Camp. Aquest intercanvi d&#8217;experi\u00e8ncies ha fet que s&#8217;enriquissin tant els avis com els nens. Han estat moltes hores passejant, jugant, xerrant\u2026 per\u00f2, sobretot, gaudint de la companyia m\u00fatua.&hellip;  <a href=\"https:\/\/agora.xtec.cat\/ies-rbiv-cambrils\/eso\/eso-3\/aixo-tambe-sapren-a-linstitut\/\" title=\"Read Aix\u00f2 tamb\u00e8 s&#8217;apr\u00e8n a l&#8217;Institut\">Llegeix m\u00e9s\u00bb<\/a><\/p>\n","protected":false},"author":62,"featured_media":3756,"comment_status":"open","ping_status":"closed","sticky":false,"template":"","format":"standard","meta":{"_bbp_topic_count":0,"_bbp_reply_count":0,"_bbp_total_topic_count":0,"_bbp_total_reply_count":0,"_bbp_voice_count":0,"_bbp_anonymous_reply_count":0,"_bbp_topic_count_hidden":0,"_bbp_reply_count_hidden":0,"_bbp_forum_subforum_count":0,"footnotes":""},"categories":[6,19,20,21,29],"tags":[],"class_list":["post-3755","post","type-post","status-publish","format-standard","has-post-thumbnail","hentry","category-eso-3","category-eso-3a","category-eso-3b","category-eso-3c","category-portada"],"post_mailing_queue_ids":[],"_links":{"self":[{"href":"https:\/\/agora.xtec.cat\/ies-rbiv-cambrils\/wp-json\/wp\/v2\/posts\/3755","targetHints":{"allow":["GET"]}}],"collection":[{"href":"https:\/\/agora.xtec.cat\/ies-rbiv-cambrils\/wp-json\/wp\/v2\/posts"}],"about":[{"href":"https:\/\/agora.xtec.cat\/ies-rbiv-cambrils\/wp-json\/wp\/v2\/types\/post"}],"author":[{"embeddable":true,"href":"https:\/\/agora.xtec.cat\/ies-rbiv-cambrils\/wp-json\/wp\/v2\/users\/62"}],"replies":[{"embeddable":true,"href":"https:\/\/agora.xtec.cat\/ies-rbiv-cambrils\/wp-json\/wp\/v2\/comments?post=3755"}],"version-history":[{"count":3,"href":"https:\/\/agora.xtec.cat\/ies-rbiv-cambrils\/wp-json\/wp\/v2\/posts\/3755\/revisions"}],"predecessor-version":[{"id":3776,"href":"https:\/\/agora.xtec.cat\/ies-rbiv-cambrils\/wp-json\/wp\/v2\/posts\/3755\/revisions\/3776"}],"wp:featuredmedia":[{"embeddable":true,"href":"https:\/\/agora.xtec.cat\/ies-rbiv-cambrils\/wp-json\/wp\/v2\/media\/3756"}],"wp:attachment":[{"href":"https:\/\/agora.xtec.cat\/ies-rbiv-cambrils\/wp-json\/wp\/v2\/media?parent=3755"}],"wp:term":[{"taxonomy":"category","embeddable":true,"href":"https:\/\/agora.xtec.cat\/ies-rbiv-cambrils\/wp-json\/wp\/v2\/categories?post=3755"},{"taxonomy":"post_tag","embeddable":true,"href":"https:\/\/agora.xtec.cat\/ies-rbiv-cambrils\/wp-json\/wp\/v2\/tags?post=3755"}],"curies":[{"name":"wp","href":"https:\/\/api.w.org\/{rel}","templated":true}]}}