{"id":3458,"date":"2017-04-20T21:13:50","date_gmt":"2017-04-20T19:13:50","guid":{"rendered":"http:\/\/agora.xtec.cat\/ies-rbiv-cambrils\/?p=3458"},"modified":"2017-04-21T09:34:13","modified_gmt":"2017-04-21T07:34:13","slug":"diada-de-sant-jordi-modificacio-dhorari-habitual","status":"publish","type":"post","link":"https:\/\/agora.xtec.cat\/ies-rbiv-cambrils\/general\/diada-de-sant-jordi-modificacio-dhorari-habitual\/","title":{"rendered":"DIADA DE SANT JORDI: MODIFICACI\u00d3 D&#8217;HORARI HABITUAL"},"content":{"rendered":"<p><a href=\"http:\/\/agora.xtec.cat\/ies-rbiv-cambrils\/wp-content\/uploads\/usu79\/2017\/04\/sant-jorge-1.jpg\"><img loading=\"lazy\" decoding=\"async\" class=\"size-medium wp-image-3460 aligncenter\" src=\"http:\/\/agora.xtec.cat\/ies-rbiv-cambrils\/wp-content\/uploads\/usu79\/2017\/04\/sant-jorge-1-300x175.jpg\" alt=\"sant-jorge\" width=\"300\" height=\"175\" srcset=\"https:\/\/agora.xtec.cat\/ies-rbiv-cambrils\/wp-content\/uploads\/usu79\/2017\/04\/sant-jorge-1-300x175.jpg 300w, https:\/\/agora.xtec.cat\/ies-rbiv-cambrils\/wp-content\/uploads\/usu79\/2017\/04\/sant-jorge-1-768x447.jpg 768w, https:\/\/agora.xtec.cat\/ies-rbiv-cambrils\/wp-content\/uploads\/usu79\/2017\/04\/sant-jorge-1-1024x597.jpg 1024w, https:\/\/agora.xtec.cat\/ies-rbiv-cambrils\/wp-content\/uploads\/usu79\/2017\/04\/sant-jorge-1.jpg 1181w\" sizes=\"auto, (max-width: 300px) 100vw, 300px\" \/><\/a><\/p>\n<p>Amb motiu de la Diada de Sant Jordi, dem\u00e0 gaudirem d&#8217;una jornada liter\u00e0ria amb diferents activitats. Conclourem aquest dia amb el lliurament de premis literaris. \u00c9s per tot aix\u00f2 que <strong>modifiquem el nostre horari<\/strong> habitual i els alumnes sortiran del centre quan acabi l&#8217;acte (14.00-14.30 h., aproximadament)<\/p>\n<p>Bona Diada de Sant Jordi a tothom!<\/p>\n","protected":false},"excerpt":{"rendered":"<p><a href=\"http:\/\/agora.xtec.cat\/ies-rbiv-cambrils\/wp-content\/uploads\/usu79\/2017\/04\/sant-jorge-1.jpg\"><\/a><br \/>\nAmb motiu de la Diada de Sant Jordi, dem\u00e0 gaudirem d&#8217;una jornada liter\u00e0ria amb diferents activitats. Conclourem aquest dia amb el lliurament de premis literaris. \u00c9s per tot aix\u00f2 que modifiquem el nostre horari habitual i els alumnes sortiran del centre quan acabi l&#8217;acte&hellip;  <a href=\"https:\/\/agora.xtec.cat\/ies-rbiv-cambrils\/general\/diada-de-sant-jordi-modificacio-dhorari-habitual\/\" title=\"Read DIADA DE SANT JORDI: MODIFICACI\u00d3 D&#8217;HORARI HABITUAL\">Llegeix m\u00e9s\u00bb<\/a><\/p>\n","protected":false},"author":19,"featured_media":3464,"comment_status":"open","ping_status":"open","sticky":false,"template":"","format":"standard","meta":{"_bbp_topic_count":0,"_bbp_reply_count":0,"_bbp_total_topic_count":0,"_bbp_total_reply_count":0,"_bbp_voice_count":0,"_bbp_anonymous_reply_count":0,"_bbp_topic_count_hidden":0,"_bbp_reply_count_hidden":0,"_bbp_forum_subforum_count":0,"footnotes":""},"categories":[8,3,1,29],"tags":[],"class_list":["post-3458","post","type-post","status-publish","format-standard","has-post-thumbnail","hentry","category-batxillerat","category-eso","category-general","category-portada"],"post_mailing_queue_ids":[],"_links":{"self":[{"href":"https:\/\/agora.xtec.cat\/ies-rbiv-cambrils\/wp-json\/wp\/v2\/posts\/3458","targetHints":{"allow":["GET"]}}],"collection":[{"href":"https:\/\/agora.xtec.cat\/ies-rbiv-cambrils\/wp-json\/wp\/v2\/posts"}],"about":[{"href":"https:\/\/agora.xtec.cat\/ies-rbiv-cambrils\/wp-json\/wp\/v2\/types\/post"}],"author":[{"embeddable":true,"href":"https:\/\/agora.xtec.cat\/ies-rbiv-cambrils\/wp-json\/wp\/v2\/users\/19"}],"replies":[{"embeddable":true,"href":"https:\/\/agora.xtec.cat\/ies-rbiv-cambrils\/wp-json\/wp\/v2\/comments?post=3458"}],"version-history":[{"count":3,"href":"https:\/\/agora.xtec.cat\/ies-rbiv-cambrils\/wp-json\/wp\/v2\/posts\/3458\/revisions"}],"predecessor-version":[{"id":3465,"href":"https:\/\/agora.xtec.cat\/ies-rbiv-cambrils\/wp-json\/wp\/v2\/posts\/3458\/revisions\/3465"}],"wp:featuredmedia":[{"embeddable":true,"href":"https:\/\/agora.xtec.cat\/ies-rbiv-cambrils\/wp-json\/wp\/v2\/media\/3464"}],"wp:attachment":[{"href":"https:\/\/agora.xtec.cat\/ies-rbiv-cambrils\/wp-json\/wp\/v2\/media?parent=3458"}],"wp:term":[{"taxonomy":"category","embeddable":true,"href":"https:\/\/agora.xtec.cat\/ies-rbiv-cambrils\/wp-json\/wp\/v2\/categories?post=3458"},{"taxonomy":"post_tag","embeddable":true,"href":"https:\/\/agora.xtec.cat\/ies-rbiv-cambrils\/wp-json\/wp\/v2\/tags?post=3458"}],"curies":[{"name":"wp","href":"https:\/\/api.w.org\/{rel}","templated":true}]}}