{"id":2315,"date":"2017-01-19T12:29:54","date_gmt":"2017-01-19T11:29:54","guid":{"rendered":"http:\/\/agora.xtec.cat\/ies-rbiv-cambrils\/?p=2315"},"modified":"2017-01-19T12:53:23","modified_gmt":"2017-01-19T11:53:23","slug":"dos-alumnes-de-4t-col%c2%b7laboren-amb-la-biblioteca-de-cambrils","status":"publish","type":"post","link":"https:\/\/agora.xtec.cat\/ies-rbiv-cambrils\/eso\/dos-alumnes-de-4t-col%c2%b7laboren-amb-la-biblioteca-de-cambrils\/","title":{"rendered":"Dos alumnes de 4t col\u00b7laboren amb la Biblioteca de Cambrils"},"content":{"rendered":"<p>La Biblioteca Municipal de Cambrils ha dut a terme una nova iniciativa que implica els centres de secund\u00e0ria de la poblaci\u00f3. Aquesta iniciativa rau en la creaci\u00f3 d&#8217;una comissi\u00f3 formada per dos alumnes de cada institut i el personal de la Biblioteca.<\/p>\n<p>El Jofre Salsench i la S\u00edlvia Cruz de 4t d&#8217;ESO A s\u00f3n els representants de l&#8217;Institut Berenguer IV a la comissi\u00f3 i han comen\u00e7at a participar-hi. La primera acci\u00f3 que han dut a terme \u00e9s una sessi\u00f3 informativa en el seu grup classe dels serveis de la Biblioteca, els usos del carnet i la plataforma digital Augus. A m\u00e9s, s&#8217;aniran reunint peri\u00f2dicament per a dur a terme altres activitats entre les quals assessorar sobre lectures que interessen els joves per tal que la biblioteca les adquireixi.<\/p>\n<p>La Direcci\u00f3 i el professorat estem molt satisfets de la tasca com a voluntaris a la comissi\u00f3 de la Biblioteca Municipal com a representants del nostre institut.<\/p>\n<p>Felicitats, Jofre i S\u00edlvia.<\/p>\n<p><a href=\"http:\/\/agora.xtec.cat\/ies-rbiv-cambrils\/wp-content\/uploads\/usu79\/2017\/01\/IMG-20170117-WA0073-1.jpg\"><img loading=\"lazy\" decoding=\"async\" class=\"alignnone size-large wp-image-2339\" src=\"http:\/\/agora.xtec.cat\/ies-rbiv-cambrils\/wp-content\/uploads\/usu79\/2017\/01\/IMG-20170117-WA0073-1-576x1024.jpg\" alt=\"img-20170117-wa0073\" width=\"576\" height=\"1024\" srcset=\"https:\/\/agora.xtec.cat\/ies-rbiv-cambrils\/wp-content\/uploads\/usu79\/2017\/01\/IMG-20170117-WA0073-1-576x1024.jpg 576w, https:\/\/agora.xtec.cat\/ies-rbiv-cambrils\/wp-content\/uploads\/usu79\/2017\/01\/IMG-20170117-WA0073-1-169x300.jpg 169w, https:\/\/agora.xtec.cat\/ies-rbiv-cambrils\/wp-content\/uploads\/usu79\/2017\/01\/IMG-20170117-WA0073-1.jpg 747w\" sizes=\"auto, (max-width: 576px) 100vw, 576px\" \/><\/a><\/p>\n","protected":false},"excerpt":{"rendered":"<p>La Biblioteca Municipal de Cambrils ha dut a terme una nova iniciativa que implica els centres de secund\u00e0ria de la poblaci\u00f3. Aquesta iniciativa rau en la creaci\u00f3 d&#8217;una comissi\u00f3 formada per dos alumnes de cada institut i el personal de la Biblioteca.<br \/>\nEl Jofre Salsench i&hellip;  <a href=\"https:\/\/agora.xtec.cat\/ies-rbiv-cambrils\/eso\/dos-alumnes-de-4t-col%c2%b7laboren-amb-la-biblioteca-de-cambrils\/\" title=\"Read Dos alumnes de 4t col\u00b7laboren amb la Biblioteca de Cambrils\">Llegeix m\u00e9s\u00bb<\/a><\/p>\n","protected":false},"author":5,"featured_media":2332,"comment_status":"open","ping_status":"open","sticky":false,"template":"","format":"standard","meta":{"_bbp_topic_count":0,"_bbp_reply_count":0,"_bbp_total_topic_count":0,"_bbp_total_reply_count":0,"_bbp_voice_count":0,"_bbp_anonymous_reply_count":0,"_bbp_topic_count_hidden":0,"_bbp_reply_count_hidden":0,"_bbp_forum_subforum_count":0,"footnotes":""},"categories":[3,7,24,29],"tags":[],"class_list":["post-2315","post","type-post","status-publish","format-standard","has-post-thumbnail","hentry","category-eso","category-eso-4","category-eso-4a","category-portada"],"post_mailing_queue_ids":[],"_links":{"self":[{"href":"https:\/\/agora.xtec.cat\/ies-rbiv-cambrils\/wp-json\/wp\/v2\/posts\/2315","targetHints":{"allow":["GET"]}}],"collection":[{"href":"https:\/\/agora.xtec.cat\/ies-rbiv-cambrils\/wp-json\/wp\/v2\/posts"}],"about":[{"href":"https:\/\/agora.xtec.cat\/ies-rbiv-cambrils\/wp-json\/wp\/v2\/types\/post"}],"author":[{"embeddable":true,"href":"https:\/\/agora.xtec.cat\/ies-rbiv-cambrils\/wp-json\/wp\/v2\/users\/5"}],"replies":[{"embeddable":true,"href":"https:\/\/agora.xtec.cat\/ies-rbiv-cambrils\/wp-json\/wp\/v2\/comments?post=2315"}],"version-history":[{"count":3,"href":"https:\/\/agora.xtec.cat\/ies-rbiv-cambrils\/wp-json\/wp\/v2\/posts\/2315\/revisions"}],"predecessor-version":[{"id":2340,"href":"https:\/\/agora.xtec.cat\/ies-rbiv-cambrils\/wp-json\/wp\/v2\/posts\/2315\/revisions\/2340"}],"wp:featuredmedia":[{"embeddable":true,"href":"https:\/\/agora.xtec.cat\/ies-rbiv-cambrils\/wp-json\/wp\/v2\/media\/2332"}],"wp:attachment":[{"href":"https:\/\/agora.xtec.cat\/ies-rbiv-cambrils\/wp-json\/wp\/v2\/media?parent=2315"}],"wp:term":[{"taxonomy":"category","embeddable":true,"href":"https:\/\/agora.xtec.cat\/ies-rbiv-cambrils\/wp-json\/wp\/v2\/categories?post=2315"},{"taxonomy":"post_tag","embeddable":true,"href":"https:\/\/agora.xtec.cat\/ies-rbiv-cambrils\/wp-json\/wp\/v2\/tags?post=2315"}],"curies":[{"name":"wp","href":"https:\/\/api.w.org\/{rel}","templated":true}]}}