{"id":2266,"date":"2016-10-25T09:33:37","date_gmt":"2016-10-25T07:33:37","guid":{"rendered":"http:\/\/agora.xtec.cat\/ies-rbiv-cambrils\/?p=2266"},"modified":"2017-01-12T09:34:32","modified_gmt":"2017-01-12T08:34:32","slug":"xerrada-catalonia-film-school","status":"publish","type":"post","link":"https:\/\/agora.xtec.cat\/ies-rbiv-cambrils\/batxillerat\/xerrada-catalonia-film-school\/","title":{"rendered":"Xerrada Catalonia Film School"},"content":{"rendered":"<p><img loading=\"lazy\" decoding=\"async\" class=\"alignleft\" src=\"https:\/\/s-media-cache-ak0.pinimg.com\/564x\/3d\/c2\/7f\/3dc27f47ede4eb89194d6efd0c36ce92.jpg\" width=\"345\" height=\"518\" \/><\/p>\n<p>Els alumnes de 1r BAT han rebut una xerrada realitzada per membres de la Catalonia Film School.<\/p>\n<p>Catalonia Film School \u00e9s una acad\u00e8mia de cinema i TV formada per professionals del medi en actiu. Es troba a Vilanova i la Geltr\u00fa i ofereix graus de cinematografia i arts esc\u00e8niques, m\u00e0sters de cinematografia, specific-trainings, workshops i summer school.<\/p>\n<p>La xerrada s&#8217;emmarca dins del pla d&#8217;orientaci\u00f3 acad\u00e8mica del centre per l&#8217;alumnat de batxillerat.<\/p>\n","protected":false},"excerpt":{"rendered":"<p>Dins del pla d&#8217;orientaci\u00f3 acad\u00e8mica de batxillerat, el passat dimecres els alumnes de 1r BAT van rebre una xerrada de la Catalonia Film School&hellip;  <a href=\"https:\/\/agora.xtec.cat\/ies-rbiv-cambrils\/batxillerat\/xerrada-catalonia-film-school\/\" title=\"Read Xerrada Catalonia Film School\">Llegeix m\u00e9s\u00bb<\/a><\/p>\n","protected":false},"author":234,"featured_media":2267,"comment_status":"open","ping_status":"open","sticky":false,"template":"","format":"standard","meta":{"_bbp_topic_count":0,"_bbp_reply_count":0,"_bbp_total_topic_count":0,"_bbp_total_reply_count":0,"_bbp_voice_count":0,"_bbp_anonymous_reply_count":0,"_bbp_topic_count_hidden":0,"_bbp_reply_count_hidden":0,"_bbp_forum_subforum_count":0,"footnotes":""},"categories":[66,117,119,8,29],"tags":[],"class_list":["post-2266","post","type-post","status-publish","format-standard","has-post-thumbnail","hentry","category-1bata","category-1batb","category-1batxibac","category-batxillerat","category-portada"],"post_mailing_queue_ids":[],"_links":{"self":[{"href":"https:\/\/agora.xtec.cat\/ies-rbiv-cambrils\/wp-json\/wp\/v2\/posts\/2266","targetHints":{"allow":["GET"]}}],"collection":[{"href":"https:\/\/agora.xtec.cat\/ies-rbiv-cambrils\/wp-json\/wp\/v2\/posts"}],"about":[{"href":"https:\/\/agora.xtec.cat\/ies-rbiv-cambrils\/wp-json\/wp\/v2\/types\/post"}],"author":[{"embeddable":true,"href":"https:\/\/agora.xtec.cat\/ies-rbiv-cambrils\/wp-json\/wp\/v2\/users\/234"}],"replies":[{"embeddable":true,"href":"https:\/\/agora.xtec.cat\/ies-rbiv-cambrils\/wp-json\/wp\/v2\/comments?post=2266"}],"version-history":[{"count":1,"href":"https:\/\/agora.xtec.cat\/ies-rbiv-cambrils\/wp-json\/wp\/v2\/posts\/2266\/revisions"}],"predecessor-version":[{"id":2268,"href":"https:\/\/agora.xtec.cat\/ies-rbiv-cambrils\/wp-json\/wp\/v2\/posts\/2266\/revisions\/2268"}],"wp:featuredmedia":[{"embeddable":true,"href":"https:\/\/agora.xtec.cat\/ies-rbiv-cambrils\/wp-json\/wp\/v2\/media\/2267"}],"wp:attachment":[{"href":"https:\/\/agora.xtec.cat\/ies-rbiv-cambrils\/wp-json\/wp\/v2\/media?parent=2266"}],"wp:term":[{"taxonomy":"category","embeddable":true,"href":"https:\/\/agora.xtec.cat\/ies-rbiv-cambrils\/wp-json\/wp\/v2\/categories?post=2266"},{"taxonomy":"post_tag","embeddable":true,"href":"https:\/\/agora.xtec.cat\/ies-rbiv-cambrils\/wp-json\/wp\/v2\/tags?post=2266"}],"curies":[{"name":"wp","href":"https:\/\/api.w.org\/{rel}","templated":true}]}}