{"id":18721,"date":"2026-04-24T12:50:35","date_gmt":"2026-04-24T10:50:35","guid":{"rendered":"https:\/\/agora.xtec.cat\/ies-rbiv-cambrils\/?p=18721"},"modified":"2026-04-24T16:57:45","modified_gmt":"2026-04-24T14:57:45","slug":"lins-ramon-berenguer-iv-de-cambrils-present-a-la-jornada-sobre-leconomia-blava-2026-al-teatret-del-serrallo-a-tarragona","status":"publish","type":"post","link":"https:\/\/agora.xtec.cat\/ies-rbiv-cambrils\/general\/lins-ramon-berenguer-iv-de-cambrils-present-a-la-jornada-sobre-leconomia-blava-2026-al-teatret-del-serrallo-a-tarragona\/","title":{"rendered":"L&#8217;INS Ramon Berenguer IV, de Cambrils, present a la Jornada sobre l&#8217;Economia Blava 2026, al Teatret del Serrallo, a Tarragona"},"content":{"rendered":"<p>El proppassat dilluns <strong>20 d&#8217;abril del 2026<\/strong>, el <strong>Teatret del Serrallo<\/strong>, a <strong>Tarragona<\/strong>, va acollir la <strong>Jornada Formativa \u00abDescobreix les professions del sector mar\u00edtim i de l&#8217;Economia Blava!\u00bb<\/strong>, organitzada pel <strong>GALP Costa Daurada<\/strong>. L&#8217;acte va esdevenir un punt de trobada clau entre el <strong>m\u00f3n acad\u00e8mic<\/strong> i l&#8217;<strong>empresarial<\/strong> per analitzar el <strong>futur professional del mar<\/strong>.<\/p>\n<p>La Sra. Rosa Salla, cap d\u2019estudis d\u2019FP del nostre institut, va participar en la taula rodona dedicada a la formaci\u00f3. Durant la seva intervenci\u00f3, va destacar el paper de l&#8217;<strong>INS Ramon Berenguer IV (Cambrils)<\/strong> en la capacitaci\u00f3 de futurs t\u00e8cnics a trav\u00e9s del <strong>CFGM de Manteniment d&#8217;Embarcacions d&#8217;Esbarjo<\/strong>.<\/p>\n<p>Tamb\u00e9 va posar de manifest la bona harmonia i sintonia existent amb les empreses i els clubs n\u00e0utics de la zona, emfatitzant la import\u00e0ncia d&#8217;escoltar activament les seves necessitats. L&#8217;objectiu \u00e9s establir col\u00b7laboracions conjuntes que permetin desenvolupar projectes formatius alineats amb la realitat del dia a dia del sector.<\/p>\n<p>Dues de les empreses amb les quals el centre col\u00b7labora van participar tamb\u00e9 en altres taules rodones de la jornada, posant en valor el lligam entre formaci\u00f3 i ocupaci\u00f3:<\/p>\n<ul>\n<li>SEMAC, SL. El Sr. Agust\u00ed S\u00e1nchez va intervenir en la taula d&#8217;\u00e0mbit portuari. L\u2019empresa SEMAC, SL \u00e9s una col\u00b7laboradora fonamental del centre, on el nostre alumnat realitza pr\u00e0ctiques per a la seva professionalitzaci\u00f3.<\/li>\n<li>Ona Safe and Clean, SL. Representada pel Sr. Mois\u00e8s Crua\u00f1as, aquesta empresa col\u00b7labora des de fa anys amb l&#8217;institut acollint alumnat tant en la modalitat de Dual General com en Dual Intensiva, sent un exemple de comprom\u00eds amb la formaci\u00f3 pr\u00e0ctica de qualitat.<\/li>\n<\/ul>\n<p>Es va incidir en el fet que l&#8217;<strong>Economia Blava<\/strong> ja no \u00e9s una activitat merament estacional. El sector mar\u00edtim requereix nous perfils professionals, com ara t\u00e8cnics especialitzats en el manteniment de motors de no combusti\u00f3 i en mat\u00e8ria de comer\u00e7 internacional.<\/p>\n<p>Com a institut participant, estem molt satisfets d&#8217;haver format part d&#8217;aquesta jornada i refermem la nostra convicci\u00f3 que el <strong>treball en equip<\/strong> <strong>entre els centres educatius<\/strong> i el <strong>teixit empresarial<\/strong> \u00e9s la <strong>clau<\/strong> per al <strong>futur<\/strong> dels nostres <strong>joves<\/strong> i del <strong>sector mar\u00edtim de la zona<\/strong>.<\/p>\n<p style=\"text-align: center;\">\r\n\t<div class=\"slideshow_container slideshow_container_style-light\" style=\" \" data-slideshow-id=\"18725\" data-style-name=\"style-light\" data-style-version=\"2.3.1\" >\r\n\r\n\t\t\t\t\t<div class=\"slideshow_loading_icon\"><\/div>\r\n\t\t\r\n\t\t<div class=\"slideshow_content\" style=\"display: none;\">\r\n\r\n\t\t\t<div class=\"slideshow_view\">\r\n\t\t\t\t<div class=\"slideshow_slide slideshow_slide_image\">\r\n\t\t\t\t\t\t\t\t\t\t\t<img src=\"https:\/\/agora.xtec.cat\/ies-rbiv-cambrils\/wp-content\/uploads\/usu79\/2026\/04\/20260420_1236191-1.jpg\" alt=\"20260420_123619(1)\" width=\"1024\" height=\"576\" \/>\r\n\t\t\t\t\t\t\t\t\t\t<div class=\"slideshow_description_box slideshow_transparent\">\r\n\t\t\t\t\t\t<div class=\"slideshow_title\">20260420_123619(1)<\/div>\t\t\t\t\t\t\t\t\t\t\t<\/div>\r\n\t\t\t\t<\/div>\r\n\r\n\t\t\t\t\t\t<div style=\"clear: both;\"><\/div><\/div><div class=\"slideshow_view\">\r\n\t\t\t\t<div class=\"slideshow_slide slideshow_slide_image\">\r\n\t\t\t\t\t\t\t\t\t\t\t<img src=\"https:\/\/agora.xtec.cat\/ies-rbiv-cambrils\/wp-content\/uploads\/usu79\/2026\/04\/20260420_114715.jpg\" alt=\"20260420_114715\" width=\"1024\" height=\"576\" \/>\r\n\t\t\t\t\t\t\t\t\t\t<div class=\"slideshow_description_box slideshow_transparent\">\r\n\t\t\t\t\t\t<div class=\"slideshow_title\">20260420_114715<\/div>\t\t\t\t\t\t\t\t\t\t\t<\/div>\r\n\t\t\t\t<\/div>\r\n\r\n\t\t\t\t\t\t<div style=\"clear: both;\"><\/div><\/div><div class=\"slideshow_view\">\r\n\t\t\t\t<div class=\"slideshow_slide slideshow_slide_image\">\r\n\t\t\t\t\t\t\t\t\t\t\t<img src=\"https:\/\/agora.xtec.cat\/ies-rbiv-cambrils\/wp-content\/uploads\/usu79\/2026\/04\/20260420_103042-1.jpg\" alt=\"20260420_103042 (1)\" width=\"1024\" height=\"576\" \/>\r\n\t\t\t\t\t\t\t\t\t\t<div class=\"slideshow_description_box slideshow_transparent\">\r\n\t\t\t\t\t\t<div class=\"slideshow_title\">20260420_103042 (1)<\/div>\t\t\t\t\t\t\t\t\t\t\t<\/div>\r\n\t\t\t\t<\/div>\r\n\r\n\t\t\t\t\t\t<div style=\"clear: both;\"><\/div><\/div><div class=\"slideshow_view\">\r\n\t\t\t\t<div class=\"slideshow_slide slideshow_slide_image\">\r\n\t\t\t\t\t\t\t\t\t\t\t<img src=\"https:\/\/agora.xtec.cat\/ies-rbiv-cambrils\/wp-content\/uploads\/usu79\/2026\/04\/20260420_093951.jpg\" alt=\"20260420_093951\" width=\"1024\" height=\"576\" \/>\r\n\t\t\t\t\t\t\t\t\t\t<div class=\"slideshow_description_box slideshow_transparent\">\r\n\t\t\t\t\t\t<div class=\"slideshow_title\">20260420_093951<\/div>\t\t\t\t\t\t\t\t\t\t\t<\/div>\r\n\t\t\t\t<\/div>\r\n\r\n\t\t\t\t\t\t<div style=\"clear: both;\"><\/div><\/div><div class=\"slideshow_view\">\r\n\t\t\t\t<div class=\"slideshow_slide slideshow_slide_image\">\r\n\t\t\t\t\t\t\t\t\t\t\t<img src=\"https:\/\/agora.xtec.cat\/ies-rbiv-cambrils\/wp-content\/uploads\/usu79\/2026\/04\/20260420_093616.jpg\" alt=\"20260420_093616\" width=\"1024\" height=\"576\" \/>\r\n\t\t\t\t\t\t\t\t\t\t<div class=\"slideshow_description_box slideshow_transparent\">\r\n\t\t\t\t\t\t<div class=\"slideshow_title\">20260420_093616<\/div>\t\t\t\t\t\t\t\t\t\t\t<\/div>\r\n\t\t\t\t<\/div>\r\n\r\n\t\t\t\t\t\t<div style=\"clear: both;\"><\/div><\/div>\r\n\t\t<\/div>\r\n\r\n\t\t<div class=\"slideshow_controlPanel slideshow_transparent\" style=\"display: none;\"><ul><li class=\"slideshow_togglePlay\" data-play-text=\"Visualitza\" data-pause-text=\"Pausa\"><\/li><\/ul><\/div>\r\n\r\n\t\t<div class=\"slideshow_button slideshow_previous slideshow_transparent\" role=\"button\" data-previous-text=\"Anterior\" style=\"display: none;\"><\/div>\r\n\t\t<div class=\"slideshow_button slideshow_next slideshow_transparent\" role=\"button\" data-next-text=\"Seg\u00fcent\" style=\"display: none;\"><\/div>\r\n\r\n\t\t<div class=\"slideshow_pagination\" style=\"display: none;\" data-go-to-text=\"V\u00e9s a la diapositiva\"><div class=\"slideshow_pagination_center\"><\/div><\/div>\r\n\r\n\t\t<!-- WordPress Slideshow Version 2.3.1 -->\r\n\r\n\t\t\t<\/div>\r\n\r\n<\/p>\n","protected":false},"excerpt":{"rendered":"<p>El proppassat dilluns 20 d&#8217;abril del 2026, el Teatret del Serrallo, a Tarragona, va acollir la Jornada Formativa \u00abDescobreix les professions del sector mar\u00edtim i de l&#8217;Economia Blava!\u00bb, organitzada pel GALP Costa Daurada. L&#8217;acte va esdevenir un punt de trobada clau entre el m\u00f3n acad\u00e8mic&hellip;  <a href=\"https:\/\/agora.xtec.cat\/ies-rbiv-cambrils\/general\/lins-ramon-berenguer-iv-de-cambrils-present-a-la-jornada-sobre-leconomia-blava-2026-al-teatret-del-serrallo-a-tarragona\/\" title=\"Read L&#8217;INS Ramon Berenguer IV, de Cambrils, present a la Jornada sobre l&#8217;Economia Blava 2026, al Teatret del Serrallo, a Tarragona\">Llegeix m\u00e9s\u00bb<\/a><\/p>\n","protected":false},"author":340,"featured_media":18733,"comment_status":"open","ping_status":"open","sticky":false,"template":"","format":"standard","meta":{"_bbp_topic_count":0,"_bbp_reply_count":0,"_bbp_total_topic_count":0,"_bbp_total_reply_count":0,"_bbp_voice_count":0,"_bbp_anonymous_reply_count":0,"_bbp_topic_count_hidden":0,"_bbp_reply_count_hidden":0,"_bbp_forum_subforum_count":0,"footnotes":""},"categories":[30,1,29,214],"tags":[],"class_list":["post-18721","post","type-post","status-publish","format-standard","has-post-thumbnail","hentry","category-cicles-formatius","category-general","category-portada","category-portada-portada"],"post_mailing_queue_ids":[],"_links":{"self":[{"href":"https:\/\/agora.xtec.cat\/ies-rbiv-cambrils\/wp-json\/wp\/v2\/posts\/18721","targetHints":{"allow":["GET"]}}],"collection":[{"href":"https:\/\/agora.xtec.cat\/ies-rbiv-cambrils\/wp-json\/wp\/v2\/posts"}],"about":[{"href":"https:\/\/agora.xtec.cat\/ies-rbiv-cambrils\/wp-json\/wp\/v2\/types\/post"}],"author":[{"embeddable":true,"href":"https:\/\/agora.xtec.cat\/ies-rbiv-cambrils\/wp-json\/wp\/v2\/users\/340"}],"replies":[{"embeddable":true,"href":"https:\/\/agora.xtec.cat\/ies-rbiv-cambrils\/wp-json\/wp\/v2\/comments?post=18721"}],"version-history":[{"count":6,"href":"https:\/\/agora.xtec.cat\/ies-rbiv-cambrils\/wp-json\/wp\/v2\/posts\/18721\/revisions"}],"predecessor-version":[{"id":18739,"href":"https:\/\/agora.xtec.cat\/ies-rbiv-cambrils\/wp-json\/wp\/v2\/posts\/18721\/revisions\/18739"}],"wp:featuredmedia":[{"embeddable":true,"href":"https:\/\/agora.xtec.cat\/ies-rbiv-cambrils\/wp-json\/wp\/v2\/media\/18733"}],"wp:attachment":[{"href":"https:\/\/agora.xtec.cat\/ies-rbiv-cambrils\/wp-json\/wp\/v2\/media?parent=18721"}],"wp:term":[{"taxonomy":"category","embeddable":true,"href":"https:\/\/agora.xtec.cat\/ies-rbiv-cambrils\/wp-json\/wp\/v2\/categories?post=18721"},{"taxonomy":"post_tag","embeddable":true,"href":"https:\/\/agora.xtec.cat\/ies-rbiv-cambrils\/wp-json\/wp\/v2\/tags?post=18721"}],"curies":[{"name":"wp","href":"https:\/\/api.w.org\/{rel}","templated":true}]}}