{"id":18627,"date":"2026-04-13T14:47:53","date_gmt":"2026-04-13T12:47:53","guid":{"rendered":"https:\/\/agora.xtec.cat\/ies-rbiv-cambrils\/?p=18627"},"modified":"2026-04-15T15:47:02","modified_gmt":"2026-04-15T13:47:02","slug":"el-berenguer-celebra-la-v-jornada-dfp-dual-en-el-marc-del-50e-aniversari-del-centre","status":"publish","type":"post","link":"https:\/\/agora.xtec.cat\/ies-rbiv-cambrils\/general\/el-berenguer-celebra-la-v-jornada-dfp-dual-en-el-marc-del-50e-aniversari-del-centre\/","title":{"rendered":"El Berenguer celebra la V Jornada d&#8217;FP Dual en el marc del 50\u00e8 aniversari del centre"},"content":{"rendered":"<p>El <strong>divendres 10 d\u2019abril del 2026<\/strong> passat, l\u2019<strong>Ateneu Juvenil de Cambrils<\/strong> va acollir la <strong>V Jornada d&#8217;FP Dual<\/strong>, una cita plenament consolidada que enguany ha pres un relleu especial pel fet d&#8217;haver coincidit amb la celebraci\u00f3 del mig segle de vida del nostre centre educatiu. L\u2019esdeveniment va complir amb escreix el seu objectiu principal: <strong>estr\u00e8nyer els vincles entre l\u2019alumnat de primer curs d&#8217;FP i el teixit empresarial per facilitar la seva futura transici\u00f3 al m\u00f3n laboral<\/strong>.<\/p>\n<p>La jornada va comen\u00e7ar amb els parlaments institucionals, on es va fer palesa la suma d&#8217;esfor\u00e7os per prestigiar l&#8217;FP. La directora del centre, la Sra. Ana Espadero, va obrir l\u2019acte posant en valor la traject\u00f2ria de la formaci\u00f3 professional a l&#8217;institut i agraint la implicaci\u00f3 de l\u2019equip docent i de les empreses col\u00b7laboradores.<\/p>\n<p>D&#8217;altra banda, la Sra. Rosa Carbonell, coordinadora d\u2019FP del Departament d\u2019Educaci\u00f3 i Formaci\u00f3 Professional a Tarragona, va manifestar que es tracta d&#8217;una oportunitat per a con\u00e8ixer empreses i per a establir relacions professionals s\u00f2lides des de l&#8217;inici de l&#8217;itinerari formatiu. <span style=\"font-family: inherit; font-size: 1em;\">L\u2019Ajuntament de Cambrils tamb\u00e9 va refermar el seu comprom\u00eds mitjan\u00e7ant la intervenci\u00f3 de la Sra. Natalia Pleguezuelos, regidora d\u2019Educaci\u00f3 i Ocupaci\u00f3, que va deixar pal\u00e8s el suport del municipi. Aix\u00ed mateix, la jornada va comptar amb el suport del Sr. Roger Navarro, de la Cambra de Comer\u00e7 de Reus, que va destacar la bona rebuda per part de les empreses assistents.<\/span><\/p>\n<p>Un dels punts m\u00e9s destacats de la jornada va ser el consens entre les 13 empreses participants sobre les necessitats del mercat de treball actual. Totes van coincidir a assenyalar la forta demanda de m\u00e0 d&#8217;obra qualificada, per\u00f2 van fer un \u00e8mfasi especial en el component hum\u00e0.<\/p>\n<p>Segons van manifestar els responsables de les empreses, compet\u00e8ncies com el comprom\u00eds, la responsabilitat i la iniciativa s\u00f3n valors que el mercat valora de forma molt positiva. En aquest sentit, es va llan\u00e7ar un missatge clar a l&#8217;alumnat: \u00abEl saber es pot aprendre, per\u00f2 l&#8217;actitud per a voler fer b\u00e9 les coses s&#8217;ha de tenir.\u00bb<\/p>\n<p>Volem agrair la col\u00b7laboraci\u00f3 activa de les entitats que hi van participar en aquesta edici\u00f3:<\/p>\n<ul>\n<li>Adecco,<\/li>\n<li>Escola de Dansa Estudi Giselle,<\/li>\n<li>Jaurres Express, SL,<\/li>\n<li>Bergen Engines, SL,<\/li>\n<li>Hotel Sol Port Cambrils,<\/li>\n<li>Avila Gestiones, SL,<\/li>\n<li>H10 Hotels,<\/li>\n<li>Tapissats i Fundes JB, SL,<\/li>\n<li>Club N\u00e0utic Hospitalet-Vandell\u00f2s,<\/li>\n<li>Espai Pis, SL,<\/li>\n<li>Reus Serveis Municipals, SA,<\/li>\n<li>Noster Ascensores, SL, i<\/li>\n<li>Club N\u00e0utic Cambrils.<\/li>\n<\/ul>\n<p>Gr\u00e0cies a aquesta jornada, el nostre alumnat encara amb m\u00e9s confian\u00e7a l\u2019estada a l\u2019empresa, coneixent de primera m\u00e0 qu\u00e8 se n&#8217;espera, de tots ells i de totes elles, en el m\u00f3n real.<\/p>\n<p style=\"text-align: center;\">\r\n\t<div class=\"slideshow_container slideshow_container_style-light\" style=\" \" data-slideshow-id=\"18629\" data-style-name=\"style-light\" data-style-version=\"2.3.1\" >\r\n\r\n\t\t\t\t\t<div class=\"slideshow_loading_icon\"><\/div>\r\n\t\t\r\n\t\t<div class=\"slideshow_content\" style=\"display: none;\">\r\n\r\n\t\t\t<div class=\"slideshow_view\">\r\n\t\t\t\t<div class=\"slideshow_slide slideshow_slide_image\">\r\n\t\t\t\t\t\t\t\t\t\t\t<img src=\"https:\/\/agora.xtec.cat\/ies-rbiv-cambrils\/wp-content\/uploads\/usu79\/2026\/04\/WhatsApp-Image-2026-04-13-at-11.23.13.jpeg\" alt=\"WhatsApp Image 2026-04-13 at 11.23.13\" width=\"2048\" height=\"1536\" \/>\r\n\t\t\t\t\t\t\t\t\t\t<div class=\"slideshow_description_box slideshow_transparent\">\r\n\t\t\t\t\t\t<div class=\"slideshow_title\">WhatsApp Image 2026-04-13 at 11.23.13<\/div>\t\t\t\t\t\t\t\t\t\t\t<\/div>\r\n\t\t\t\t<\/div>\r\n\r\n\t\t\t\t\t\t<div style=\"clear: both;\"><\/div><\/div><div class=\"slideshow_view\">\r\n\t\t\t\t<div class=\"slideshow_slide slideshow_slide_image\">\r\n\t\t\t\t\t\t\t\t\t\t\t<img src=\"https:\/\/agora.xtec.cat\/ies-rbiv-cambrils\/wp-content\/uploads\/usu79\/2026\/04\/1000064987.jpeg\" alt=\"1000064987\" width=\"1200\" height=\"1600\" \/>\r\n\t\t\t\t\t\t\t\t\t\t<div class=\"slideshow_description_box slideshow_transparent\">\r\n\t\t\t\t\t\t<div class=\"slideshow_title\">1000064987<\/div>\t\t\t\t\t\t\t\t\t\t\t<\/div>\r\n\t\t\t\t<\/div>\r\n\r\n\t\t\t\t\t\t<div style=\"clear: both;\"><\/div><\/div><div class=\"slideshow_view\">\r\n\t\t\t\t<div class=\"slideshow_slide slideshow_slide_image\">\r\n\t\t\t\t\t\t\t\t\t\t\t<img src=\"https:\/\/agora.xtec.cat\/ies-rbiv-cambrils\/wp-content\/uploads\/usu79\/2026\/04\/1000064989.jpeg\" alt=\"1000064989\" width=\"1200\" height=\"1600\" \/>\r\n\t\t\t\t\t\t\t\t\t\t<div class=\"slideshow_description_box slideshow_transparent\">\r\n\t\t\t\t\t\t<div class=\"slideshow_title\">1000064989<\/div>\t\t\t\t\t\t\t\t\t\t\t<\/div>\r\n\t\t\t\t<\/div>\r\n\r\n\t\t\t\t\t\t<div style=\"clear: both;\"><\/div><\/div><div class=\"slideshow_view\">\r\n\t\t\t\t<div class=\"slideshow_slide slideshow_slide_image\">\r\n\t\t\t\t\t\t\t\t\t\t\t<img src=\"https:\/\/agora.xtec.cat\/ies-rbiv-cambrils\/wp-content\/uploads\/usu79\/2026\/04\/1000064991.jpeg\" alt=\"1000064991\" width=\"1200\" height=\"1600\" \/>\r\n\t\t\t\t\t\t\t\t\t\t<div class=\"slideshow_description_box slideshow_transparent\">\r\n\t\t\t\t\t\t<div class=\"slideshow_title\">1000064991<\/div>\t\t\t\t\t\t\t\t\t\t\t<\/div>\r\n\t\t\t\t<\/div>\r\n\r\n\t\t\t\t\t\t<div style=\"clear: both;\"><\/div><\/div><div class=\"slideshow_view\">\r\n\t\t\t\t<div class=\"slideshow_slide slideshow_slide_image\">\r\n\t\t\t\t\t\t\t\t\t\t\t<img src=\"https:\/\/agora.xtec.cat\/ies-rbiv-cambrils\/wp-content\/uploads\/usu79\/2026\/04\/1000064994.jpeg\" alt=\"1000064994\" width=\"1200\" height=\"1600\" \/>\r\n\t\t\t\t\t\t\t\t\t\t<div class=\"slideshow_description_box slideshow_transparent\">\r\n\t\t\t\t\t\t<div class=\"slideshow_title\">1000064994<\/div>\t\t\t\t\t\t\t\t\t\t\t<\/div>\r\n\t\t\t\t<\/div>\r\n\r\n\t\t\t\t\t\t<div style=\"clear: both;\"><\/div><\/div><div class=\"slideshow_view\">\r\n\t\t\t\t<div class=\"slideshow_slide slideshow_slide_image\">\r\n\t\t\t\t\t\t\t\t\t\t\t<img src=\"https:\/\/agora.xtec.cat\/ies-rbiv-cambrils\/wp-content\/uploads\/usu79\/2026\/04\/WhatsApp-Image-2026-04-13-at-06.31.40.jpeg\" alt=\"WhatsApp Image 2026-04-13 at 06.31.40\" width=\"900\" height=\"2000\" \/>\r\n\t\t\t\t\t\t\t\t\t\t<div class=\"slideshow_description_box slideshow_transparent\">\r\n\t\t\t\t\t\t<div class=\"slideshow_title\">WhatsApp Image 2026-04-13 at 06.31.40<\/div>\t\t\t\t\t\t\t\t\t\t\t<\/div>\r\n\t\t\t\t<\/div>\r\n\r\n\t\t\t\t\t\t<div style=\"clear: both;\"><\/div><\/div><div class=\"slideshow_view\">\r\n\t\t\t\t<div class=\"slideshow_slide slideshow_slide_image\">\r\n\t\t\t\t\t\t\t\t\t\t\t<img src=\"https:\/\/agora.xtec.cat\/ies-rbiv-cambrils\/wp-content\/uploads\/usu79\/2026\/04\/WhatsApp-Image-2026-04-13-at-06.31.40-2.jpeg\" alt=\"WhatsApp Image 2026-04-13 at 06.31.40 (2)\" width=\"921\" height=\"2048\" \/>\r\n\t\t\t\t\t\t\t\t\t\t<div class=\"slideshow_description_box slideshow_transparent\">\r\n\t\t\t\t\t\t<div class=\"slideshow_title\">WhatsApp Image 2026-04-13 at 06.31.40 (2)<\/div>\t\t\t\t\t\t\t\t\t\t\t<\/div>\r\n\t\t\t\t<\/div>\r\n\r\n\t\t\t\t\t\t<div style=\"clear: both;\"><\/div><\/div><div class=\"slideshow_view\">\r\n\t\t\t\t<div class=\"slideshow_slide slideshow_slide_image\">\r\n\t\t\t\t\t\t\t\t\t\t\t<img src=\"https:\/\/agora.xtec.cat\/ies-rbiv-cambrils\/wp-content\/uploads\/usu79\/2026\/04\/WhatsApp-Image-2026-04-13-at-06.37.15.jpeg\" alt=\"WhatsApp Image 2026-04-13 at 06.37.15\" width=\"1369\" height=\"2048\" \/>\r\n\t\t\t\t\t\t\t\t\t\t<div class=\"slideshow_description_box slideshow_transparent\">\r\n\t\t\t\t\t\t<div class=\"slideshow_title\">WhatsApp Image 2026-04-13 at 06.37.15<\/div>\t\t\t\t\t\t\t\t\t\t\t<\/div>\r\n\t\t\t\t<\/div>\r\n\r\n\t\t\t\t\t\t<div style=\"clear: both;\"><\/div><\/div>\r\n\t\t<\/div>\r\n\r\n\t\t<div class=\"slideshow_controlPanel slideshow_transparent\" style=\"display: none;\"><ul><li class=\"slideshow_togglePlay\" data-play-text=\"Visualitza\" data-pause-text=\"Pausa\"><\/li><\/ul><\/div>\r\n\r\n\t\t<div class=\"slideshow_button slideshow_previous slideshow_transparent\" role=\"button\" data-previous-text=\"Anterior\" style=\"display: none;\"><\/div>\r\n\t\t<div class=\"slideshow_button slideshow_next slideshow_transparent\" role=\"button\" data-next-text=\"Seg\u00fcent\" style=\"display: none;\"><\/div>\r\n\r\n\t\t<div class=\"slideshow_pagination\" style=\"display: none;\" data-go-to-text=\"V\u00e9s a la diapositiva\"><div class=\"slideshow_pagination_center\"><\/div><\/div>\r\n\r\n\t\t<!-- WordPress Slideshow Version 2.3.1 -->\r\n\r\n\t\t\t<\/div>\r\n\r\n<\/p>\n","protected":false},"excerpt":{"rendered":"<p>El divendres 10 d\u2019abril del 2026 passat, l\u2019Ateneu Juvenil de Cambrils va acollir la V Jornada d&#8217;FP Dual, una cita plenament consolidada que enguany ha pres un relleu especial pel fet d&#8217;haver coincidit amb la celebraci\u00f3 del mig segle de vida del nostre centre educatiu.&hellip;  <a href=\"https:\/\/agora.xtec.cat\/ies-rbiv-cambrils\/general\/el-berenguer-celebra-la-v-jornada-dfp-dual-en-el-marc-del-50e-aniversari-del-centre\/\" title=\"Read El Berenguer celebra la V Jornada d&#8217;FP Dual en el marc del 50\u00e8 aniversari del centre\">Llegeix m\u00e9s\u00bb<\/a><\/p>\n","protected":false},"author":340,"featured_media":18637,"comment_status":"open","ping_status":"open","sticky":false,"template":"","format":"standard","meta":{"_bbp_topic_count":0,"_bbp_reply_count":0,"_bbp_total_topic_count":0,"_bbp_total_reply_count":0,"_bbp_voice_count":0,"_bbp_anonymous_reply_count":0,"_bbp_topic_count_hidden":0,"_bbp_reply_count_hidden":0,"_bbp_forum_subforum_count":0,"footnotes":""},"categories":[30,1,29,214],"tags":[],"class_list":["post-18627","post","type-post","status-publish","format-standard","has-post-thumbnail","hentry","category-cicles-formatius","category-general","category-portada","category-portada-portada"],"post_mailing_queue_ids":[],"_links":{"self":[{"href":"https:\/\/agora.xtec.cat\/ies-rbiv-cambrils\/wp-json\/wp\/v2\/posts\/18627","targetHints":{"allow":["GET"]}}],"collection":[{"href":"https:\/\/agora.xtec.cat\/ies-rbiv-cambrils\/wp-json\/wp\/v2\/posts"}],"about":[{"href":"https:\/\/agora.xtec.cat\/ies-rbiv-cambrils\/wp-json\/wp\/v2\/types\/post"}],"author":[{"embeddable":true,"href":"https:\/\/agora.xtec.cat\/ies-rbiv-cambrils\/wp-json\/wp\/v2\/users\/340"}],"replies":[{"embeddable":true,"href":"https:\/\/agora.xtec.cat\/ies-rbiv-cambrils\/wp-json\/wp\/v2\/comments?post=18627"}],"version-history":[{"count":6,"href":"https:\/\/agora.xtec.cat\/ies-rbiv-cambrils\/wp-json\/wp\/v2\/posts\/18627\/revisions"}],"predecessor-version":[{"id":18655,"href":"https:\/\/agora.xtec.cat\/ies-rbiv-cambrils\/wp-json\/wp\/v2\/posts\/18627\/revisions\/18655"}],"wp:featuredmedia":[{"embeddable":true,"href":"https:\/\/agora.xtec.cat\/ies-rbiv-cambrils\/wp-json\/wp\/v2\/media\/18637"}],"wp:attachment":[{"href":"https:\/\/agora.xtec.cat\/ies-rbiv-cambrils\/wp-json\/wp\/v2\/media?parent=18627"}],"wp:term":[{"taxonomy":"category","embeddable":true,"href":"https:\/\/agora.xtec.cat\/ies-rbiv-cambrils\/wp-json\/wp\/v2\/categories?post=18627"},{"taxonomy":"post_tag","embeddable":true,"href":"https:\/\/agora.xtec.cat\/ies-rbiv-cambrils\/wp-json\/wp\/v2\/tags?post=18627"}],"curies":[{"name":"wp","href":"https:\/\/api.w.org\/{rel}","templated":true}]}}