{"id":16925,"date":"2025-11-19T11:42:42","date_gmt":"2025-11-19T10:42:42","guid":{"rendered":"https:\/\/agora.xtec.cat\/ies-rbiv-cambrils\/?p=16925"},"modified":"2026-03-28T21:24:48","modified_gmt":"2026-03-28T20:24:48","slug":"lhort-escolar-un-espai-dinamic-i-transformador-per-a-1r-eso","status":"publish","type":"post","link":"https:\/\/agora.xtec.cat\/ies-rbiv-cambrils\/general\/lhort-escolar-un-espai-dinamic-i-transformador-per-a-1r-eso\/","title":{"rendered":"\u00abL&#8217;Hort Escolar\u00bb, un espai d&#8217;aprenentatge din\u00e0mic i transformador per a 1r ESO"},"content":{"rendered":"<p>La <strong>mat\u00e8ria optativa<\/strong>\u00a0de <strong>\u00abL&#8217;Hort Escolar\u00bb<\/strong> <span style=\"font-family: inherit; font-size: 1em;\">\u00e9s una eina educativa\u00a0<\/span>adre\u00e7ada a l&#8217;<strong>alumnat<\/strong> de <strong>1r ESO<\/strong>\u00a0<span style=\"font-family: inherit; font-size: 1em;\">que permet de treballar de manera pr\u00e0ctica i vivencial diversos sabers relacionats amb la <strong>natura<\/strong>, la <strong>sostenibilitat<\/strong> i el <strong>treball cooperatiu<\/strong>. A trav\u00e9s de l&#8217;experi\u00e8ncia directa amb la terra, les plantes i els processos de cultiu, l&#8217;alumnat desenvolupa habilitats, valors i coneixements que van m\u00e9s enll\u00e0 de l&#8217;aula.<\/span><\/p>\n<p>De fet, l&#8217;objectiu principal d&#8217;aquesta mat\u00e8ria \u00e9s que l&#8217;alumnat de 1r ESO aprengui a fer un hort ecol\u00f2gic des de zero.<\/p>\n<p>A la part te\u00f2rica, l&#8217;alumnat ja va comen\u00e7ar treballant quines s\u00f3n les hortalisses de temporada (tardor-hivern) per plantar al setembre i quan s&#8217;haurien de collir. Despr\u00e9s, va haver de con\u00e8ixer les etapes del cicle de la vida de les plantes en flor des que germina la llavor fins que en collim el fruit i noves llavors per plantar l&#8217;any seg\u00fcent. Tamb\u00e9 va aprendre les propietats i les caracter\u00edstiques de les diferents hortalisses i els diferents tipus d&#8217;eines existents per poder treballar el s\u00f2l.<\/p>\n<p>A la part pr\u00e0ctica, inicialment, l&#8217;alumnat va treballar <span style=\"font-family: inherit; font-size: 1em;\">la terra per tal d&#8217;eliminar les males herbes i va preparar diferents parcel\u00b7les petites on va plantar les hortalisses de temporada: llavors d&#8217;espinacs, naps, bledes, pastanagues i faves. En unes altres zones de l&#8217;hort, l&#8217;alumnat va treballar la terra tot fent-hi cavallons i solcs, i va cultivar el planter de diferents tipus d&#8217;enciams, coliflor, br\u00f2quil i col. \u00c9s justament<\/span> aleshores que el mateix alumnat va detectar que hi havia algun tipus d&#8217;animal que es menja les plantes que van sortint de les llavors i del planter. Llavors, va decidir de posar-hi una xarxa i unes ampolles de pl\u00e0stic per evitar que se les mengin i que, al mateix temps, facin d&#8217;efecte hivernacle i creixin m\u00e9s de pressa les plantes.<\/p>\n<p>A m\u00e9s a m\u00e9s, actualment, a la zona enjardinada del centre, els alumnes estan fent esqueixos de plantes ornamentals en petites torretes.<\/p>\n<p>Per tant, l&#8217;objectiu \u00e9s tamb\u00e9 que l&#8217;alumnat de 1r ESO estigui en contacte amb la natura directament i aprengui els diferents procediments que cal tenir en compte: el treball de la terra, la plantaci\u00f3 de llavors o de planter i el reg, que \u00e9s del tot necessari fins a la collita.<\/p>\n<p>La idea \u00e9s, doncs, obtenir, a partir del 2n trimestre del curs 2025-2026, productes de la collita i plantes ornamentals dels esqueixos perqu\u00e8 l&#8217;alumnat pugui endur-se&#8217;n a casa per menjar-ne o per vendre&#8217;n al professorat. Si no, com ja ha vist l&#8217;alumnat, se les mengen els animals.<\/p>\n<p style=\"text-align: center;\">\r\n\t<div class=\"slideshow_container slideshow_container_style-light\" style=\" \" data-slideshow-id=\"16927\" data-style-name=\"style-light\" data-style-version=\"2.3.1\" >\r\n\r\n\t\t\t\t\t<div class=\"slideshow_loading_icon\"><\/div>\r\n\t\t\r\n\t\t<div class=\"slideshow_content\" style=\"display: none;\">\r\n\r\n\t\t\t<div class=\"slideshow_view\">\r\n\t\t\t\t<div class=\"slideshow_slide slideshow_slide_image\">\r\n\t\t\t\t\t\t\t\t\t\t\t<img src=\"https:\/\/agora.xtec.cat\/ies-rbiv-cambrils\/wp-content\/uploads\/usu79\/2025\/11\/IMG-20251114-WA0011.jpg\" alt=\"IMG-20251114-WA0011\" width=\"2048\" height=\"2048\" \/>\r\n\t\t\t\t\t\t\t\t\t\t<div class=\"slideshow_description_box slideshow_transparent\">\r\n\t\t\t\t\t\t<div class=\"slideshow_title\">IMG-20251114-WA0011<\/div>\t\t\t\t\t\t\t\t\t\t\t<\/div>\r\n\t\t\t\t<\/div>\r\n\r\n\t\t\t\t\t\t<div style=\"clear: both;\"><\/div><\/div><div class=\"slideshow_view\">\r\n\t\t\t\t<div class=\"slideshow_slide slideshow_slide_image\">\r\n\t\t\t\t\t\t\t\t\t\t\t<img src=\"https:\/\/agora.xtec.cat\/ies-rbiv-cambrils\/wp-content\/uploads\/usu79\/2025\/11\/IMG-20251114-WA0010.jpg\" alt=\"IMG-20251114-WA0010\" width=\"2048\" height=\"2048\" \/>\r\n\t\t\t\t\t\t\t\t\t\t<div class=\"slideshow_description_box slideshow_transparent\">\r\n\t\t\t\t\t\t<div class=\"slideshow_title\">IMG-20251114-WA0010<\/div>\t\t\t\t\t\t\t\t\t\t\t<\/div>\r\n\t\t\t\t<\/div>\r\n\r\n\t\t\t\t\t\t<div style=\"clear: both;\"><\/div><\/div><div class=\"slideshow_view\">\r\n\t\t\t\t<div class=\"slideshow_slide slideshow_slide_image\">\r\n\t\t\t\t\t\t\t\t\t\t\t<img src=\"https:\/\/agora.xtec.cat\/ies-rbiv-cambrils\/wp-content\/uploads\/usu79\/2025\/11\/IMG-20251114-WA0009.jpg\" alt=\"IMG-20251114-WA0009\" width=\"2048\" height=\"2048\" \/>\r\n\t\t\t\t\t\t\t\t\t\t<div class=\"slideshow_description_box slideshow_transparent\">\r\n\t\t\t\t\t\t<div class=\"slideshow_title\">IMG-20251114-WA0009<\/div>\t\t\t\t\t\t\t\t\t\t\t<\/div>\r\n\t\t\t\t<\/div>\r\n\r\n\t\t\t\t\t\t<div style=\"clear: both;\"><\/div><\/div><div class=\"slideshow_view\">\r\n\t\t\t\t<div class=\"slideshow_slide slideshow_slide_image\">\r\n\t\t\t\t\t\t\t\t\t\t\t<img src=\"https:\/\/agora.xtec.cat\/ies-rbiv-cambrils\/wp-content\/uploads\/usu79\/2025\/11\/IMG-20251114-WA0008.jpg\" alt=\"IMG-20251114-WA0008\" width=\"2048\" height=\"2048\" \/>\r\n\t\t\t\t\t\t\t\t\t\t<div class=\"slideshow_description_box slideshow_transparent\">\r\n\t\t\t\t\t\t<div class=\"slideshow_title\">IMG-20251114-WA0008<\/div>\t\t\t\t\t\t\t\t\t\t\t<\/div>\r\n\t\t\t\t<\/div>\r\n\r\n\t\t\t\t\t\t<div style=\"clear: both;\"><\/div><\/div><div class=\"slideshow_view\">\r\n\t\t\t\t<div class=\"slideshow_slide slideshow_slide_image\">\r\n\t\t\t\t\t\t\t\t\t\t\t<img src=\"https:\/\/agora.xtec.cat\/ies-rbiv-cambrils\/wp-content\/uploads\/usu79\/2025\/11\/IMG-20251114-WA0007.jpg\" alt=\"IMG-20251114-WA0007\" width=\"2048\" height=\"2048\" \/>\r\n\t\t\t\t\t\t\t\t\t\t<div class=\"slideshow_description_box slideshow_transparent\">\r\n\t\t\t\t\t\t<div class=\"slideshow_title\">IMG-20251114-WA0007<\/div>\t\t\t\t\t\t\t\t\t\t\t<\/div>\r\n\t\t\t\t<\/div>\r\n\r\n\t\t\t\t\t\t<div style=\"clear: both;\"><\/div><\/div><div class=\"slideshow_view\">\r\n\t\t\t\t<div class=\"slideshow_slide slideshow_slide_image\">\r\n\t\t\t\t\t\t\t\t\t\t\t<img src=\"https:\/\/agora.xtec.cat\/ies-rbiv-cambrils\/wp-content\/uploads\/usu79\/2025\/11\/IMG-20251114-WA0006.jpg\" alt=\"IMG-20251114-WA0006\" width=\"2048\" height=\"2048\" \/>\r\n\t\t\t\t\t\t\t\t\t\t<div class=\"slideshow_description_box slideshow_transparent\">\r\n\t\t\t\t\t\t<div class=\"slideshow_title\">IMG-20251114-WA0006<\/div>\t\t\t\t\t\t\t\t\t\t\t<\/div>\r\n\t\t\t\t<\/div>\r\n\r\n\t\t\t\t\t\t<div style=\"clear: both;\"><\/div><\/div><div class=\"slideshow_view\">\r\n\t\t\t\t<div class=\"slideshow_slide slideshow_slide_image\">\r\n\t\t\t\t\t\t\t\t\t\t\t<img src=\"https:\/\/agora.xtec.cat\/ies-rbiv-cambrils\/wp-content\/uploads\/usu79\/2025\/11\/IMG-20251114-WA0005.jpg\" alt=\"IMG-20251114-WA0005\" width=\"2048\" height=\"2048\" \/>\r\n\t\t\t\t\t\t\t\t\t\t<div class=\"slideshow_description_box slideshow_transparent\">\r\n\t\t\t\t\t\t<div class=\"slideshow_title\">IMG-20251114-WA0005<\/div>\t\t\t\t\t\t\t\t\t\t\t<\/div>\r\n\t\t\t\t<\/div>\r\n\r\n\t\t\t\t\t\t<div style=\"clear: both;\"><\/div><\/div><div class=\"slideshow_view\">\r\n\t\t\t\t<div class=\"slideshow_slide slideshow_slide_image\">\r\n\t\t\t\t\t\t\t\t\t\t\t<img src=\"https:\/\/agora.xtec.cat\/ies-rbiv-cambrils\/wp-content\/uploads\/usu79\/2025\/11\/IMG-20251114-WA0004.jpg\" alt=\"IMG-20251114-WA0004\" width=\"2048\" height=\"2048\" \/>\r\n\t\t\t\t\t\t\t\t\t\t<div class=\"slideshow_description_box slideshow_transparent\">\r\n\t\t\t\t\t\t<div class=\"slideshow_title\">IMG-20251114-WA0004<\/div>\t\t\t\t\t\t\t\t\t\t\t<\/div>\r\n\t\t\t\t<\/div>\r\n\r\n\t\t\t\t\t\t<div style=\"clear: both;\"><\/div><\/div>\r\n\t\t<\/div>\r\n\r\n\t\t<div class=\"slideshow_controlPanel slideshow_transparent\" style=\"display: none;\"><ul><li class=\"slideshow_togglePlay\" data-play-text=\"Visualitza\" data-pause-text=\"Pausa\"><\/li><\/ul><\/div>\r\n\r\n\t\t<div class=\"slideshow_button slideshow_previous slideshow_transparent\" role=\"button\" data-previous-text=\"Anterior\" style=\"display: none;\"><\/div>\r\n\t\t<div class=\"slideshow_button slideshow_next slideshow_transparent\" role=\"button\" data-next-text=\"Seg\u00fcent\" style=\"display: none;\"><\/div>\r\n\r\n\t\t<div class=\"slideshow_pagination\" style=\"display: none;\" data-go-to-text=\"V\u00e9s a la diapositiva\"><div class=\"slideshow_pagination_center\"><\/div><\/div>\r\n\r\n\t\t<!-- WordPress Slideshow Version 2.3.1 -->\r\n\r\n\t\t\t<\/div>\r\n\r\n<\/p>\n","protected":false},"excerpt":{"rendered":"<p>La mat\u00e8ria optativa\u00a0de \u00abL&#8217;Hort Escolar\u00bb \u00e9s una eina educativa\u00a0adre\u00e7ada a l&#8217;alumnat de 1r ESO\u00a0que permet de treballar de manera pr\u00e0ctica i vivencial diversos sabers relacionats amb la natura, la sostenibilitat i el treball cooperatiu. A trav\u00e9s de l&#8217;experi\u00e8ncia directa amb la terra, les plantes i&hellip;  <a href=\"https:\/\/agora.xtec.cat\/ies-rbiv-cambrils\/general\/lhort-escolar-un-espai-dinamic-i-transformador-per-a-1r-eso\/\" title=\"Read \u00abL&#8217;Hort Escolar\u00bb, un espai d&#8217;aprenentatge din\u00e0mic i transformador per a 1r ESO\">Llegeix m\u00e9s\u00bb<\/a><\/p>\n","protected":false},"author":340,"featured_media":16928,"comment_status":"open","ping_status":"open","sticky":false,"template":"","format":"standard","meta":{"_bbp_topic_count":0,"_bbp_reply_count":0,"_bbp_total_topic_count":0,"_bbp_total_reply_count":0,"_bbp_voice_count":0,"_bbp_anonymous_reply_count":0,"_bbp_topic_count_hidden":0,"_bbp_reply_count_hidden":0,"_bbp_forum_subforum_count":0,"footnotes":""},"categories":[3,4,1,29,214],"tags":[],"class_list":["post-16925","post","type-post","status-publish","format-standard","has-post-thumbnail","hentry","category-eso","category-eso-1","category-general","category-portada","category-portada-portada"],"post_mailing_queue_ids":[],"_links":{"self":[{"href":"https:\/\/agora.xtec.cat\/ies-rbiv-cambrils\/wp-json\/wp\/v2\/posts\/16925","targetHints":{"allow":["GET"]}}],"collection":[{"href":"https:\/\/agora.xtec.cat\/ies-rbiv-cambrils\/wp-json\/wp\/v2\/posts"}],"about":[{"href":"https:\/\/agora.xtec.cat\/ies-rbiv-cambrils\/wp-json\/wp\/v2\/types\/post"}],"author":[{"embeddable":true,"href":"https:\/\/agora.xtec.cat\/ies-rbiv-cambrils\/wp-json\/wp\/v2\/users\/340"}],"replies":[{"embeddable":true,"href":"https:\/\/agora.xtec.cat\/ies-rbiv-cambrils\/wp-json\/wp\/v2\/comments?post=16925"}],"version-history":[{"count":7,"href":"https:\/\/agora.xtec.cat\/ies-rbiv-cambrils\/wp-json\/wp\/v2\/posts\/16925\/revisions"}],"predecessor-version":[{"id":18501,"href":"https:\/\/agora.xtec.cat\/ies-rbiv-cambrils\/wp-json\/wp\/v2\/posts\/16925\/revisions\/18501"}],"wp:featuredmedia":[{"embeddable":true,"href":"https:\/\/agora.xtec.cat\/ies-rbiv-cambrils\/wp-json\/wp\/v2\/media\/16928"}],"wp:attachment":[{"href":"https:\/\/agora.xtec.cat\/ies-rbiv-cambrils\/wp-json\/wp\/v2\/media?parent=16925"}],"wp:term":[{"taxonomy":"category","embeddable":true,"href":"https:\/\/agora.xtec.cat\/ies-rbiv-cambrils\/wp-json\/wp\/v2\/categories?post=16925"},{"taxonomy":"post_tag","embeddable":true,"href":"https:\/\/agora.xtec.cat\/ies-rbiv-cambrils\/wp-json\/wp\/v2\/tags?post=16925"}],"curies":[{"name":"wp","href":"https:\/\/api.w.org\/{rel}","templated":true}]}}