{"id":16212,"date":"2025-06-16T14:06:45","date_gmt":"2025-06-16T12:06:45","guid":{"rendered":"https:\/\/agora.xtec.cat\/ies-rbiv-cambrils\/?p=16212"},"modified":"2025-06-16T14:13:59","modified_gmt":"2025-06-16T12:13:59","slug":"graduacio-de-4t-deso-celebrant-un-final-detapa","status":"publish","type":"post","link":"https:\/\/agora.xtec.cat\/ies-rbiv-cambrils\/portada\/graduacio-de-4t-deso-celebrant-un-final-detapa\/","title":{"rendered":"Graduaci\u00f3 de 4t d\u2019ESO: celebrant un final d&#8217;etapa"},"content":{"rendered":"<p data-start=\"169\" data-end=\"449\">El passat dijous 13 de juny va tenir lloc al nostre centre l\u2019acte de graduaci\u00f3 de l\u2019alumnat de 4t d\u2019ESO. La cerim\u00f2nia, molt emotiva i plena de moments especials, va ser condu\u00efda per quatre presentadores -Arlet Aixal\u00e0, Tha\u00eds Machado, Laia Cabedo i Nerea Planas- que es van repartir en dos torns per guiar l\u2019acte amb flu\u00efdesa i proximitat.<\/p>\n<p data-start=\"451\" data-end=\"725\">La vetllada va comptar amb diverses intervencions musicals que van posar en relleu el talent art\u00edstic del nostre alumnat: Gabriela Sanz i Eug\u00e8nia Miquel van obrir les actuacions, seguides de Mat\u00edas Berrios, i, per cloure aquest espai musical, va actuar Iker Vera.<\/p>\n<p data-start=\"727\" data-end=\"996\">Tamb\u00e9 hi van participar els tutors i tutores dels diferents grups, que van dirigir unes paraules de comiat i reconeixement als seus alumnes. Aix\u00ed mateix, representants de cada classe van prendre la paraula per compartir viv\u00e8ncies i agra\u00efments en nom dels seus companys.<\/p>\n<p data-start=\"998\" data-end=\"1287\">Un dels moments m\u00e9s esperats de la tarda va ser l\u2019entrega de les orles i les fotografies de grup, un gest simb\u00f2lic que marca el final d\u2019una etapa i l\u2019inici de nous camins. L\u2019acte va concloure amb un sopar compartit per l\u2019alumnat, que va permetre acomiadar-se en un ambient dist\u00e8s i festiu.<\/p>\n<p data-start=\"1289\" data-end=\"1437\">Des del centre, volem felicitar tots els nois i noies de 4t d\u2019ESO per la seva traject\u00f2ria i desitjar-los molta sort en la nova etapa que comencen.<\/p>\n<p data-start=\"1289\" data-end=\"1437\">Trobareu totes les fotografies i us les podreu descarregar clicant <a href=\"https:\/\/photos.app.goo.gl\/yFHgsmxg7KaMYXQA9\">aqu\u00ed<\/a>.<\/p>\n","protected":false},"excerpt":{"rendered":"<p>El passat dijous 13 de juny va tenir lloc al nostre centre l\u2019acte de graduaci\u00f3 de l\u2019alumnat de 4t d\u2019ESO. La cerim\u00f2nia, molt emotiva i plena de moments especials, va ser condu\u00efda per quatre presentadores -Arlet Aixal\u00e0, Tha\u00eds Machado, Laia Cabedo i Nerea Planas- que&hellip;  <a href=\"https:\/\/agora.xtec.cat\/ies-rbiv-cambrils\/portada\/graduacio-de-4t-deso-celebrant-un-final-detapa\/\" title=\"Read Graduaci\u00f3 de 4t d\u2019ESO: celebrant un final d&#8217;etapa\">Llegeix m\u00e9s\u00bb<\/a><\/p>\n","protected":false},"author":339,"featured_media":16216,"comment_status":"open","ping_status":"open","sticky":false,"template":"","format":"standard","meta":{"_bbp_topic_count":0,"_bbp_reply_count":0,"_bbp_total_topic_count":0,"_bbp_total_reply_count":0,"_bbp_voice_count":0,"_bbp_anonymous_reply_count":0,"_bbp_topic_count_hidden":0,"_bbp_reply_count_hidden":0,"_bbp_forum_subforum_count":0,"footnotes":""},"categories":[29,214],"tags":[],"class_list":["post-16212","post","type-post","status-publish","format-standard","has-post-thumbnail","hentry","category-portada","category-portada-portada"],"post_mailing_queue_ids":[],"_links":{"self":[{"href":"https:\/\/agora.xtec.cat\/ies-rbiv-cambrils\/wp-json\/wp\/v2\/posts\/16212","targetHints":{"allow":["GET"]}}],"collection":[{"href":"https:\/\/agora.xtec.cat\/ies-rbiv-cambrils\/wp-json\/wp\/v2\/posts"}],"about":[{"href":"https:\/\/agora.xtec.cat\/ies-rbiv-cambrils\/wp-json\/wp\/v2\/types\/post"}],"author":[{"embeddable":true,"href":"https:\/\/agora.xtec.cat\/ies-rbiv-cambrils\/wp-json\/wp\/v2\/users\/339"}],"replies":[{"embeddable":true,"href":"https:\/\/agora.xtec.cat\/ies-rbiv-cambrils\/wp-json\/wp\/v2\/comments?post=16212"}],"version-history":[{"count":2,"href":"https:\/\/agora.xtec.cat\/ies-rbiv-cambrils\/wp-json\/wp\/v2\/posts\/16212\/revisions"}],"predecessor-version":[{"id":16217,"href":"https:\/\/agora.xtec.cat\/ies-rbiv-cambrils\/wp-json\/wp\/v2\/posts\/16212\/revisions\/16217"}],"wp:featuredmedia":[{"embeddable":true,"href":"https:\/\/agora.xtec.cat\/ies-rbiv-cambrils\/wp-json\/wp\/v2\/media\/16216"}],"wp:attachment":[{"href":"https:\/\/agora.xtec.cat\/ies-rbiv-cambrils\/wp-json\/wp\/v2\/media?parent=16212"}],"wp:term":[{"taxonomy":"category","embeddable":true,"href":"https:\/\/agora.xtec.cat\/ies-rbiv-cambrils\/wp-json\/wp\/v2\/categories?post=16212"},{"taxonomy":"post_tag","embeddable":true,"href":"https:\/\/agora.xtec.cat\/ies-rbiv-cambrils\/wp-json\/wp\/v2\/tags?post=16212"}],"curies":[{"name":"wp","href":"https:\/\/api.w.org\/{rel}","templated":true}]}}