{"id":16160,"date":"2025-06-12T10:00:01","date_gmt":"2025-06-12T08:00:01","guid":{"rendered":"https:\/\/agora.xtec.cat\/ies-rbiv-cambrils\/?p=16160"},"modified":"2025-06-11T15:25:22","modified_gmt":"2025-06-11T13:25:22","slug":"adria-veciana-premi-extraordinari-de-formacio-professional","status":"publish","type":"post","link":"https:\/\/agora.xtec.cat\/ies-rbiv-cambrils\/portada\/adria-veciana-premi-extraordinari-de-formacio-professional\/","title":{"rendered":"Adri\u00e0 Veciana, Premi Extraordinari de Formaci\u00f3 Professional"},"content":{"rendered":"<p data-start=\"168\" data-end=\"519\">Ens enorgulleix compartir una gran not\u00edcia: <strong data-start=\"212\" data-end=\"239\">l\u2019Adri\u00e0 Veciana Torrell<\/strong>, exalumne del <strong data-start=\"254\" data-end=\"326\">Cicle Formatiu de Grau Mitj\u00e0 en Manteniment d\u2019Embarcacions d\u2019Esbarjo<\/strong>, ha estat guardonat amb el <strong data-start=\"354\" data-end=\"416\">Premi Extraordinari de Formaci\u00f3 Professional de grau mitj\u00e0<\/strong> en la <strong data-start=\"423\" data-end=\"486\">fam\u00edlia professional de Transport i Manteniment de Vehicles<\/strong>, corresponent al curs 2022-2023.<\/p>\n<p data-start=\"521\" data-end=\"830\">Aquest guard\u00f3, atorgat pel Departament d\u2019Educaci\u00f3, reconeix l\u2019excel\u00b7l\u00e8ncia acad\u00e8mica i el rendiment dels millors alumnes de cada fam\u00edlia professional a nivell de Catalunya. \u00c9s una distinci\u00f3 que valora no nom\u00e9s les qualificacions obtingudes, sin\u00f3 tamb\u00e9 la traject\u00f2ria, l\u2019actitud i el comprom\u00eds amb els estudis.<\/p>\n<p data-start=\"832\" data-end=\"1211\">L\u2019acte de lliurament dels premis va tenir lloc <strong data-start=\"879\" data-end=\"949\">el 10 de juny a l\u2019Auditori del Conservatori del Liceu de Barcelona<\/strong>, en una cerim\u00f2nia presidida per la consellera d\u2019Educaci\u00f3 i Formaci\u00f3 Professional, <strong data-start=\"1032\" data-end=\"1048\">Esther Niub\u00f3<\/strong>. En el seu discurs, la consellera va destacar que aquests premis &#8220;s\u00f3n molt m\u00e9s que un reconeixement acad\u00e8mic, s\u00f3n un s\u00edmbol de talent, comprom\u00eds, rigor i esfor\u00e7&#8221;.<\/p>\n<p data-start=\"1213\" data-end=\"1567\">Per al nostre centre, aquest reconeixement \u00e9s motiu de gran satisfacci\u00f3 i un exemple per a tot l\u2019alumnat actual de cicles formatius. Des d\u2019aqu\u00ed, volem <strong data-start=\"1587\" data-end=\"1620\">felicitar efusivament l\u2019Adri\u00e0<\/strong> i <strong data-start=\"1623\" data-end=\"1711\">desitjar-li molts encerts en els nous camins professionals i personals que emprengui<\/strong>. El seu esfor\u00e7 i const\u00e0ncia s\u00f3n una inspiraci\u00f3 per a tots nosaltres.<\/p>\n","protected":false},"excerpt":{"rendered":"<p>Ens enorgulleix compartir una gran not\u00edcia: l\u2019Adri\u00e0 Veciana Torrell, exalumne del Cicle Formatiu de Grau Mitj\u00e0 en Manteniment d\u2019Embarcacions d\u2019Esbarjo, ha estat guardonat amb el Premi Extraordinari de Formaci\u00f3 Professional de grau mitj\u00e0 en la fam\u00edlia professional de Transport i Manteniment de Vehicles, corresponent al&hellip;  <a href=\"https:\/\/agora.xtec.cat\/ies-rbiv-cambrils\/portada\/adria-veciana-premi-extraordinari-de-formacio-professional\/\" title=\"Read Adri\u00e0 Veciana, Premi Extraordinari de Formaci\u00f3 Professional\">Llegeix m\u00e9s\u00bb<\/a><\/p>\n","protected":false},"author":339,"featured_media":16162,"comment_status":"open","ping_status":"open","sticky":false,"template":"","format":"standard","meta":{"_bbp_topic_count":0,"_bbp_reply_count":0,"_bbp_total_topic_count":0,"_bbp_total_reply_count":0,"_bbp_voice_count":0,"_bbp_anonymous_reply_count":0,"_bbp_topic_count_hidden":0,"_bbp_reply_count_hidden":0,"_bbp_forum_subforum_count":0,"footnotes":""},"categories":[29,214],"tags":[],"class_list":["post-16160","post","type-post","status-publish","format-standard","has-post-thumbnail","hentry","category-portada","category-portada-portada"],"post_mailing_queue_ids":[],"_links":{"self":[{"href":"https:\/\/agora.xtec.cat\/ies-rbiv-cambrils\/wp-json\/wp\/v2\/posts\/16160","targetHints":{"allow":["GET"]}}],"collection":[{"href":"https:\/\/agora.xtec.cat\/ies-rbiv-cambrils\/wp-json\/wp\/v2\/posts"}],"about":[{"href":"https:\/\/agora.xtec.cat\/ies-rbiv-cambrils\/wp-json\/wp\/v2\/types\/post"}],"author":[{"embeddable":true,"href":"https:\/\/agora.xtec.cat\/ies-rbiv-cambrils\/wp-json\/wp\/v2\/users\/339"}],"replies":[{"embeddable":true,"href":"https:\/\/agora.xtec.cat\/ies-rbiv-cambrils\/wp-json\/wp\/v2\/comments?post=16160"}],"version-history":[{"count":1,"href":"https:\/\/agora.xtec.cat\/ies-rbiv-cambrils\/wp-json\/wp\/v2\/posts\/16160\/revisions"}],"predecessor-version":[{"id":16161,"href":"https:\/\/agora.xtec.cat\/ies-rbiv-cambrils\/wp-json\/wp\/v2\/posts\/16160\/revisions\/16161"}],"wp:featuredmedia":[{"embeddable":true,"href":"https:\/\/agora.xtec.cat\/ies-rbiv-cambrils\/wp-json\/wp\/v2\/media\/16162"}],"wp:attachment":[{"href":"https:\/\/agora.xtec.cat\/ies-rbiv-cambrils\/wp-json\/wp\/v2\/media?parent=16160"}],"wp:term":[{"taxonomy":"category","embeddable":true,"href":"https:\/\/agora.xtec.cat\/ies-rbiv-cambrils\/wp-json\/wp\/v2\/categories?post=16160"},{"taxonomy":"post_tag","embeddable":true,"href":"https:\/\/agora.xtec.cat\/ies-rbiv-cambrils\/wp-json\/wp\/v2\/tags?post=16160"}],"curies":[{"name":"wp","href":"https:\/\/api.w.org\/{rel}","templated":true}]}}