{"id":15858,"date":"2025-04-11T15:00:04","date_gmt":"2025-04-11T13:00:04","guid":{"rendered":"https:\/\/agora.xtec.cat\/ies-rbiv-cambrils\/?p=15858"},"modified":"2025-04-11T10:58:18","modified_gmt":"2025-04-11T08:58:18","slug":"cronica-duns-dies-a-roma-per-aina-i-arlet-aixala-cinta-gabriel","status":"publish","type":"post","link":"https:\/\/agora.xtec.cat\/ies-rbiv-cambrils\/portada\/cronica-duns-dies-a-roma-per-aina-i-arlet-aixala-cinta-gabriel\/","title":{"rendered":"Cr\u00f2nica d&#8217;uns dies a Roma (per Aina i Arlet Aixal\u00e0 &#038; Cinta Gabriel)"},"content":{"rendered":"<p>Un cop la cremallera de la maleta va tancar, va comen\u00e7ar tot. Va apar\u00e8ixer una il\u00b7lusi\u00f3 que no es va apagar durant els cinc dies que vam visitar la ciutat. Comen\u00e7ava, aix\u00ed, el viatge de final de curs de 4t d\u2019ESO.<\/p>\n<p>Aquest mateix trenta-u de mar\u00e7, vam sortir de Cambrils per impregnar-nos de la cultura italiana i, sobretot, per gaudir amb els nostres companys abans de comen\u00e7ar una nova etapa.<br \/>\nDespr\u00e9s d\u2019unes quantes hores de viatge ens vam dirigir cap al centre, on vam dinar els nostres primers plats de cuina italiana, tot visitant l\u2019esgl\u00e9sia de Santa Maria Maggiore. M\u00e9s tard, vam anar a la Fontana di Trevi on vam comen\u00e7ar a sentir de veritat la ciutat i, com mana la tradici\u00f3, vam tirar una moneda tot demanant un desig.<\/p>\n<p>Tots coincidim que el segon dia va ser el m\u00e9s impressionant. Vam visitar el Coliseu, que ja impactava vist des de lluny, per\u00f2 contemplat de prop de prop ens va transportar de ple a l\u2019antiga Roma. A m\u00e9s, el Jes\u00fas ens va portar pel F\u00f2rum Rom\u00e0 de la ciutat i ens va explicar la seva hist\u00f2ria.<\/p>\n<p>El tercer dia vam visitar la Ciutat del Vatic\u00e0, en concret el seu incre\u00efble museu, on vam quedar esbala\u00efts amb les meravelloses pintures del Palau del Papa i sobretot amb la Capella Sixtina i la impressionant bas\u00edlica.<\/p>\n<p>L&#8217;endem\u00e0 vam encaminar-nos cap al fam\u00f3s barri de Trastevere on vam poder gaudir del seu ambient animat, dels petits restaurants i de les places plenes de vida i sol. A m\u00e9s de dinar-hi, vam visitar la bas\u00edlica de Santa Maria i, com \u00e9s tradici\u00f3 a It\u00e0lia, vam fer una parada per comprar un bon \u201cgelato\u201d.<\/p>\n<p>El cinqu\u00e8 dia ja s\u2019acostava el final del viatge i per acomiadar-nos de la ciutat, el Jes\u00fas ens va guiar pels millors carrerons, miradors i places que hi havia al voltant de l\u2019hotel, all\u00ed vam descobrir la pla\u00e7a Navona i vam veure La Fontana dei Quattro Fiumi, i sobretot vam gaudir al m\u00e0xim l\u2019\u00faltim dinar!<\/p>\n<p>I ja va ser hora de tornar a tancar la cremallera de la maleta, per\u00f2 aquest cop anava plena de records que sempre portarem amb nosaltres.<\/p>\n","protected":false},"excerpt":{"rendered":"<p>Un cop la cremallera de la maleta va tancar, va comen\u00e7ar tot. Va apar\u00e8ixer una il\u00b7lusi\u00f3 que no es va apagar durant els cinc dies que vam visitar la ciutat. Comen\u00e7ava, aix\u00ed, el viatge de final de curs de 4t d\u2019ESO.<br \/>\nAquest mateix trenta-u de mar\u00e7,&hellip;  <a href=\"https:\/\/agora.xtec.cat\/ies-rbiv-cambrils\/portada\/cronica-duns-dies-a-roma-per-aina-i-arlet-aixala-cinta-gabriel\/\" title=\"Read Cr\u00f2nica d&#8217;uns dies a Roma (per Aina i Arlet Aixal\u00e0 &#038; Cinta Gabriel)\">Llegeix m\u00e9s\u00bb<\/a><\/p>\n","protected":false},"author":339,"featured_media":15861,"comment_status":"open","ping_status":"closed","sticky":false,"template":"","format":"standard","meta":{"_bbp_topic_count":0,"_bbp_reply_count":0,"_bbp_total_topic_count":0,"_bbp_total_reply_count":0,"_bbp_voice_count":0,"_bbp_anonymous_reply_count":0,"_bbp_topic_count_hidden":0,"_bbp_reply_count_hidden":0,"_bbp_forum_subforum_count":0,"footnotes":""},"categories":[29,214],"tags":[],"class_list":["post-15858","post","type-post","status-publish","format-standard","has-post-thumbnail","hentry","category-portada","category-portada-portada"],"post_mailing_queue_ids":[],"_links":{"self":[{"href":"https:\/\/agora.xtec.cat\/ies-rbiv-cambrils\/wp-json\/wp\/v2\/posts\/15858","targetHints":{"allow":["GET"]}}],"collection":[{"href":"https:\/\/agora.xtec.cat\/ies-rbiv-cambrils\/wp-json\/wp\/v2\/posts"}],"about":[{"href":"https:\/\/agora.xtec.cat\/ies-rbiv-cambrils\/wp-json\/wp\/v2\/types\/post"}],"author":[{"embeddable":true,"href":"https:\/\/agora.xtec.cat\/ies-rbiv-cambrils\/wp-json\/wp\/v2\/users\/339"}],"replies":[{"embeddable":true,"href":"https:\/\/agora.xtec.cat\/ies-rbiv-cambrils\/wp-json\/wp\/v2\/comments?post=15858"}],"version-history":[{"count":1,"href":"https:\/\/agora.xtec.cat\/ies-rbiv-cambrils\/wp-json\/wp\/v2\/posts\/15858\/revisions"}],"predecessor-version":[{"id":15860,"href":"https:\/\/agora.xtec.cat\/ies-rbiv-cambrils\/wp-json\/wp\/v2\/posts\/15858\/revisions\/15860"}],"wp:featuredmedia":[{"embeddable":true,"href":"https:\/\/agora.xtec.cat\/ies-rbiv-cambrils\/wp-json\/wp\/v2\/media\/15861"}],"wp:attachment":[{"href":"https:\/\/agora.xtec.cat\/ies-rbiv-cambrils\/wp-json\/wp\/v2\/media?parent=15858"}],"wp:term":[{"taxonomy":"category","embeddable":true,"href":"https:\/\/agora.xtec.cat\/ies-rbiv-cambrils\/wp-json\/wp\/v2\/categories?post=15858"},{"taxonomy":"post_tag","embeddable":true,"href":"https:\/\/agora.xtec.cat\/ies-rbiv-cambrils\/wp-json\/wp\/v2\/tags?post=15858"}],"curies":[{"name":"wp","href":"https:\/\/api.w.org\/{rel}","templated":true}]}}