{"id":15598,"date":"2025-03-20T09:52:29","date_gmt":"2025-03-20T08:52:29","guid":{"rendered":"https:\/\/agora.xtec.cat\/ies-rbiv-cambrils\/?p=15598"},"modified":"2025-03-20T09:52:29","modified_gmt":"2025-03-20T08:52:29","slug":"concurs-de-cartells-per-sant-jordi","status":"publish","type":"post","link":"https:\/\/agora.xtec.cat\/ies-rbiv-cambrils\/portada\/concurs-de-cartells-per-sant-jordi\/","title":{"rendered":"Concurs de cartells per Sant Jordi"},"content":{"rendered":"<p>L\u2019institut ha obert una convocat\u00f2ria per a un concurs de cartells amb l\u2019objectiu de promoure l\u2019h\u00e0bit de la lectura entre els estudiants. Aquesta iniciativa est\u00e0 oberta a tots els alumnes, que podran participar de manera individual o en parelles, segons el nom, cognom i grup de cada integrant.<\/p>\n<p>Els cartells han d\u2019incloure un lema de m\u00e0xim cinc paraules que inspiri i motivi a llegir, i es poden utilitzar diferents t\u00e8cniques lliures com fotografia, dibuix o qualsevol altre mitj\u00e0 creatiu. Els treballs es podran presentar tant en format digital, enviant-los a l\u2019adre\u00e7a biblioteca@rbiv.cat, com en format f\u00edsic, en mides DIN-A4 o DIN-A3, a la consergeria.<\/p>\n<p>La data l\u00edmit per presentar els cartells \u00e9s el proper 4 d\u2019abril de 2025, fins a les 12 h. Els guanyadors rebran un premi especial el dia de Sant Jordi, una jornada dedicada a la celebraci\u00f3 de la literatura i la cultura. A m\u00e9s, els millors cartells s\u2019exposaran a la biblioteca de l\u2019Institut, on podran ser admirats per tota la comunitat educativa.<\/p>\n<p>Animeu-vos a participar-hi i deixeu volar la vostra creativitat per fomentar la passi\u00f3 per la lectura!<\/p>\n","protected":false},"excerpt":{"rendered":"<p>L\u2019institut ha obert una convocat\u00f2ria per a un concurs de cartells amb l\u2019objectiu de promoure l\u2019h\u00e0bit de la lectura entre els estudiants. Aquesta iniciativa est\u00e0 oberta a tots els alumnes, que podran participar de manera individual o en parelles, segons el nom, cognom i grup&hellip;  <a href=\"https:\/\/agora.xtec.cat\/ies-rbiv-cambrils\/portada\/concurs-de-cartells-per-sant-jordi\/\" title=\"Read Concurs de cartells per Sant Jordi\">Llegeix m\u00e9s\u00bb<\/a><\/p>\n","protected":false},"author":339,"featured_media":15599,"comment_status":"open","ping_status":"closed","sticky":false,"template":"","format":"standard","meta":{"_bbp_topic_count":0,"_bbp_reply_count":0,"_bbp_total_topic_count":0,"_bbp_total_reply_count":0,"_bbp_voice_count":0,"_bbp_anonymous_reply_count":0,"_bbp_topic_count_hidden":0,"_bbp_reply_count_hidden":0,"_bbp_forum_subforum_count":0,"footnotes":""},"categories":[131,29,214],"tags":[],"class_list":["post-15598","post","type-post","status-publish","format-standard","has-post-thumbnail","hentry","category-biblioteca","category-portada","category-portada-portada"],"post_mailing_queue_ids":[],"_links":{"self":[{"href":"https:\/\/agora.xtec.cat\/ies-rbiv-cambrils\/wp-json\/wp\/v2\/posts\/15598","targetHints":{"allow":["GET"]}}],"collection":[{"href":"https:\/\/agora.xtec.cat\/ies-rbiv-cambrils\/wp-json\/wp\/v2\/posts"}],"about":[{"href":"https:\/\/agora.xtec.cat\/ies-rbiv-cambrils\/wp-json\/wp\/v2\/types\/post"}],"author":[{"embeddable":true,"href":"https:\/\/agora.xtec.cat\/ies-rbiv-cambrils\/wp-json\/wp\/v2\/users\/339"}],"replies":[{"embeddable":true,"href":"https:\/\/agora.xtec.cat\/ies-rbiv-cambrils\/wp-json\/wp\/v2\/comments?post=15598"}],"version-history":[{"count":1,"href":"https:\/\/agora.xtec.cat\/ies-rbiv-cambrils\/wp-json\/wp\/v2\/posts\/15598\/revisions"}],"predecessor-version":[{"id":15600,"href":"https:\/\/agora.xtec.cat\/ies-rbiv-cambrils\/wp-json\/wp\/v2\/posts\/15598\/revisions\/15600"}],"wp:featuredmedia":[{"embeddable":true,"href":"https:\/\/agora.xtec.cat\/ies-rbiv-cambrils\/wp-json\/wp\/v2\/media\/15599"}],"wp:attachment":[{"href":"https:\/\/agora.xtec.cat\/ies-rbiv-cambrils\/wp-json\/wp\/v2\/media?parent=15598"}],"wp:term":[{"taxonomy":"category","embeddable":true,"href":"https:\/\/agora.xtec.cat\/ies-rbiv-cambrils\/wp-json\/wp\/v2\/categories?post=15598"},{"taxonomy":"post_tag","embeddable":true,"href":"https:\/\/agora.xtec.cat\/ies-rbiv-cambrils\/wp-json\/wp\/v2\/tags?post=15598"}],"curies":[{"name":"wp","href":"https:\/\/api.w.org\/{rel}","templated":true}]}}