{"id":15500,"date":"2025-03-07T14:00:41","date_gmt":"2025-03-07T13:00:41","guid":{"rendered":"https:\/\/agora.xtec.cat\/ies-rbiv-cambrils\/?p=15500"},"modified":"2025-03-07T14:16:57","modified_gmt":"2025-03-07T13:16:57","slug":"iguals-per-crear-lliures-per-viure-celebrem-el-8m","status":"publish","type":"post","link":"https:\/\/agora.xtec.cat\/ies-rbiv-cambrils\/portada\/iguals-per-crear-lliures-per-viure-celebrem-el-8m\/","title":{"rendered":"Iguals per crear, lliures per viure: celebrem el 8M"},"content":{"rendered":"<p>Aquest mat\u00ed, tot l&#8217;alumnat del centre s&#8217;ha despla\u00e7at fins a l&#8217;Ajuntament per commemorar el Dia Internacional de les Dones. Despr\u00e9s dels parlaments institucionals, han pres la paraula dues alumnes de 1r d&#8217;ESO del centre: Hera Esteve i Nour El Batiui. El discurs s&#8217;ha articulat a l&#8217;entorn del lema com\u00fa \u00abIguals per crear\u00bb. Us en deixem tot seguit el discurs:<\/p>\n<blockquote><p>Avui, 7 de mar\u00e7, ens reunim per commemorar el Dia Internacional de la Dona. \u00c9s un dia per celebrar, s\u00ed, per\u00f2 tamb\u00e9 per aixecar la veu i reivindicar un m\u00f3n m\u00e9s just sota el lema &#8220;Iguals per crear, lliures per viure&#8221;. Us heu preguntat mai qu\u00e8 significa aix\u00f2? I, sobretot, per qu\u00e8 \u00e9s tan important per a nosaltres, adolescents de 13 anys que estem comen\u00e7ant a decidir qui volem ser?<\/p>\n<p>&#8220;Iguals per crear&#8221; vol dir que tots, noies i nois, hem de tenir les mateixes oportunitats per fer grans coses: per inventar, per somiar, per crear. Penseu-hi: i si a una noia se li digu\u00e9s que no pot ser enginyera perqu\u00e8 &#8220;aix\u00f2 \u00e9s cosa de nois&#8221;? O si a un noi se li prohib\u00eds ser cuiner perqu\u00e8 &#8220;aix\u00f2 \u00e9s de noies&#8221;? Seria absurd, oi? La igualtat de g\u00e8nere ens ha de permetre tenir un futur ple d\u2019idees brillants, vinguin de qui vinguin.<\/p>\n<p>D\u2019altra banda, &#8220;lliures per viure&#8221; significa que ning\u00fa no ens ha de posar l\u00edmits pel nostre g\u00e8nere. Hem de poder triar qui som i qu\u00e8 volem ser sense que ens diguin &#8220;no pots&#8221; o &#8220;no hauries&#8221;. \u00c9s viure en un m\u00f3n on el respecte sigui per a tothom, sense excepcions.<\/p>\n<p>A l\u2019Institut Ramon Berenguer IV som una comunitat que pot fer molt per aquests ideals. Aqu\u00ed aprenem junts, creixem junts i tenim l\u2019oportunitat de demostrar que la igualtat no \u00e9s nom\u00e9s una paraula bonica, sin\u00f3 una realitat que hem de construir. Per\u00f2 no ens enganyem: encara hi ha obstacles. Hi ha dones que avui, al 2025, no poden estudiar, treballar o decidir lliurement nom\u00e9s perqu\u00e8 s\u00f3n dones. Aix\u00f2 no \u00e9s just, i hem de dir-ho ben alt: PROU!<\/p>\n<p>Mireu, hi ha dones que han canviat el m\u00f3n tot i tenir-ho tot en contra. Penseu en Marie Curie, que va revolucionar la ci\u00e8ncia amb els seus descobriments, o en Malala Yousafzai, que amb nom\u00e9s 15 anys es va enfrontar als qui li volien arrabassar el dret a estudiar. Elles van crear i van viure lliures perqu\u00e8 no es van rendir.<\/p>\n<p>I a casa nostra, a Catalunya, tamb\u00e9 tenim exemples inspiradors. Coneixeu Merc\u00e8 Rodoreda? Va ser una escriptora valenta que, amb llibres com La pla\u00e7a del Diamant, va donar veu a les dones i va ensenyar-nos com n\u2019\u00e9s d\u2019important lluitar contra les injust\u00edcies. En una \u00e8poca on les dones havien de callar, ella va escriure, va crear i va viure amb llibertat. La seva hist\u00f2ria ens recorda que les paraules poden ser armes poderoses per canviar el m\u00f3n.<\/p>\n<p>Per\u00f2 no cal anar tan lluny per trobar hero\u00efnes. Les nostres mares, les nostres professores, les nostres amigues\u2026 elles tamb\u00e9 lluiten cada dia contra prejudicis i desigualtats. I nosaltres, qu\u00e8 podem fer? Hem de ser part d\u2019aquest canvi! Nois i noies, tots junts. Perqu\u00e8 la igualtat no \u00e9s nom\u00e9s cosa de les dones: quan elles guanyen llibertat, tots hi guanyem.<\/p>\n<p>Aix\u00ed que avui us fem una proposta: fem que el m\u00f3n sigui un lloc on la igualtat sigui real. Com? Respectant-nos, donant suport als somnis de tothom, dient &#8220;no&#8221; als comentaris masclistes i defensant el que \u00e9s just. Cada gest compta: quan recolzem una companya que vol liderar un projecte, quan q\u00fcestionem un estereotip, quan diem &#8220;tots podem&#8221;.<\/p>\n<p>Acabem amb una idea clara: &#8220;Iguals per crear, lliures per viure&#8221; no \u00e9s nom\u00e9s un lema, \u00e9s el nostre repte. Som la generaci\u00f3 que pot fer-ho possible. Aquest 7 de mar\u00e7, prometem-nos ser persones valentes, justes i treballar per un m\u00f3n on tothom tingui veu i llibertat. Juntes, podem construir aquest futur.<\/p>\n<p>Moltes gr\u00e0cies!<\/p><\/blockquote>\n<p>&nbsp;<\/p>\n","protected":false},"excerpt":{"rendered":"<p>Aquest mat\u00ed, tot l&#8217;alumnat del centre s&#8217;ha despla\u00e7at fins a l&#8217;Ajuntament per commemorar el Dia Internacional de les Dones. Despr\u00e9s dels parlaments institucionals, han pres la paraula dues alumnes de 1r d&#8217;ESO del centre: Hera Esteve i Nour El Batiui. El discurs s&#8217;ha articulat a&hellip;  <a href=\"https:\/\/agora.xtec.cat\/ies-rbiv-cambrils\/portada\/iguals-per-crear-lliures-per-viure-celebrem-el-8m\/\" title=\"Read Iguals per crear, lliures per viure: celebrem el 8M\">Llegeix m\u00e9s\u00bb<\/a><\/p>\n","protected":false},"author":339,"featured_media":15501,"comment_status":"open","ping_status":"closed","sticky":false,"template":"","format":"standard","meta":{"_bbp_topic_count":0,"_bbp_reply_count":0,"_bbp_total_topic_count":0,"_bbp_total_reply_count":0,"_bbp_voice_count":0,"_bbp_anonymous_reply_count":0,"_bbp_topic_count_hidden":0,"_bbp_reply_count_hidden":0,"_bbp_forum_subforum_count":0,"footnotes":""},"categories":[29,214],"tags":[],"class_list":["post-15500","post","type-post","status-publish","format-standard","has-post-thumbnail","hentry","category-portada","category-portada-portada"],"post_mailing_queue_ids":[],"_links":{"self":[{"href":"https:\/\/agora.xtec.cat\/ies-rbiv-cambrils\/wp-json\/wp\/v2\/posts\/15500","targetHints":{"allow":["GET"]}}],"collection":[{"href":"https:\/\/agora.xtec.cat\/ies-rbiv-cambrils\/wp-json\/wp\/v2\/posts"}],"about":[{"href":"https:\/\/agora.xtec.cat\/ies-rbiv-cambrils\/wp-json\/wp\/v2\/types\/post"}],"author":[{"embeddable":true,"href":"https:\/\/agora.xtec.cat\/ies-rbiv-cambrils\/wp-json\/wp\/v2\/users\/339"}],"replies":[{"embeddable":true,"href":"https:\/\/agora.xtec.cat\/ies-rbiv-cambrils\/wp-json\/wp\/v2\/comments?post=15500"}],"version-history":[{"count":1,"href":"https:\/\/agora.xtec.cat\/ies-rbiv-cambrils\/wp-json\/wp\/v2\/posts\/15500\/revisions"}],"predecessor-version":[{"id":15502,"href":"https:\/\/agora.xtec.cat\/ies-rbiv-cambrils\/wp-json\/wp\/v2\/posts\/15500\/revisions\/15502"}],"wp:featuredmedia":[{"embeddable":true,"href":"https:\/\/agora.xtec.cat\/ies-rbiv-cambrils\/wp-json\/wp\/v2\/media\/15501"}],"wp:attachment":[{"href":"https:\/\/agora.xtec.cat\/ies-rbiv-cambrils\/wp-json\/wp\/v2\/media?parent=15500"}],"wp:term":[{"taxonomy":"category","embeddable":true,"href":"https:\/\/agora.xtec.cat\/ies-rbiv-cambrils\/wp-json\/wp\/v2\/categories?post=15500"},{"taxonomy":"post_tag","embeddable":true,"href":"https:\/\/agora.xtec.cat\/ies-rbiv-cambrils\/wp-json\/wp\/v2\/tags?post=15500"}],"curies":[{"name":"wp","href":"https:\/\/api.w.org\/{rel}","templated":true}]}}