{"id":15494,"date":"2025-03-21T10:00:13","date_gmt":"2025-03-21T09:00:13","guid":{"rendered":"https:\/\/agora.xtec.cat\/ies-rbiv-cambrils\/?p=15494"},"modified":"2025-03-18T16:14:41","modified_gmt":"2025-03-18T15:14:41","slug":"descobrint-les-matematiques-duna-manera-diferent","status":"publish","type":"post","link":"https:\/\/agora.xtec.cat\/ies-rbiv-cambrils\/portada\/descobrint-les-matematiques-duna-manera-diferent\/","title":{"rendered":"Descobrint les matem\u00e0tiques d&#8217;una manera diferent"},"content":{"rendered":"<p data-start=\"112\" data-end=\"433\">Els alumnes de 2n d\u2019ESO han tingut l\u2019oportunitat de visitar la subseu recentment inaugurada del MMACA (Museu de les Matem\u00e0tiques de Catalunya) a Tarragona. Aquesta sortida ha estat una experi\u00e8ncia molt enriquidora que els ha perm\u00e8s entendre les matem\u00e0tiques d\u2019una manera diferent, manipulativa i aplicada a la realitat.<\/p>\n<p data-start=\"435\" data-end=\"973\">Durant la visita, l\u2019alumnat ha pogut experimentar amb les diverses propostes interactives del museu, resolent reptes matem\u00e0tics i descobrint conceptes d\u2019una manera l\u00fadica i pr\u00e0ctica. A m\u00e9s, han participat en una gimcana matem\u00e0tico-romana al Parc de la Ciutat, on, per equips, havien de superar proves per desxifrar el missatge que els revelaria on estava amagat en Lucius Pupilius, un personatge fictici que es trobava recl\u00f2s a l&#8217;Amfiteatre. Cada repte superat els donava una lletra, i un cop resolt el codi, podien alliberar en Lucius.<\/p>\n<p data-start=\"435\" data-end=\"973\"><img loading=\"lazy\" decoding=\"async\" class=\"alignnone size-medium wp-image-15496\" src=\"https:\/\/agora.xtec.cat\/ies-rbiv-cambrils\/wp-content\/uploads\/usu79\/2025\/03\/WhatsApp-Image-2025-03-05-at-14.22.33-1-300x225.jpeg\" alt=\"\" width=\"300\" height=\"225\" srcset=\"https:\/\/agora.xtec.cat\/ies-rbiv-cambrils\/wp-content\/uploads\/usu79\/2025\/03\/WhatsApp-Image-2025-03-05-at-14.22.33-1-300x225.jpeg 300w, https:\/\/agora.xtec.cat\/ies-rbiv-cambrils\/wp-content\/uploads\/usu79\/2025\/03\/WhatsApp-Image-2025-03-05-at-14.22.33-1-1024x768.jpeg 1024w, https:\/\/agora.xtec.cat\/ies-rbiv-cambrils\/wp-content\/uploads\/usu79\/2025\/03\/WhatsApp-Image-2025-03-05-at-14.22.33-1-768x576.jpeg 768w, https:\/\/agora.xtec.cat\/ies-rbiv-cambrils\/wp-content\/uploads\/usu79\/2025\/03\/WhatsApp-Image-2025-03-05-at-14.22.33-1-1536x1152.jpeg 1536w, https:\/\/agora.xtec.cat\/ies-rbiv-cambrils\/wp-content\/uploads\/usu79\/2025\/03\/WhatsApp-Image-2025-03-05-at-14.22.33-1-200x150.jpeg 200w, https:\/\/agora.xtec.cat\/ies-rbiv-cambrils\/wp-content\/uploads\/usu79\/2025\/03\/WhatsApp-Image-2025-03-05-at-14.22.33-1.jpeg 1600w\" sizes=\"auto, (max-width: 300px) 100vw, 300px\" \/><img loading=\"lazy\" decoding=\"async\" class=\"alignnone size-medium wp-image-15497\" src=\"https:\/\/agora.xtec.cat\/ies-rbiv-cambrils\/wp-content\/uploads\/usu79\/2025\/03\/WhatsApp-Image-2025-03-05-at-14.11.29-2-300x225.jpeg\" alt=\"\" width=\"300\" height=\"225\" srcset=\"https:\/\/agora.xtec.cat\/ies-rbiv-cambrils\/wp-content\/uploads\/usu79\/2025\/03\/WhatsApp-Image-2025-03-05-at-14.11.29-2-300x225.jpeg 300w, https:\/\/agora.xtec.cat\/ies-rbiv-cambrils\/wp-content\/uploads\/usu79\/2025\/03\/WhatsApp-Image-2025-03-05-at-14.11.29-2-1024x768.jpeg 1024w, https:\/\/agora.xtec.cat\/ies-rbiv-cambrils\/wp-content\/uploads\/usu79\/2025\/03\/WhatsApp-Image-2025-03-05-at-14.11.29-2-768x576.jpeg 768w, https:\/\/agora.xtec.cat\/ies-rbiv-cambrils\/wp-content\/uploads\/usu79\/2025\/03\/WhatsApp-Image-2025-03-05-at-14.11.29-2-1536x1152.jpeg 1536w, https:\/\/agora.xtec.cat\/ies-rbiv-cambrils\/wp-content\/uploads\/usu79\/2025\/03\/WhatsApp-Image-2025-03-05-at-14.11.29-2-200x150.jpeg 200w, https:\/\/agora.xtec.cat\/ies-rbiv-cambrils\/wp-content\/uploads\/usu79\/2025\/03\/WhatsApp-Image-2025-03-05-at-14.11.29-2.jpeg 2048w\" sizes=\"auto, (max-width: 300px) 100vw, 300px\" \/> <img loading=\"lazy\" decoding=\"async\" class=\"alignnone size-medium wp-image-15498\" src=\"https:\/\/agora.xtec.cat\/ies-rbiv-cambrils\/wp-content\/uploads\/usu79\/2025\/03\/WhatsApp-Image-2025-03-05-at-14.22.33-2-300x225.jpeg\" alt=\"\" width=\"300\" height=\"225\" srcset=\"https:\/\/agora.xtec.cat\/ies-rbiv-cambrils\/wp-content\/uploads\/usu79\/2025\/03\/WhatsApp-Image-2025-03-05-at-14.22.33-2-300x225.jpeg 300w, https:\/\/agora.xtec.cat\/ies-rbiv-cambrils\/wp-content\/uploads\/usu79\/2025\/03\/WhatsApp-Image-2025-03-05-at-14.22.33-2-1024x769.jpeg 1024w, https:\/\/agora.xtec.cat\/ies-rbiv-cambrils\/wp-content\/uploads\/usu79\/2025\/03\/WhatsApp-Image-2025-03-05-at-14.22.33-2-768x576.jpeg 768w, https:\/\/agora.xtec.cat\/ies-rbiv-cambrils\/wp-content\/uploads\/usu79\/2025\/03\/WhatsApp-Image-2025-03-05-at-14.22.33-2-1536x1153.jpeg 1536w, https:\/\/agora.xtec.cat\/ies-rbiv-cambrils\/wp-content\/uploads\/usu79\/2025\/03\/WhatsApp-Image-2025-03-05-at-14.22.33-2-200x150.jpeg 200w, https:\/\/agora.xtec.cat\/ies-rbiv-cambrils\/wp-content\/uploads\/usu79\/2025\/03\/WhatsApp-Image-2025-03-05-at-14.22.33-2.jpeg 2048w\" sizes=\"auto, (max-width: 300px) 100vw, 300px\" \/><\/p>\n<p data-start=\"975\" data-end=\"1171\">Aquesta activitat ha combinat hist\u00f2ria, matem\u00e0tiques i treball en equip, fent que l\u2019alumnat gaud\u00eds d\u2019una jornada d\u2019aprenentatge diferent i motivadora. Sens dubte, una experi\u00e8ncia que recordaran!<\/p>\n","protected":false},"excerpt":{"rendered":"<p>Els alumnes de 2n d\u2019ESO han tingut l\u2019oportunitat de visitar la subseu recentment inaugurada del MMACA (Museu de les Matem\u00e0tiques de Catalunya) a Tarragona. Aquesta sortida ha estat una experi\u00e8ncia molt enriquidora que els ha perm\u00e8s entendre les matem\u00e0tiques d\u2019una manera diferent, manipulativa i aplicada&hellip;  <a href=\"https:\/\/agora.xtec.cat\/ies-rbiv-cambrils\/portada\/descobrint-les-matematiques-duna-manera-diferent\/\" title=\"Read Descobrint les matem\u00e0tiques d&#8217;una manera diferent\">Llegeix m\u00e9s\u00bb<\/a><\/p>\n","protected":false},"author":339,"featured_media":15496,"comment_status":"open","ping_status":"closed","sticky":false,"template":"","format":"standard","meta":{"_bbp_topic_count":0,"_bbp_reply_count":0,"_bbp_total_topic_count":0,"_bbp_total_reply_count":0,"_bbp_voice_count":0,"_bbp_anonymous_reply_count":0,"_bbp_topic_count_hidden":0,"_bbp_reply_count_hidden":0,"_bbp_forum_subforum_count":0,"footnotes":""},"categories":[29,214],"tags":[],"class_list":["post-15494","post","type-post","status-publish","format-standard","has-post-thumbnail","hentry","category-portada","category-portada-portada"],"post_mailing_queue_ids":[],"_links":{"self":[{"href":"https:\/\/agora.xtec.cat\/ies-rbiv-cambrils\/wp-json\/wp\/v2\/posts\/15494","targetHints":{"allow":["GET"]}}],"collection":[{"href":"https:\/\/agora.xtec.cat\/ies-rbiv-cambrils\/wp-json\/wp\/v2\/posts"}],"about":[{"href":"https:\/\/agora.xtec.cat\/ies-rbiv-cambrils\/wp-json\/wp\/v2\/types\/post"}],"author":[{"embeddable":true,"href":"https:\/\/agora.xtec.cat\/ies-rbiv-cambrils\/wp-json\/wp\/v2\/users\/339"}],"replies":[{"embeddable":true,"href":"https:\/\/agora.xtec.cat\/ies-rbiv-cambrils\/wp-json\/wp\/v2\/comments?post=15494"}],"version-history":[{"count":2,"href":"https:\/\/agora.xtec.cat\/ies-rbiv-cambrils\/wp-json\/wp\/v2\/posts\/15494\/revisions"}],"predecessor-version":[{"id":15499,"href":"https:\/\/agora.xtec.cat\/ies-rbiv-cambrils\/wp-json\/wp\/v2\/posts\/15494\/revisions\/15499"}],"wp:featuredmedia":[{"embeddable":true,"href":"https:\/\/agora.xtec.cat\/ies-rbiv-cambrils\/wp-json\/wp\/v2\/media\/15496"}],"wp:attachment":[{"href":"https:\/\/agora.xtec.cat\/ies-rbiv-cambrils\/wp-json\/wp\/v2\/media?parent=15494"}],"wp:term":[{"taxonomy":"category","embeddable":true,"href":"https:\/\/agora.xtec.cat\/ies-rbiv-cambrils\/wp-json\/wp\/v2\/categories?post=15494"},{"taxonomy":"post_tag","embeddable":true,"href":"https:\/\/agora.xtec.cat\/ies-rbiv-cambrils\/wp-json\/wp\/v2\/tags?post=15494"}],"curies":[{"name":"wp","href":"https:\/\/api.w.org\/{rel}","templated":true}]}}