{"id":14854,"date":"2024-09-27T10:00:43","date_gmt":"2024-09-27T08:00:43","guid":{"rendered":"https:\/\/agora.xtec.cat\/ies-rbiv-cambrils\/?p=14854"},"modified":"2024-09-26T10:11:57","modified_gmt":"2024-09-26T08:11:57","slug":"renovem-escola-verda","status":"publish","type":"post","link":"https:\/\/agora.xtec.cat\/ies-rbiv-cambrils\/portada\/renovem-escola-verda\/","title":{"rendered":"Renovem el distintiu d&#8217;Escola verda"},"content":{"rendered":"<p>Amb molta alegria us volem compartir que hem renovat el distintiu d\u2019Escola verda fins a l\u2019any 2030. Aquesta ins\u00edgnia no nom\u00e9s valora un seguit d\u2019accions que duem a terme, sin\u00f3 que requereix d\u2019un conjunt de compromisos que ens esforcem a complir: implicaci\u00f3 del claustre, la creaci\u00f3 d\u2019un comit\u00e8 ambiental, una autoavaluaci\u00f3 cont\u00ednua\u2026<\/p>\n<p>Una feina i un esfor\u00e7 que el planeta mereix que fem i que treballem cada dia per assolir! Durant el curs, anirem fent-vos arribar les accions, activitats i tallers que duem a terme en el marc d&#8217;aquesta comissi\u00f3.<\/p>\n<p><img loading=\"lazy\" decoding=\"async\" class=\"alignnone size-large wp-image-14856\" src=\"https:\/\/agora.xtec.cat\/ies-rbiv-cambrils\/wp-content\/uploads\/usu79\/2024\/09\/distintiu-escola-verda-A4-horitzontal-1024x724.png\" alt=\"\" width=\"1024\" height=\"724\" srcset=\"https:\/\/agora.xtec.cat\/ies-rbiv-cambrils\/wp-content\/uploads\/usu79\/2024\/09\/distintiu-escola-verda-A4-horitzontal-1024x724.png 1024w, https:\/\/agora.xtec.cat\/ies-rbiv-cambrils\/wp-content\/uploads\/usu79\/2024\/09\/distintiu-escola-verda-A4-horitzontal-300x212.png 300w, https:\/\/agora.xtec.cat\/ies-rbiv-cambrils\/wp-content\/uploads\/usu79\/2024\/09\/distintiu-escola-verda-A4-horitzontal-768x543.png 768w, https:\/\/agora.xtec.cat\/ies-rbiv-cambrils\/wp-content\/uploads\/usu79\/2024\/09\/distintiu-escola-verda-A4-horitzontal-1536x1086.png 1536w, https:\/\/agora.xtec.cat\/ies-rbiv-cambrils\/wp-content\/uploads\/usu79\/2024\/09\/distintiu-escola-verda-A4-horitzontal.png 2000w\" sizes=\"auto, (max-width: 1024px) 100vw, 1024px\" \/><\/p>\n","protected":false},"excerpt":{"rendered":"<p>Amb molta alegria us volem compartir que hem renovat el distintiu d\u2019Escola verda fins a l\u2019any 2030. Aquesta ins\u00edgnia no nom\u00e9s valora un seguit d\u2019accions que duem a terme, sin\u00f3 que requereix d\u2019un conjunt de compromisos que ens esforcem a complir: implicaci\u00f3 del claustre, la&hellip;  <a href=\"https:\/\/agora.xtec.cat\/ies-rbiv-cambrils\/portada\/renovem-escola-verda\/\" title=\"Read Renovem el distintiu d&#8217;Escola verda\">Llegeix m\u00e9s\u00bb<\/a><\/p>\n","protected":false},"author":339,"featured_media":14855,"comment_status":"open","ping_status":"closed","sticky":false,"template":"","format":"standard","meta":{"_bbp_topic_count":0,"_bbp_reply_count":0,"_bbp_total_topic_count":0,"_bbp_total_reply_count":0,"_bbp_voice_count":0,"_bbp_anonymous_reply_count":0,"_bbp_topic_count_hidden":0,"_bbp_reply_count_hidden":0,"_bbp_forum_subforum_count":0,"footnotes":""},"categories":[29,214],"tags":[],"class_list":["post-14854","post","type-post","status-publish","format-standard","has-post-thumbnail","hentry","category-portada","category-portada-portada"],"post_mailing_queue_ids":[],"_links":{"self":[{"href":"https:\/\/agora.xtec.cat\/ies-rbiv-cambrils\/wp-json\/wp\/v2\/posts\/14854","targetHints":{"allow":["GET"]}}],"collection":[{"href":"https:\/\/agora.xtec.cat\/ies-rbiv-cambrils\/wp-json\/wp\/v2\/posts"}],"about":[{"href":"https:\/\/agora.xtec.cat\/ies-rbiv-cambrils\/wp-json\/wp\/v2\/types\/post"}],"author":[{"embeddable":true,"href":"https:\/\/agora.xtec.cat\/ies-rbiv-cambrils\/wp-json\/wp\/v2\/users\/339"}],"replies":[{"embeddable":true,"href":"https:\/\/agora.xtec.cat\/ies-rbiv-cambrils\/wp-json\/wp\/v2\/comments?post=14854"}],"version-history":[{"count":1,"href":"https:\/\/agora.xtec.cat\/ies-rbiv-cambrils\/wp-json\/wp\/v2\/posts\/14854\/revisions"}],"predecessor-version":[{"id":14857,"href":"https:\/\/agora.xtec.cat\/ies-rbiv-cambrils\/wp-json\/wp\/v2\/posts\/14854\/revisions\/14857"}],"wp:featuredmedia":[{"embeddable":true,"href":"https:\/\/agora.xtec.cat\/ies-rbiv-cambrils\/wp-json\/wp\/v2\/media\/14855"}],"wp:attachment":[{"href":"https:\/\/agora.xtec.cat\/ies-rbiv-cambrils\/wp-json\/wp\/v2\/media?parent=14854"}],"wp:term":[{"taxonomy":"category","embeddable":true,"href":"https:\/\/agora.xtec.cat\/ies-rbiv-cambrils\/wp-json\/wp\/v2\/categories?post=14854"},{"taxonomy":"post_tag","embeddable":true,"href":"https:\/\/agora.xtec.cat\/ies-rbiv-cambrils\/wp-json\/wp\/v2\/tags?post=14854"}],"curies":[{"name":"wp","href":"https:\/\/api.w.org\/{rel}","templated":true}]}}