{"id":13421,"date":"2023-03-29T10:16:03","date_gmt":"2023-03-29T08:16:03","guid":{"rendered":"https:\/\/agora.xtec.cat\/ies-rbiv-cambrils\/?p=13421"},"modified":"2023-04-19T15:24:51","modified_gmt":"2023-04-19T13:24:51","slug":"vine-a-la-jornada-de-portes-obertes-de-cicles-formatius","status":"publish","type":"post","link":"https:\/\/agora.xtec.cat\/ies-rbiv-cambrils\/portada\/vine-a-la-jornada-de-portes-obertes-de-cicles-formatius\/","title":{"rendered":"Vine a la jornada de portes obertes de Cicles Formatius"},"content":{"rendered":"<p style=\"text-align: justify;\">Acabes l&#8217;ESO i\u00a0 s&#8217;obre un ventall de possibilitats per seguir formant-te i treballant pel teu futur. S&#8217;apropa el moment de decidir qu\u00e8 vols estudiar i nosaltres volem ajudar-te en aquesta tria.<\/p>\n<p>Els Cicles Formatius de grau mitj\u00e0 (CFGM) s\u00f3n ensenyaments professionalitzadors que proporcionen la formaci\u00f3 necess\u00e0ria per adquirir la compet\u00e8ncia professional i el coneixement propis de cada sector.<\/p>\n<p style=\"text-align: justify;\">S&#8217;agrupen en fam\u00edlies professionals i tenen una durada de dos cursos acad\u00e8mics.<\/p>\n<p style=\"text-align: justify;\">La titulaci\u00f3 que s&#8217;obt\u00e9 en finalitzar un cicle formatiu de grau mitj\u00e0 \u00e9s la de t\u00e8cnic o t\u00e8cnica del perfil professional corresponent, que permet l&#8217;acc\u00e9s al m\u00f3n laboral, a altres cicles de grau mitj\u00e0 o als cicles de grau superior.<\/p>\n<p style=\"text-align: justify;\">Els cicles formatius s\u00f3n una opci\u00f3 de formaci\u00f3 que us permetr\u00e0 un primer contacte amb el m\u00f3n empresarial mitjan\u00e7ant les pr\u00e0ctiques i la inserci\u00f3 real en el mercat laboral.<\/p>\n<p style=\"text-align: justify;\">Al nostre institut\u00a0 trobareu CFGM de 3 fam\u00edlies professionals diferents. Aquests s\u00f3n CFGM de Manteniment Electromec\u00e0nic, de Gesti\u00f3 administrativa i de Manteniment d&#8217;embarcacions d&#8217;esbarjo.<\/p>\n<p style=\"text-align: justify;\">Hem preparat una Jornada\u00a0 de portes obertes perqu\u00e8 coneguis la nostra oferta formativa. El <strong>proper dimecres 12 d&#8217;abril a les 18.00 hores<\/strong> us convidem a la presentaci\u00f3 on us erxplicarem quins Cicles Formatius pots cursar al Ramon Berenguer IV.<\/p>\n<p style=\"text-align: justify;\">Si vols tenir informaci\u00f3 i con\u00e8ixer les nostres fam\u00edlies professionals, t&#8217;esperem!<\/p>\n<p>&nbsp;<\/p>\n","protected":false},"excerpt":{"rendered":"<p>Acabes l&#8217;ESO i\u00a0 s&#8217;obre un ventall de possibilitats per seguir formant-te i treballant pel teu futur. S&#8217;apropa el moment de decidir qu\u00e8 vols estudiar i nosaltres volem ajudar-te en aquesta tria.&hellip;  <a href=\"https:\/\/agora.xtec.cat\/ies-rbiv-cambrils\/portada\/vine-a-la-jornada-de-portes-obertes-de-cicles-formatius\/\" title=\"Read Vine a la jornada de portes obertes de Cicles Formatius\">Llegeix m\u00e9s\u00bb<\/a><\/p>\n","protected":false},"author":19,"featured_media":13422,"comment_status":"open","ping_status":"closed","sticky":false,"template":"","format":"standard","meta":{"_bbp_topic_count":0,"_bbp_reply_count":0,"_bbp_total_topic_count":0,"_bbp_total_reply_count":0,"_bbp_voice_count":0,"_bbp_anonymous_reply_count":0,"_bbp_topic_count_hidden":0,"_bbp_reply_count_hidden":0,"_bbp_forum_subforum_count":0,"footnotes":""},"categories":[64,63,65,30,29,214],"tags":[],"class_list":["post-13421","post","type-post","status-publish","format-standard","has-post-thumbnail","hentry","category-administrativa","category-electromecanica","category-finances","category-cicles-formatius","category-portada","category-portada-portada"],"post_mailing_queue_ids":[],"_links":{"self":[{"href":"https:\/\/agora.xtec.cat\/ies-rbiv-cambrils\/wp-json\/wp\/v2\/posts\/13421","targetHints":{"allow":["GET"]}}],"collection":[{"href":"https:\/\/agora.xtec.cat\/ies-rbiv-cambrils\/wp-json\/wp\/v2\/posts"}],"about":[{"href":"https:\/\/agora.xtec.cat\/ies-rbiv-cambrils\/wp-json\/wp\/v2\/types\/post"}],"author":[{"embeddable":true,"href":"https:\/\/agora.xtec.cat\/ies-rbiv-cambrils\/wp-json\/wp\/v2\/users\/19"}],"replies":[{"embeddable":true,"href":"https:\/\/agora.xtec.cat\/ies-rbiv-cambrils\/wp-json\/wp\/v2\/comments?post=13421"}],"version-history":[{"count":2,"href":"https:\/\/agora.xtec.cat\/ies-rbiv-cambrils\/wp-json\/wp\/v2\/posts\/13421\/revisions"}],"predecessor-version":[{"id":13424,"href":"https:\/\/agora.xtec.cat\/ies-rbiv-cambrils\/wp-json\/wp\/v2\/posts\/13421\/revisions\/13424"}],"wp:featuredmedia":[{"embeddable":true,"href":"https:\/\/agora.xtec.cat\/ies-rbiv-cambrils\/wp-json\/wp\/v2\/media\/13422"}],"wp:attachment":[{"href":"https:\/\/agora.xtec.cat\/ies-rbiv-cambrils\/wp-json\/wp\/v2\/media?parent=13421"}],"wp:term":[{"taxonomy":"category","embeddable":true,"href":"https:\/\/agora.xtec.cat\/ies-rbiv-cambrils\/wp-json\/wp\/v2\/categories?post=13421"},{"taxonomy":"post_tag","embeddable":true,"href":"https:\/\/agora.xtec.cat\/ies-rbiv-cambrils\/wp-json\/wp\/v2\/tags?post=13421"}],"curies":[{"name":"wp","href":"https:\/\/api.w.org\/{rel}","templated":true}]}}