{"id":11596,"date":"2021-05-19T13:36:47","date_gmt":"2021-05-19T11:36:47","guid":{"rendered":"https:\/\/agora.xtec.cat\/ies-rbiv-cambrils\/?p=11596"},"modified":"2021-05-19T13:36:47","modified_gmt":"2021-05-19T11:36:47","slug":"preinscriu-te-al-cicle-formatiu-de-grau-superior-dadministracio-i-finances","status":"publish","type":"post","link":"https:\/\/agora.xtec.cat\/ies-rbiv-cambrils\/cicles-formatius\/preinscriu-te-al-cicle-formatiu-de-grau-superior-dadministracio-i-finances\/","title":{"rendered":"Preinscriu-te al Cicle Formatiu de Grau Superior d&#8217;Administraci\u00f3 i finances!"},"content":{"rendered":"<p style=\"text-align: justify;\">Del <strong>25 al 31 de maig<\/strong> comen\u00e7a el per\u00edode de preinscripci\u00f3 per als alumnes que volen cursar el Cicle Formatiu de Grau Superior d&#8217;Administraci\u00f3 i Finances.<\/p>\n<p style=\"text-align: justify;\">Aquest curs el procediment ser\u00e0 \u00fanicament de manera telem\u00e0tica, no es podr\u00e0 presentar res en paper. \u00c9s molt important seguir les instruccions de la p\u00e0gina de <strong><a href=\"https:\/\/preinscripcio.gencat.cat\/ca\/estudis\/fp-grau-superior\/inici\/\">preinscripci\u00f3 i matr\u00edcula del Departament d&#8217;Educaci\u00f3.<\/a><\/strong><\/p>\n<p style=\"text-align: justify;\">Tot i que a la p\u00e0gina web est\u00e0 tot explicat de manera senzilla i clara, aqu\u00ed podeu trobar un petit resum del proc\u00e9s amb la informaci\u00f3 m\u00e9s rellevant:<\/p>\n<p style=\"text-align: justify;\">Us recomanem fer la preinscripci\u00f3 amb certificat digital, com DNI electr\u00f2nic, Cl@ve, idCat, etc. Si no es disposa de cap certificat, us en podeu generar un de forma f\u00e0cil <a href=\"https:\/\/web.gencat.cat\/ca\/tramits\/que-cal-fer-si\/Vull-identificar-me-digitalment\/idcat-mobil\/\">IdCat m\u00f2bil<\/a>. Si no teniu certificat digital, podeu fer-ho amb el formulari en suport inform\u00e0tic, aportant el DNI escanejat.<\/p>\n<p><img loading=\"lazy\" decoding=\"async\" class=\"wp-image-11162 aligncenter\" src=\"https:\/\/agora.xtec.cat\/ies-rbiv-cambrils\/wp-content\/uploads\/usu79\/2021\/03\/Preinscripci\u00f3-1024x480.jpg\" alt=\"\" width=\"497\" height=\"233\" srcset=\"https:\/\/agora.xtec.cat\/ies-rbiv-cambrils\/wp-content\/uploads\/usu79\/2021\/03\/Preinscripci\u00f3-1024x480.jpg 1024w, https:\/\/agora.xtec.cat\/ies-rbiv-cambrils\/wp-content\/uploads\/usu79\/2021\/03\/Preinscripci\u00f3-300x141.jpg 300w, https:\/\/agora.xtec.cat\/ies-rbiv-cambrils\/wp-content\/uploads\/usu79\/2021\/03\/Preinscripci\u00f3-768x360.jpg 768w, https:\/\/agora.xtec.cat\/ies-rbiv-cambrils\/wp-content\/uploads\/usu79\/2021\/03\/Preinscripci\u00f3.jpg 1258w\" sizes=\"auto, (max-width: 497px) 100vw, 497px\" \/><\/p>\n<p>&nbsp;<\/p>\n<p style=\"text-align: justify;\">Haureu de presentar nom\u00e9s <strong>una \u00fanica sol\u00b7licitud per alumne\/a,<\/strong> indicant diverses peticions per ordre de prefer\u00e8ncia. \u00c9s molt important que no dupliqueu les sol\u00b7licituds, ja que el sistema les anul\u00b7la. Heu de buscar-nos pel codi de centre: <strong>43000779 Ramon Berenguer IV.<\/strong><\/p>\n<p style=\"text-align: justify;\">\u00c9s molt important que poseu en primera opci\u00f3 la vostra primera prefer\u00e8ncia. La primera opci\u00f3 t\u00e9 prioritat.<\/p>\n<p style=\"text-align: justify;\">Per fer el proc\u00e9s de preinscripci\u00f3, necessitareu l&#8217;IDALU o n\u00famero identificador de l&#8217;alumne. Ho podeu trobar a qualsevol butllet\u00ed de notes dels vostres fills\/es. A m\u00e9s a m\u00e9s, podeu preguntar al vostre centre de prim\u00e0ria o fer la consulta directament al <a href=\"http:\/\/educacio.gencat.cat\/ca\/tramits\/tramits-temes\/identificador-alumne\">RALC<\/a>.<\/p>\n<p><a href=\"https:\/\/preinscripcio.gencat.cat\/ca\/estudis\/fp-grau-superior\/informat\/prepara-documentacio\/\">Aqu\u00ed<\/a> tens tota la documentaci\u00f3 que has de preparar abans de fer la preinscripci\u00f3.<\/p>\n<p>La preinscripci\u00f3 de formaci\u00f3 professional de grau superior es pot fer en <strong>format electr\u00f2nic<\/strong>\u00a0si la persona que fa el tr\u00e0mit t\u00e9 una eina d&#8217;identificaci\u00f3 digital, o en\u00a0<strong>suport inform\u00e0tic<\/strong>\u00a0si no en disposa. Les dues opcions es poden fer dins el mateix web de preinscripci\u00f3.<\/p>\n<p><strong>Preinscripci\u00f3 en format electr\u00f2nic<\/strong><\/p>\n<ol>\n<li>Ves a l&#8217;apartat Preinscripci\u00f3 del web del Departament d&#8217;Educaci\u00f3 de la Generalitat de Catalunya i escull el formulari en format electr\u00f2nic. Per fer-ho necessitar\u00e0s una eina d&#8217;identificaci\u00f3 digital com el DNI electr\u00f2nic, la T-CAT, el sistema Cl@ve o l&#8217;idCAT M\u00f2bil.<\/li>\n<li>Introdueix el n\u00famero identificador de l&#8217;alumne, el RALC.<\/li>\n<li>Obre el formulari de preinscripci\u00f3 i omple totes les dades personals que se&#8217;t demanin.<\/li>\n<li>Indica el codi dels cicles als quals voleu accedir. Trobareu els codis a la pestanya Descripci\u00f3 de cada estudi.<\/li>\n<li>Indica el llistat ordenat de centres, cicles o torns als quals t&#8217;agradaria accedir ordenats per ordre de prefer\u00e8ncia.<\/li>\n<li>Especifica totes les circumst\u00e0ncies especials que acreditin la teva sol\u00b7licitud (resid\u00e8ncia habitual, si t\u00e9 alguna necessitat educativa espec\u00edfica&#8230;).<\/li>\n<li>Adjunta tota la informaci\u00f3 escanejada o fotografiada que es requereixi.<\/li>\n<li>Envia la sol\u00b7licitud de preinscripci\u00f3.<\/li>\n<\/ol>\n<p><strong>Preinscripci\u00f3 en suport inform\u00e0tic<\/strong><\/p>\n<ol>\n<li>Ves a l&#8217;apartat Preinscripci\u00f3 del web del Departament d&#8217;Educaci\u00f3 de la Generalitat de Catalunya i escull el formulari en format inform\u00e0tic.<\/li>\n<li>Obre el formulari de preinscripci\u00f3 i omple totes les dades personals que se&#8217;t demanin.<\/li>\n<li>Indica el codi dels cicles als quals voleu accedir. Trobareu els codis a la pestanya Descripci\u00f3 de cada estudi.<\/li>\n<li>Indica el llistat ordenat de centres, cicles o torns als quals t&#8217;agradaria accedir ordenats per ordre de prefer\u00e8ncia.<\/li>\n<li>Especifica totes les circumst\u00e0ncies especials que acreditin la teva sol\u00b7licitud (resid\u00e8ncia habitual, si t\u00e9 alguna necessitat educativa espec\u00edfica&#8230;).<\/li>\n<li>Adjunta tota la informaci\u00f3 escanejada o fotografiada que es requereixi.<\/li>\n<li>Envia la sol\u00b7licitud de preinscripci\u00f3.<\/li>\n<\/ol>\n<p>Un cop enviada la sol\u00b7licitud de preinscripci\u00f3 rebr\u00e0s un\u00a0<strong>resguard per correu electr\u00f2nic<\/strong>. No cal que presentis f\u00edsicament la preinscripci\u00f3 al centre.<\/p>\n<p class=\"basic_title col-sm-12 pd-10\"><strong>Com es fa la preinscripci\u00f3 als centres que ofereixen la formaci\u00f3 professional dual?<\/strong><\/p>\n<div class=\"col-xs-12 columna_esquerra\">\n<div class=\"cos_bloc basic_text_peq pd-15\">\n<p>Per sol\u00b7licitar la preinscripci\u00f3 en aquests centres s&#8217;han de seguir\u00a0<strong>els passos i el calendari de la preinscripci\u00f3 per a cicles de formaci\u00f3 professional de grau superior, per\u00f2 amb alguns requeriments previs<\/strong>.<\/p>\n<p>Les persones que es volen preinscriure a un cicle de grau superior de formaci\u00f3 professional en la modalitat dual han de seguir el procediment de\u00a0<strong><a title=\"preinscripci\u00f3 als cicles de grau superior\" href=\"http:\/\/educacio.gencat.cat\/ca\/tramits\/tramits-temes\/9418-FP-grau-superior?category=74447ed8-a82c-11e3-a972-000c29052e2c&amp;moda=1\" target=\"_blank\" rel=\"noopener noreferrer\">preinscripci\u00f3 als cicles de grau superior<\/a><\/strong>.<\/p>\n<p>Aix\u00f2 no obstant, a causa de les caracter\u00edstiques de l&#8217;activitat a l&#8217;empresa i en funci\u00f3 del conveni de col\u00b7laboraci\u00f3 signat amb cadascuna de les entitats, en<strong>\u00a0determinats cicles i centres<\/strong>\u00a0s&#8217;apliquen criteris espec\u00edfics. En aquest cas, s&#8217;ha de fer servir una\u00a0<strong><a title=\"sol\u00b7licitud espec\u00edfica\" href=\"https:\/\/documents.espai.educacio.gencat.cat\/FormularisModels\/CentresGestioAdministrativa\/A938.pdf\" target=\"_blank\" rel=\"noopener noreferrer\">sol\u00b7licitud espec\u00edfica<\/a><\/strong>\u00a0que el centre far\u00e0 arribar als alumnes interessats.<\/p>\n<p>La preinscripci\u00f3 en algun d&#8217;aquests cicles no exclou la possibilitat de preinscriure&#8217;s en altres ensenyaments postobligatoris i centres.<\/p>\n<\/div>\n<\/div>\n<p>&nbsp;<\/p>\n<p style=\"text-align: justify;\">Si teniu qualsevol consulta, no dubteu en preguntar-nos!<\/p>\n<p><img loading=\"lazy\" decoding=\"async\" class=\"wp-image-11165 alignleft\" src=\"https:\/\/agora.xtec.cat\/ies-rbiv-cambrils\/wp-content\/uploads\/usu79\/2021\/03\/consulta.jpg\" alt=\"\" width=\"309\" height=\"263\" srcset=\"https:\/\/agora.xtec.cat\/ies-rbiv-cambrils\/wp-content\/uploads\/usu79\/2021\/03\/consulta.jpg 600w, https:\/\/agora.xtec.cat\/ies-rbiv-cambrils\/wp-content\/uploads\/usu79\/2021\/03\/consulta-300x256.jpg 300w\" sizes=\"auto, (max-width: 309px) 100vw, 309px\" \/><\/p>\n<p>&nbsp;<\/p>\n<p>&nbsp;<\/p>\n<p>&nbsp;<\/p>\n<p>&nbsp;<\/p>\n<p>&nbsp;<\/p>\n<p>&nbsp;<\/p>\n<p>&nbsp;<\/p>\n<p>Trobareu m\u00e9s informaci\u00f3 a l&#8217;apartat de <a href=\"https:\/\/agora.xtec.cat\/ies-rbiv-cambrils\/secretaria\/preinscripcio-i-matricula\/\">Preinscripci\u00f3 i matr\u00edcula de Secretaria<\/a>.<\/p>\n","protected":false},"excerpt":{"rendered":"<p>Coneix el procediment de preinscripci\u00f3 al CFGS&hellip;  <a href=\"https:\/\/agora.xtec.cat\/ies-rbiv-cambrils\/cicles-formatius\/preinscriu-te-al-cicle-formatiu-de-grau-superior-dadministracio-i-finances\/\" title=\"Read Preinscriu-te al Cicle Formatiu de Grau Superior d&#8217;Administraci\u00f3 i finances!\">Llegeix m\u00e9s\u00bb<\/a><\/p>\n","protected":false},"author":19,"featured_media":11594,"comment_status":"open","ping_status":"closed","sticky":false,"template":"","format":"standard","meta":{"_bbp_topic_count":0,"_bbp_reply_count":0,"_bbp_total_topic_count":0,"_bbp_total_reply_count":0,"_bbp_voice_count":0,"_bbp_anonymous_reply_count":0,"_bbp_topic_count_hidden":0,"_bbp_reply_count_hidden":0,"_bbp_forum_subforum_count":0,"footnotes":""},"categories":[30,214],"tags":[],"class_list":["post-11596","post","type-post","status-publish","format-standard","has-post-thumbnail","hentry","category-cicles-formatius","category-portada-portada"],"post_mailing_queue_ids":[],"_links":{"self":[{"href":"https:\/\/agora.xtec.cat\/ies-rbiv-cambrils\/wp-json\/wp\/v2\/posts\/11596","targetHints":{"allow":["GET"]}}],"collection":[{"href":"https:\/\/agora.xtec.cat\/ies-rbiv-cambrils\/wp-json\/wp\/v2\/posts"}],"about":[{"href":"https:\/\/agora.xtec.cat\/ies-rbiv-cambrils\/wp-json\/wp\/v2\/types\/post"}],"author":[{"embeddable":true,"href":"https:\/\/agora.xtec.cat\/ies-rbiv-cambrils\/wp-json\/wp\/v2\/users\/19"}],"replies":[{"embeddable":true,"href":"https:\/\/agora.xtec.cat\/ies-rbiv-cambrils\/wp-json\/wp\/v2\/comments?post=11596"}],"version-history":[{"count":1,"href":"https:\/\/agora.xtec.cat\/ies-rbiv-cambrils\/wp-json\/wp\/v2\/posts\/11596\/revisions"}],"predecessor-version":[{"id":11597,"href":"https:\/\/agora.xtec.cat\/ies-rbiv-cambrils\/wp-json\/wp\/v2\/posts\/11596\/revisions\/11597"}],"wp:featuredmedia":[{"embeddable":true,"href":"https:\/\/agora.xtec.cat\/ies-rbiv-cambrils\/wp-json\/wp\/v2\/media\/11594"}],"wp:attachment":[{"href":"https:\/\/agora.xtec.cat\/ies-rbiv-cambrils\/wp-json\/wp\/v2\/media?parent=11596"}],"wp:term":[{"taxonomy":"category","embeddable":true,"href":"https:\/\/agora.xtec.cat\/ies-rbiv-cambrils\/wp-json\/wp\/v2\/categories?post=11596"},{"taxonomy":"post_tag","embeddable":true,"href":"https:\/\/agora.xtec.cat\/ies-rbiv-cambrils\/wp-json\/wp\/v2\/tags?post=11596"}],"curies":[{"name":"wp","href":"https:\/\/api.w.org\/{rel}","templated":true}]}}