{"id":10389,"date":"2020-06-05T11:07:41","date_gmt":"2020-06-05T09:07:41","guid":{"rendered":"https:\/\/agora.xtec.cat\/ies-rbiv-cambrils\/?p=10389"},"modified":"2020-06-05T11:10:20","modified_gmt":"2020-06-05T09:10:20","slug":"comiat-d-alexandre-garrido-el-nostre-auxiliar-de-frances-aquest-curs","status":"publish","type":"post","link":"https:\/\/agora.xtec.cat\/ies-rbiv-cambrils\/general\/comiat-d-alexandre-garrido-el-nostre-auxiliar-de-frances-aquest-curs\/","title":{"rendered":"COMIAT D\u2019ALEXANDRE GARRIDO, el nostre auxiliar de franc\u00e8s aquest curs"},"content":{"rendered":"<p><span style=\"font-weight: 400;\">Aquest curs, els i les alumnes batxibac i primera llengua francesa de primer i segon de batxillerat hem pogut gaudir d\u2019un auxiliar que ens ha ajudat a millorar el nostre nivell de franc\u00e8s tant a l\u2019oral com a l\u2019escrit i que, a m\u00e9s a m\u00e9s, ens ha ensenyat a guanyar confian\u00e7a en nosaltres mateixos pel que fa a l\u2019orat\u00f2ria.<\/span><\/p>\n<p><span style=\"font-weight: 400;\">En efecte, es tracta d\u2019un projecte interdisciplinari que ha estat molt productiu. Per\u00f2, el curs ha passat volant i&#8230; tot el que en un principi comen\u00e7a amb molts \u00e0nims, tamb\u00e9 finalitza. Tanmateix, , l\u2019estada de l\u2019Alexandre Garrido al nostre centre ha concl\u00f2s\u00a0 amb el mateix entusiasme que el primer dia, amb la difer\u00e8ncia que ja hem fet el nostre gran primer pas. Aix\u00ed doncs, per tal d\u2019agrair tot el que Alexandre ens ha aportat, els alumnes de franc\u00e8s que hem pogut gaudir de la seva ajuda l\u2019hem acomiadat com es mereix.\u00a0<\/span><\/p>\n<p>Moltes gr\u00e0cies Alexandre per la teva dedicaci\u00f3 i el teu esfor\u00e7!<\/p>\n<p><iframe loading=\"lazy\" title=\"V\u00edd\u00e9o \u00e9l\u00e8ves  Alex\" width=\"500\" height=\"281\" src=\"https:\/\/www.youtube.com\/embed\/8PQuuwuYtiM?feature=oembed\" frameborder=\"0\" allow=\"accelerometer; autoplay; clipboard-write; encrypted-media; gyroscope; picture-in-picture; web-share\" referrerpolicy=\"strict-origin-when-cross-origin\" allowfullscreen><\/iframe><\/p>\n<p><span style=\"font-weight: 400;\">\u00a0<\/span><\/p>\n","protected":false},"excerpt":{"rendered":"<p>Ens despedim del nostre auxiliar de franc\u00e8s. Moltes gr\u00e0cies Alexandre per la teva dedicaci\u00f3 i el teu esfor\u00e7!&hellip;  <a href=\"https:\/\/agora.xtec.cat\/ies-rbiv-cambrils\/general\/comiat-d-alexandre-garrido-el-nostre-auxiliar-de-frances-aquest-curs\/\" title=\"Read COMIAT D\u2019ALEXANDRE GARRIDO, el nostre auxiliar de franc\u00e8s aquest curs\">Llegeix m\u00e9s\u00bb<\/a><\/p>\n","protected":false},"author":234,"featured_media":10395,"comment_status":"open","ping_status":"closed","sticky":false,"template":"","format":"standard","meta":{"_bbp_topic_count":0,"_bbp_reply_count":0,"_bbp_total_topic_count":0,"_bbp_total_reply_count":0,"_bbp_voice_count":0,"_bbp_anonymous_reply_count":0,"_bbp_topic_count_hidden":0,"_bbp_reply_count_hidden":0,"_bbp_forum_subforum_count":0,"footnotes":""},"categories":[119,120,8,3,1,29],"tags":[],"class_list":["post-10389","post","type-post","status-publish","format-standard","has-post-thumbnail","hentry","category-1batxibac","category-2batxibac","category-batxillerat","category-eso","category-general","category-portada"],"post_mailing_queue_ids":[],"_links":{"self":[{"href":"https:\/\/agora.xtec.cat\/ies-rbiv-cambrils\/wp-json\/wp\/v2\/posts\/10389","targetHints":{"allow":["GET"]}}],"collection":[{"href":"https:\/\/agora.xtec.cat\/ies-rbiv-cambrils\/wp-json\/wp\/v2\/posts"}],"about":[{"href":"https:\/\/agora.xtec.cat\/ies-rbiv-cambrils\/wp-json\/wp\/v2\/types\/post"}],"author":[{"embeddable":true,"href":"https:\/\/agora.xtec.cat\/ies-rbiv-cambrils\/wp-json\/wp\/v2\/users\/234"}],"replies":[{"embeddable":true,"href":"https:\/\/agora.xtec.cat\/ies-rbiv-cambrils\/wp-json\/wp\/v2\/comments?post=10389"}],"version-history":[{"count":3,"href":"https:\/\/agora.xtec.cat\/ies-rbiv-cambrils\/wp-json\/wp\/v2\/posts\/10389\/revisions"}],"predecessor-version":[{"id":10397,"href":"https:\/\/agora.xtec.cat\/ies-rbiv-cambrils\/wp-json\/wp\/v2\/posts\/10389\/revisions\/10397"}],"wp:featuredmedia":[{"embeddable":true,"href":"https:\/\/agora.xtec.cat\/ies-rbiv-cambrils\/wp-json\/wp\/v2\/media\/10395"}],"wp:attachment":[{"href":"https:\/\/agora.xtec.cat\/ies-rbiv-cambrils\/wp-json\/wp\/v2\/media?parent=10389"}],"wp:term":[{"taxonomy":"category","embeddable":true,"href":"https:\/\/agora.xtec.cat\/ies-rbiv-cambrils\/wp-json\/wp\/v2\/categories?post=10389"},{"taxonomy":"post_tag","embeddable":true,"href":"https:\/\/agora.xtec.cat\/ies-rbiv-cambrils\/wp-json\/wp\/v2\/tags?post=10389"}],"curies":[{"name":"wp","href":"https:\/\/api.w.org\/{rel}","templated":true}]}}