{"id":10011,"date":"2020-03-06T10:01:43","date_gmt":"2020-03-06T09:01:43","guid":{"rendered":"https:\/\/agora.xtec.cat\/ies-rbiv-cambrils\/?p=10011"},"modified":"2020-03-06T10:05:27","modified_gmt":"2020-03-06T09:05:27","slug":"lequip-del-rbv-finalista-de-la-lliga-de-debat","status":"publish","type":"post","link":"https:\/\/agora.xtec.cat\/ies-rbiv-cambrils\/general\/lequip-del-rbv-finalista-de-la-lliga-de-debat\/","title":{"rendered":"L&#8217;equip del RBV finalista de la Lliga de debat"},"content":{"rendered":"<p>Els passats dimecres i dijous 26 i 27 de febrer, cinc alumnes del nostre centre van participar amb un \u00e8xit notable a la Lliga de Debat que organitza la Xarxa Vives d&#8217;universitats. El tema del debat era: &#8220;la tecnologia ens augmenta la felicitat?&#8221;, i els nostres alumnes van haver de defensar, en diferents debats, tant una com l&#8217;altra postura: a favor i en contra.<\/p>\n<p>La Flor Devesa, la Mariel Touzet, el Dani Perales, la Carla de Ramon i la Cl\u00e0udia Mensa van guanyar els dos debats de la ronda de classificaci\u00f3 pr\u00e8via, eliminant a l&#8217;Institut Mart\u00ed l&#8217;Hum\u00e0 de Valls i al Col\u00b7legi Estonnac de Tarragona. Els nostres representants van demostrar una soltesa i una orat\u00f2ria excel\u00b7lent, i van defensar la seva l\u00ednia argumental amb molta solv\u00e8ncia, rebent incl\u00fas felicitacions dels membres del jurat.<\/p>\n<p>L&#8217;endem\u00e0 dijous, els cinc alumnes del nostre centre van guanyar la semifinal contra l&#8217;equip de l&#8217;institut Gabriel Ferrater de Reus i es van classificar per a la final, un resultat que millora el de l&#8217;any passat. Malauradament, per\u00f2, no va ser possible arribar a la vict\u00f2ria final, una derrota que va tenir un cert regust agredol\u00e7, ja que va ser per un resultat molt ajustat, amb una difer\u00e8ncia de puntuaci\u00f3 amb l&#8217;equip guanyador de nom\u00e9s 13 cent\u00e8ssimes.<\/p>\n<p>Tots els professors i acompanyants coincidien en qu\u00e8 la Flor, la Mariel, el Dani, la Carla i la Cl\u00e0udia van competir a un alt\u00edssim nivell, i l&#8217;experi\u00e8ncia viscuda ha valgut la pena en molts sentits. Ens sentim molt i molt orgullosos de la seva participaci\u00f3, dels seus aprenentatges, per\u00f2 sobretot del grau de maduresa i d&#8217;implicaci\u00f3 que van demostrar. <strong>Moltes i moltes felicitats a tots cinc!!!<\/strong><\/p>\n<p><img loading=\"lazy\" decoding=\"async\" class=\"alignnone wp-image-10016 size-medium\" src=\"https:\/\/agora.xtec.cat\/ies-rbiv-cambrils\/wp-content\/uploads\/usu79\/2020\/03\/IMG_20200226_202638_471-300x300.jpg\" alt=\"\" width=\"300\" height=\"300\" srcset=\"https:\/\/agora.xtec.cat\/ies-rbiv-cambrils\/wp-content\/uploads\/usu79\/2020\/03\/IMG_20200226_202638_471-300x300.jpg 300w, https:\/\/agora.xtec.cat\/ies-rbiv-cambrils\/wp-content\/uploads\/usu79\/2020\/03\/IMG_20200226_202638_471-150x150.jpg 150w, https:\/\/agora.xtec.cat\/ies-rbiv-cambrils\/wp-content\/uploads\/usu79\/2020\/03\/IMG_20200226_202638_471-768x767.jpg 768w, https:\/\/agora.xtec.cat\/ies-rbiv-cambrils\/wp-content\/uploads\/usu79\/2020\/03\/IMG_20200226_202638_471.jpg 958w\" sizes=\"auto, (max-width: 300px) 100vw, 300px\" \/> <img loading=\"lazy\" decoding=\"async\" class=\"alignnone wp-image-10017 size-medium\" src=\"https:\/\/agora.xtec.cat\/ies-rbiv-cambrils\/wp-content\/uploads\/usu79\/2020\/03\/IMG_20200226_202638_458-300x300.jpg\" alt=\"\" width=\"300\" height=\"300\" srcset=\"https:\/\/agora.xtec.cat\/ies-rbiv-cambrils\/wp-content\/uploads\/usu79\/2020\/03\/IMG_20200226_202638_458-300x300.jpg 300w, https:\/\/agora.xtec.cat\/ies-rbiv-cambrils\/wp-content\/uploads\/usu79\/2020\/03\/IMG_20200226_202638_458-150x150.jpg 150w, https:\/\/agora.xtec.cat\/ies-rbiv-cambrils\/wp-content\/uploads\/usu79\/2020\/03\/IMG_20200226_202638_458-768x768.jpg 768w, https:\/\/agora.xtec.cat\/ies-rbiv-cambrils\/wp-content\/uploads\/usu79\/2020\/03\/IMG_20200226_202638_458-1024x1024.jpg 1024w, https:\/\/agora.xtec.cat\/ies-rbiv-cambrils\/wp-content\/uploads\/usu79\/2020\/03\/IMG_20200226_202638_458.jpg 1080w\" sizes=\"auto, (max-width: 300px) 100vw, 300px\" \/> \u00a0<img loading=\"lazy\" decoding=\"async\" class=\"alignnone wp-image-10019 size-medium\" src=\"https:\/\/agora.xtec.cat\/ies-rbiv-cambrils\/wp-content\/uploads\/usu79\/2020\/03\/IMG_20200227_214715_106-300x300.jpg\" alt=\"\" width=\"300\" height=\"300\" srcset=\"https:\/\/agora.xtec.cat\/ies-rbiv-cambrils\/wp-content\/uploads\/usu79\/2020\/03\/IMG_20200227_214715_106-300x300.jpg 300w, https:\/\/agora.xtec.cat\/ies-rbiv-cambrils\/wp-content\/uploads\/usu79\/2020\/03\/IMG_20200227_214715_106-150x150.jpg 150w, https:\/\/agora.xtec.cat\/ies-rbiv-cambrils\/wp-content\/uploads\/usu79\/2020\/03\/IMG_20200227_214715_106-768x768.jpg 768w, https:\/\/agora.xtec.cat\/ies-rbiv-cambrils\/wp-content\/uploads\/usu79\/2020\/03\/IMG_20200227_214715_106-1024x1024.jpg 1024w, https:\/\/agora.xtec.cat\/ies-rbiv-cambrils\/wp-content\/uploads\/usu79\/2020\/03\/IMG_20200227_214715_106.jpg 1564w\" sizes=\"auto, (max-width: 300px) 100vw, 300px\" \/><\/p>\n","protected":false},"excerpt":{"rendered":"<p>Els passats dimecres i dijous 26 i 27 de febrer, cinc alumnes del nostre centre van participar amb un \u00e8xit notable a la Lliga de Debat que organitza la Xarxa Vives d&#8217;universitats. El tema del debat era: &#8220;la tecnologia ens augmenta la felicitat?&#8221;, i els&hellip;  <a href=\"https:\/\/agora.xtec.cat\/ies-rbiv-cambrils\/general\/lequip-del-rbv-finalista-de-la-lliga-de-debat\/\" title=\"Read L&#8217;equip del RBV finalista de la Lliga de debat\">Llegeix m\u00e9s\u00bb<\/a><\/p>\n","protected":false},"author":234,"featured_media":10015,"comment_status":"open","ping_status":"closed","sticky":false,"template":"","format":"standard","meta":{"_bbp_topic_count":0,"_bbp_reply_count":0,"_bbp_total_topic_count":0,"_bbp_total_reply_count":0,"_bbp_voice_count":0,"_bbp_anonymous_reply_count":0,"_bbp_topic_count_hidden":0,"_bbp_reply_count_hidden":0,"_bbp_forum_subforum_count":0,"footnotes":""},"categories":[8,3,1,29],"tags":[],"class_list":["post-10011","post","type-post","status-publish","format-standard","has-post-thumbnail","hentry","category-batxillerat","category-eso","category-general","category-portada"],"post_mailing_queue_ids":[],"_links":{"self":[{"href":"https:\/\/agora.xtec.cat\/ies-rbiv-cambrils\/wp-json\/wp\/v2\/posts\/10011","targetHints":{"allow":["GET"]}}],"collection":[{"href":"https:\/\/agora.xtec.cat\/ies-rbiv-cambrils\/wp-json\/wp\/v2\/posts"}],"about":[{"href":"https:\/\/agora.xtec.cat\/ies-rbiv-cambrils\/wp-json\/wp\/v2\/types\/post"}],"author":[{"embeddable":true,"href":"https:\/\/agora.xtec.cat\/ies-rbiv-cambrils\/wp-json\/wp\/v2\/users\/234"}],"replies":[{"embeddable":true,"href":"https:\/\/agora.xtec.cat\/ies-rbiv-cambrils\/wp-json\/wp\/v2\/comments?post=10011"}],"version-history":[{"count":2,"href":"https:\/\/agora.xtec.cat\/ies-rbiv-cambrils\/wp-json\/wp\/v2\/posts\/10011\/revisions"}],"predecessor-version":[{"id":10020,"href":"https:\/\/agora.xtec.cat\/ies-rbiv-cambrils\/wp-json\/wp\/v2\/posts\/10011\/revisions\/10020"}],"wp:featuredmedia":[{"embeddable":true,"href":"https:\/\/agora.xtec.cat\/ies-rbiv-cambrils\/wp-json\/wp\/v2\/media\/10015"}],"wp:attachment":[{"href":"https:\/\/agora.xtec.cat\/ies-rbiv-cambrils\/wp-json\/wp\/v2\/media?parent=10011"}],"wp:term":[{"taxonomy":"category","embeddable":true,"href":"https:\/\/agora.xtec.cat\/ies-rbiv-cambrils\/wp-json\/wp\/v2\/categories?post=10011"},{"taxonomy":"post_tag","embeddable":true,"href":"https:\/\/agora.xtec.cat\/ies-rbiv-cambrils\/wp-json\/wp\/v2\/tags?post=10011"}],"curies":[{"name":"wp","href":"https:\/\/api.w.org\/{rel}","templated":true}]}}