{"id":16772,"date":"2026-04-20T10:37:12","date_gmt":"2026-04-20T08:37:12","guid":{"rendered":"https:\/\/agora.xtec.cat\/ies-ramonbarbat-vilaseca\/?p=16772"},"modified":"2026-04-20T10:37:13","modified_gmt":"2026-04-20T08:37:13","slug":"%f0%9f%95%8a%ef%b8%8f-exposicio-sobre-els-republicans-als-camps-de-concentracio-nazis","status":"publish","type":"post","link":"https:\/\/agora.xtec.cat\/ies-ramonbarbat-vilaseca\/eso\/eso-3\/%f0%9f%95%8a%ef%b8%8f-exposicio-sobre-els-republicans-als-camps-de-concentracio-nazis\/","title":{"rendered":"\ud83d\udd4a\ufe0f Exposici\u00f3 sobre els republicans als camps de concentraci\u00f3 nazis"},"content":{"rendered":"<p><a href=\"https:\/\/agora.xtec.cat\/ies-ramonbarbat-vilaseca\/eso\/eso-3\/%f0%9f%95%8a%ef%b8%8f-exposicio-sobre-els-republicans-als-camps-de-concentracio-nazis\/attachment\/expo-camps-nazis-foto-1\/\" rel=\"attachment wp-att-16773\"><img loading=\"lazy\" decoding=\"async\" class=\"wp-image-16773  alignleft\" src=\"https:\/\/agora.xtec.cat\/ies-ramonbarbat-vilaseca\/wp-content\/uploads\/usu1174\/2026\/04\/expo-camps-nazis.foto-1-e1776674104957.jpeg\" alt=\"\" width=\"436\" height=\"473\" srcset=\"https:\/\/agora.xtec.cat\/ies-ramonbarbat-vilaseca\/wp-content\/uploads\/usu1174\/2026\/04\/expo-camps-nazis.foto-1-e1776674104957.jpeg 921w, https:\/\/agora.xtec.cat\/ies-ramonbarbat-vilaseca\/wp-content\/uploads\/usu1174\/2026\/04\/expo-camps-nazis.foto-1-e1776674104957-276x300.jpeg 276w, https:\/\/agora.xtec.cat\/ies-ramonbarbat-vilaseca\/wp-content\/uploads\/usu1174\/2026\/04\/expo-camps-nazis.foto-1-e1776674104957-768x834.jpeg 768w\" sizes=\"auto, (max-width: 436px) 100vw, 436px\" \/><\/a><\/p>\n<p class=\"isSelectedEnd\">\ud83d\udccd <strong>Aquests dies<\/strong>, al vest\u00edbul de l&#8217;institut, el <strong>Departament de Visual i Pl\u00e0stica<\/strong> i el <strong>Departament de Socials<\/strong> han instal\u00b7lat l&#8217;<strong>exposici\u00f3 itinerant del Memorial Democr\u00e0tic<\/strong>: <em>&#8220;Els republicans als camps de concentraci\u00f3 nazis&#8221;<\/em>.<\/p>\n<p class=\"isSelectedEnd\">\ud83d\udcda Est\u00e0 dedicada a l&#8217;<strong>escriptor manres\u00e0 Joaqu\u00edm Amat-Piniella<\/strong>, autor de la novel\u00b7la <em>&#8220;K.L. Reich&#8221;<\/em>, on explica la seva experi\u00e8ncia d&#8217;horror al camp de <strong>Mauthausen<\/strong> (\u00c0ustria), on van anar a parar la majoria dels espanyols republicans capturats pels nazis.<\/p>\n<p class=\"isSelectedEnd\">\ud83c\udf93 L&#8217;alumnat de <strong>3r i 4t d&#8217;ESO<\/strong> ha escoltat les explicacions sobre aquesta exposici\u00f3, una aut\u00e8ntica <strong>lli\u00e7\u00f3 d&#8217;humanisme<\/strong> que ens alerta de les conseq\u00fc\u00e8ncies que poden tenir els discursos d&#8217;<strong>intoler\u00e0ncia<\/strong> i de <strong>negacionisme<\/strong>.<\/p>\n<p>\u2728 Una proposta per <strong>recordar la mem\u00f2ria hist\u00f2rica<\/strong> i defensar els valors de la democr\u00e0cia i els drets humans.<\/p>\n","protected":false},"excerpt":{"rendered":"<p>\ud83d\udccd Aquests dies, al vest\u00edbul de l&#8217;institut, el Departament de Visual i Pl\u00e0stica i el Departament de Socials han instal\u00b7lat l&#8217;exposici\u00f3 itinerant del Memorial Democr\u00e0tic: &#8220;Els republicans als camps de concentraci\u00f3 nazis&#8221;. \ud83d\udcda Est\u00e0 dedicada a l&#8217;escriptor manres\u00e0 Joaqu\u00edm Amat-Piniella, autor de la novel\u00b7la &#8220;K.L. Reich&#8221;, on explica la seva experi\u00e8ncia d&#8217;horror al camp de [&hellip;]<\/p>\n","protected":false},"author":204,"featured_media":16773,"comment_status":"closed","ping_status":"closed","sticky":false,"template":"","format":"standard","meta":{"_bbp_topic_count":0,"_bbp_reply_count":0,"_bbp_total_topic_count":0,"_bbp_total_reply_count":0,"_bbp_voice_count":0,"_bbp_anonymous_reply_count":0,"_bbp_topic_count_hidden":0,"_bbp_reply_count_hidden":0,"_bbp_forum_subforum_count":0,"site-sidebar-layout":"default","site-content-layout":"","ast-site-content-layout":"default","site-content-style":"default","site-sidebar-style":"default","ast-global-header-display":"","ast-banner-title-visibility":"","ast-main-header-display":"","ast-hfb-above-header-display":"","ast-hfb-below-header-display":"","ast-hfb-mobile-header-display":"","site-post-title":"","ast-breadcrumbs-content":"","ast-featured-img":"","footer-sml-layout":"","theme-transparent-header-meta":"default","adv-header-id-meta":"","stick-header-meta":"","header-above-stick-meta":"","header-main-stick-meta":"","header-below-stick-meta":"","astra-migrate-meta-layouts":"set","ast-page-background-enabled":"default","ast-page-background-meta":{"desktop":{"background-color":"var(--ast-global-color-4)","background-image":"","background-repeat":"repeat","background-position":"center center","background-size":"auto","background-attachment":"scroll","background-type":"","background-media":"","overlay-type":"","overlay-color":"","overlay-opacity":"","overlay-gradient":""},"tablet":{"background-color":"","background-image":"","background-repeat":"repeat","background-position":"center center","background-size":"auto","background-attachment":"scroll","background-type":"","background-media":"","overlay-type":"","overlay-color":"","overlay-opacity":"","overlay-gradient":""},"mobile":{"background-color":"","background-image":"","background-repeat":"repeat","background-position":"center center","background-size":"auto","background-attachment":"scroll","background-type":"","background-media":"","overlay-type":"","overlay-color":"","overlay-opacity":"","overlay-gradient":""}},"ast-content-background-meta":{"desktop":{"background-color":"var(--ast-global-color-5)","background-image":"","background-repeat":"repeat","background-position":"center center","background-size":"auto","background-attachment":"scroll","background-type":"","background-media":"","overlay-type":"","overlay-color":"","overlay-opacity":"","overlay-gradient":""},"tablet":{"background-color":"var(--ast-global-color-5)","background-image":"","background-repeat":"repeat","background-position":"center center","background-size":"auto","background-attachment":"scroll","background-type":"","background-media":"","overlay-type":"","overlay-color":"","overlay-opacity":"","overlay-gradient":""},"mobile":{"background-color":"var(--ast-global-color-5)","background-image":"","background-repeat":"repeat","background-position":"center center","background-size":"auto","background-attachment":"scroll","background-type":"","background-media":"","overlay-type":"","overlay-color":"","overlay-opacity":"","overlay-gradient":""}},"footnotes":""},"categories":[6,7,29],"tags":[382,440],"class_list":["post-16772","post","type-post","status-publish","format-standard","has-post-thumbnail","hentry","category-eso-3","category-eso-4","category-portada","tag-exposicions","tag-geografia-i-historia"],"post_mailing_queue_ids":[],"_links":{"self":[{"href":"https:\/\/agora.xtec.cat\/ies-ramonbarbat-vilaseca\/wp-json\/wp\/v2\/posts\/16772","targetHints":{"allow":["GET"]}}],"collection":[{"href":"https:\/\/agora.xtec.cat\/ies-ramonbarbat-vilaseca\/wp-json\/wp\/v2\/posts"}],"about":[{"href":"https:\/\/agora.xtec.cat\/ies-ramonbarbat-vilaseca\/wp-json\/wp\/v2\/types\/post"}],"author":[{"embeddable":true,"href":"https:\/\/agora.xtec.cat\/ies-ramonbarbat-vilaseca\/wp-json\/wp\/v2\/users\/204"}],"replies":[{"embeddable":true,"href":"https:\/\/agora.xtec.cat\/ies-ramonbarbat-vilaseca\/wp-json\/wp\/v2\/comments?post=16772"}],"version-history":[{"count":2,"href":"https:\/\/agora.xtec.cat\/ies-ramonbarbat-vilaseca\/wp-json\/wp\/v2\/posts\/16772\/revisions"}],"predecessor-version":[{"id":16775,"href":"https:\/\/agora.xtec.cat\/ies-ramonbarbat-vilaseca\/wp-json\/wp\/v2\/posts\/16772\/revisions\/16775"}],"wp:featuredmedia":[{"embeddable":true,"href":"https:\/\/agora.xtec.cat\/ies-ramonbarbat-vilaseca\/wp-json\/wp\/v2\/media\/16773"}],"wp:attachment":[{"href":"https:\/\/agora.xtec.cat\/ies-ramonbarbat-vilaseca\/wp-json\/wp\/v2\/media?parent=16772"}],"wp:term":[{"taxonomy":"category","embeddable":true,"href":"https:\/\/agora.xtec.cat\/ies-ramonbarbat-vilaseca\/wp-json\/wp\/v2\/categories?post=16772"},{"taxonomy":"post_tag","embeddable":true,"href":"https:\/\/agora.xtec.cat\/ies-ramonbarbat-vilaseca\/wp-json\/wp\/v2\/tags?post=16772"}],"curies":[{"name":"wp","href":"https:\/\/api.w.org\/{rel}","templated":true}]}}