{"id":16721,"date":"2026-04-13T00:21:24","date_gmt":"2026-04-12T22:21:24","guid":{"rendered":"https:\/\/agora.xtec.cat\/ies-ramonbarbat-vilaseca\/?p=16721"},"modified":"2026-04-13T00:38:41","modified_gmt":"2026-04-12T22:38:41","slug":"del-reggaeton-a-la-musica-electronica-un-projecte-artistic-per-treballar-la-perspectiva-de-genere-a-traves-de-la-musica","status":"publish","type":"post","link":"https:\/\/agora.xtec.cat\/ies-ramonbarbat-vilaseca\/general\/del-reggaeton-a-la-musica-electronica-un-projecte-artistic-per-treballar-la-perspectiva-de-genere-a-traves-de-la-musica\/","title":{"rendered":"\u201cDel reggaeton a la m\u00fasica electr\u00f2nica\u201d, un projecte art\u00edstic per treballar la perspectiva de g\u00e8nere a trav\u00e9s de la m\u00fasica"},"content":{"rendered":"<div class=\"ast-oembed-container \" style=\"height: 100%;\"><iframe loading=\"lazy\" title=\"Del reggaeton a la m\u00fasica electr\u00f2nica\" width=\"500\" height=\"281\" src=\"https:\/\/www.youtube.com\/embed\/P_aSm-4A-eo?feature=oembed\" frameborder=\"0\" allow=\"accelerometer; autoplay; clipboard-write; encrypted-media; gyroscope; picture-in-picture; web-share\" referrerpolicy=\"strict-origin-when-cross-origin\" allowfullscreen><\/iframe><\/div>\n<p>El passat mes de febrer, un grup de m\u00fasics, cantants i core\u00f2grafs de l\u2019ESO vam realitzar en espais com l\u2019Aula Gras o el gimn\u00e0s del centre un projecte titulat \u201cDel reggaeton a la m\u00fasica electr\u00f2nica\u201d. Aquesta proposta pedag\u00f2gica ens va permetre treballar la perspectiva de g\u00e8nere a trav\u00e9s de la m\u00fasica i ens va ajudar a adonar-nos que moltes can\u00e7ons de reggaeton i d\u2019altres estils que sovint cantem i ballem quan estem de festa amb els nostres amics estan plenes de missatges masclistes i d\u2019estereotips de g\u00e8nere. A m\u00e9s, tamb\u00e9 ens va animar a descobrir que hi ha infinitat de peces musicals lliures de masclisme que pel seu car\u00e0cter alegre i festiu poden ser una alternativa v\u00e0lida per sonar durant les nostres celebracions.<\/p>\n<p>Durant la setmana de projectes, vam realitzar diverses activitats te\u00f2riques entre les quals destaquen l\u2019elaboraci\u00f3 d\u2019un v\u00eddeo reflexionant sobre els missatges de les can\u00e7ons del reggaeton, la creaci\u00f3 d\u2019una playlist amb can\u00e7ons d\u2019estils variats lliures de masclisme i tamb\u00e9 la realitzaci\u00f3 de cartells, posts d\u2019instagram i not\u00edcies per fer ress\u00f2 del projecte.<br \/>\nParal\u00b7lelament, vam assajar intensament un repertori exigent format per can\u00e7ons com Danza Kuduro, Freed from Desiree, What is Love, Flying Free, S\u00fabeme la Radio i la Morocha. Com a novetat, a part d\u2019interpretar la part instrumental i vocal d\u2019aquests \u00e8xits, vam incorporar coreografies que l\u2019alumnat va crear per l\u2019ocasi\u00f3.<\/p>\n<p>Per concloure aquest projecte, el divendres 27 de mar\u00e7 vam recuperar les peces musicals preparades durant el mes anterior i vam oferir un concert per l\u2019alumnat de 3r d\u2019ESO del centre. Us animem a mirar els v\u00eddeos i a gaudir d\u2019aquesta proposta art\u00edstica que vam preparar amb molt d\u2019esfor\u00e7 i il\u00b7lusi\u00f3.<\/p>\n<p><a href=\"https:\/\/photos.app.goo.gl\/svLdHFbrD52RLJ4CA\" target=\"_blank\" rel=\"noopener\">En aquest enlla\u00e7 podeu veure m\u00e9s fotos i v\u00eddeos del projecte i el concert.<\/a><\/p>\n<p>(Article redactat pels alumnes participants en el projecte)<\/p>\n","protected":false},"excerpt":{"rendered":"<p>El passat mes de febrer, un grup de m\u00fasics, cantants i core\u00f2grafs de l\u2019ESO vam realitzar en espais com l\u2019Aula Gras o el gimn\u00e0s del centre un projecte titulat \u201cDel reggaeton a la m\u00fasica electr\u00f2nica\u201d. Aquesta proposta pedag\u00f2gica ens va permetre treballar la perspectiva de g\u00e8nere a trav\u00e9s de la m\u00fasica i ens va ajudar [&hellip;]<\/p>\n","protected":false},"author":202,"featured_media":16725,"comment_status":"closed","ping_status":"open","sticky":false,"template":"","format":"standard","meta":{"_bbp_topic_count":0,"_bbp_reply_count":0,"_bbp_total_topic_count":0,"_bbp_total_reply_count":0,"_bbp_voice_count":0,"_bbp_anonymous_reply_count":0,"_bbp_topic_count_hidden":0,"_bbp_reply_count_hidden":0,"_bbp_forum_subforum_count":0,"site-sidebar-layout":"default","site-content-layout":"","ast-site-content-layout":"default","site-content-style":"default","site-sidebar-style":"default","ast-global-header-display":"","ast-banner-title-visibility":"","ast-main-header-display":"","ast-hfb-above-header-display":"","ast-hfb-below-header-display":"","ast-hfb-mobile-header-display":"","site-post-title":"","ast-breadcrumbs-content":"","ast-featured-img":"","footer-sml-layout":"","theme-transparent-header-meta":"default","adv-header-id-meta":"","stick-header-meta":"","header-above-stick-meta":"","header-main-stick-meta":"","header-below-stick-meta":"","astra-migrate-meta-layouts":"set","ast-page-background-enabled":"default","ast-page-background-meta":{"desktop":{"background-color":"var(--ast-global-color-4)","background-image":"","background-repeat":"repeat","background-position":"center center","background-size":"auto","background-attachment":"scroll","background-type":"","background-media":"","overlay-type":"","overlay-color":"","overlay-opacity":"","overlay-gradient":""},"tablet":{"background-color":"","background-image":"","background-repeat":"repeat","background-position":"center center","background-size":"auto","background-attachment":"scroll","background-type":"","background-media":"","overlay-type":"","overlay-color":"","overlay-opacity":"","overlay-gradient":""},"mobile":{"background-color":"","background-image":"","background-repeat":"repeat","background-position":"center center","background-size":"auto","background-attachment":"scroll","background-type":"","background-media":"","overlay-type":"","overlay-color":"","overlay-opacity":"","overlay-gradient":""}},"ast-content-background-meta":{"desktop":{"background-color":"var(--ast-global-color-5)","background-image":"","background-repeat":"repeat","background-position":"center center","background-size":"auto","background-attachment":"scroll","background-type":"","background-media":"","overlay-type":"","overlay-color":"","overlay-opacity":"","overlay-gradient":""},"tablet":{"background-color":"var(--ast-global-color-5)","background-image":"","background-repeat":"repeat","background-position":"center center","background-size":"auto","background-attachment":"scroll","background-type":"","background-media":"","overlay-type":"","overlay-color":"","overlay-opacity":"","overlay-gradient":""},"mobile":{"background-color":"var(--ast-global-color-5)","background-image":"","background-repeat":"repeat","background-position":"center center","background-size":"auto","background-attachment":"scroll","background-type":"","background-media":"","overlay-type":"","overlay-color":"","overlay-opacity":"","overlay-gradient":""}},"footnotes":""},"categories":[1,108,29],"tags":[92,183],"class_list":["post-16721","post","type-post","status-publish","format-standard","has-post-thumbnail","hentry","category-general","category-musica","category-portada","tag-musica","tag-projectes"],"post_mailing_queue_ids":[],"_links":{"self":[{"href":"https:\/\/agora.xtec.cat\/ies-ramonbarbat-vilaseca\/wp-json\/wp\/v2\/posts\/16721","targetHints":{"allow":["GET"]}}],"collection":[{"href":"https:\/\/agora.xtec.cat\/ies-ramonbarbat-vilaseca\/wp-json\/wp\/v2\/posts"}],"about":[{"href":"https:\/\/agora.xtec.cat\/ies-ramonbarbat-vilaseca\/wp-json\/wp\/v2\/types\/post"}],"author":[{"embeddable":true,"href":"https:\/\/agora.xtec.cat\/ies-ramonbarbat-vilaseca\/wp-json\/wp\/v2\/users\/202"}],"replies":[{"embeddable":true,"href":"https:\/\/agora.xtec.cat\/ies-ramonbarbat-vilaseca\/wp-json\/wp\/v2\/comments?post=16721"}],"version-history":[{"count":6,"href":"https:\/\/agora.xtec.cat\/ies-ramonbarbat-vilaseca\/wp-json\/wp\/v2\/posts\/16721\/revisions"}],"predecessor-version":[{"id":16728,"href":"https:\/\/agora.xtec.cat\/ies-ramonbarbat-vilaseca\/wp-json\/wp\/v2\/posts\/16721\/revisions\/16728"}],"wp:featuredmedia":[{"embeddable":true,"href":"https:\/\/agora.xtec.cat\/ies-ramonbarbat-vilaseca\/wp-json\/wp\/v2\/media\/16725"}],"wp:attachment":[{"href":"https:\/\/agora.xtec.cat\/ies-ramonbarbat-vilaseca\/wp-json\/wp\/v2\/media?parent=16721"}],"wp:term":[{"taxonomy":"category","embeddable":true,"href":"https:\/\/agora.xtec.cat\/ies-ramonbarbat-vilaseca\/wp-json\/wp\/v2\/categories?post=16721"},{"taxonomy":"post_tag","embeddable":true,"href":"https:\/\/agora.xtec.cat\/ies-ramonbarbat-vilaseca\/wp-json\/wp\/v2\/tags?post=16721"}],"curies":[{"name":"wp","href":"https:\/\/api.w.org\/{rel}","templated":true}]}}