{"id":1808,"date":"2021-09-02T21:43:47","date_gmt":"2021-09-02T19:43:47","guid":{"rendered":"https:\/\/agora.xtec.cat\/ies-pompeu-fabra-martorell\/?p=1808"},"modified":"2021-09-03T16:36:54","modified_gmt":"2021-09-03T14:36:54","slug":"reunio-informativa-families-1r-eso","status":"publish","type":"post","link":"https:\/\/agora.xtec.cat\/ies-pompeu-fabra-martorell\/eso\/reunio-informativa-families-1r-eso\/","title":{"rendered":"Reuni\u00f3 informativa fam\u00edlies 1r ESO"},"content":{"rendered":"<p><span style=\"font-weight: 400;\">Benvolgudes fam\u00edlies de 1r d\u2019ESO,<\/span><\/p>\n<p><span style=\"font-weight: 400;\">El curs escolar est\u00e0 a punt de comen\u00e7ar i per tal de tenir-ho tot a punt, us convoquem a la trobada informativa que tindr\u00e0 lloc el proper<\/span><b>\u00a0dimarts 7 de setembre <\/b>a les 18:00h a l\u2019Auditori Joan Cererols \u2013 Espai Jove Nord.<\/p>\n<p><strong>Adre\u00e7a<\/strong>: Pla\u00e7a de les cultures s\/n. 08760 Martorell<\/p>\n<p><b>Caldr\u00e0 respectar les mesures sanit\u00e0ries contra la COVID-19, us preguem que hi assistiu UN SOL MEMBRE x fam\u00edlia. <\/b><b>RECORDEU, AFORAMENT LIMITAT<\/b><\/p>\n<p><img loading=\"lazy\" decoding=\"async\" class=\"aligncenter size-large wp-image-1832\" src=\"https:\/\/agora.xtec.cat\/ies-pompeu-fabra-martorell\/wp-content\/uploads\/usu2046\/2021\/09\/Copia-de-REUNIO\u0301-INFORMATIVA-PORTES-OBERTES-POMPEU-FABRA-1-724x1024.jpg\" alt=\"\" width=\"724\" height=\"1024\" srcset=\"https:\/\/agora.xtec.cat\/ies-pompeu-fabra-martorell\/wp-content\/uploads\/usu2046\/2021\/09\/Copia-de-REUNIO\u0301-INFORMATIVA-PORTES-OBERTES-POMPEU-FABRA-1-724x1024.jpg 724w, https:\/\/agora.xtec.cat\/ies-pompeu-fabra-martorell\/wp-content\/uploads\/usu2046\/2021\/09\/Copia-de-REUNIO\u0301-INFORMATIVA-PORTES-OBERTES-POMPEU-FABRA-1-212x300.jpg 212w, https:\/\/agora.xtec.cat\/ies-pompeu-fabra-martorell\/wp-content\/uploads\/usu2046\/2021\/09\/Copia-de-REUNIO\u0301-INFORMATIVA-PORTES-OBERTES-POMPEU-FABRA-1-768x1086.jpg 768w, https:\/\/agora.xtec.cat\/ies-pompeu-fabra-martorell\/wp-content\/uploads\/usu2046\/2021\/09\/Copia-de-REUNIO\u0301-INFORMATIVA-PORTES-OBERTES-POMPEU-FABRA-1-1086x1536.jpg 1086w, https:\/\/agora.xtec.cat\/ies-pompeu-fabra-martorell\/wp-content\/uploads\/usu2046\/2021\/09\/Copia-de-REUNIO\u0301-INFORMATIVA-PORTES-OBERTES-POMPEU-FABRA-1-1448x2048.jpg 1448w, https:\/\/agora.xtec.cat\/ies-pompeu-fabra-martorell\/wp-content\/uploads\/usu2046\/2021\/09\/Copia-de-REUNIO\u0301-INFORMATIVA-PORTES-OBERTES-POMPEU-FABRA-1.jpg 1587w\" sizes=\"auto, (max-width: 724px) 100vw, 724px\" \/><\/p>\n","protected":false},"excerpt":{"rendered":"<p>Benvolgudes fam\u00edlies de 1r d\u2019ESO, El curs escolar est\u00e0 a punt de comen\u00e7ar i per tal de tenir-ho tot a punt, us convoquem a la trobada informativa que tindr\u00e0 lloc el proper\u00a0dimarts 7 de setembre a les 18:00h a l\u2019Auditori Joan Cererols \u2013 Espai Jove Nord. Adre\u00e7a: Pla\u00e7a de les cultures s\/n. 08760 Martorell Caldr\u00e0 [&hellip;]<\/p>\n","protected":false},"author":1,"featured_media":0,"comment_status":"closed","ping_status":"closed","sticky":false,"template":"","format":"standard","meta":{"_bbp_topic_count":0,"_bbp_reply_count":0,"_bbp_total_topic_count":0,"_bbp_total_reply_count":0,"_bbp_voice_count":0,"_bbp_anonymous_reply_count":0,"_bbp_topic_count_hidden":0,"_bbp_reply_count_hidden":0,"_bbp_forum_subforum_count":0,"site-sidebar-layout":"default","site-content-layout":"","ast-site-content-layout":"","site-content-style":"default","site-sidebar-style":"default","ast-global-header-display":"","ast-banner-title-visibility":"","ast-main-header-display":"","ast-hfb-above-header-display":"","ast-hfb-below-header-display":"","ast-hfb-mobile-header-display":"","site-post-title":"","ast-breadcrumbs-content":"","ast-featured-img":"","footer-sml-layout":"","theme-transparent-header-meta":"","adv-header-id-meta":"","stick-header-meta":"","header-above-stick-meta":"","header-main-stick-meta":"","header-below-stick-meta":"","astra-migrate-meta-layouts":"default","ast-page-background-enabled":"default","ast-page-background-meta":{"desktop":{"background-color":"var(--ast-global-color-4)","background-image":"","background-repeat":"repeat","background-position":"center center","background-size":"auto","background-attachment":"scroll","background-type":"","background-media":"","overlay-type":"","overlay-color":"","overlay-opacity":"","overlay-gradient":""},"tablet":{"background-color":"","background-image":"","background-repeat":"repeat","background-position":"center center","background-size":"auto","background-attachment":"scroll","background-type":"","background-media":"","overlay-type":"","overlay-color":"","overlay-opacity":"","overlay-gradient":""},"mobile":{"background-color":"","background-image":"","background-repeat":"repeat","background-position":"center center","background-size":"auto","background-attachment":"scroll","background-type":"","background-media":"","overlay-type":"","overlay-color":"","overlay-opacity":"","overlay-gradient":""}},"ast-content-background-meta":{"desktop":{"background-color":"var(--ast-global-color-5)","background-image":"","background-repeat":"repeat","background-position":"center center","background-size":"auto","background-attachment":"scroll","background-type":"","background-media":"","overlay-type":"","overlay-color":"","overlay-opacity":"","overlay-gradient":""},"tablet":{"background-color":"var(--ast-global-color-5)","background-image":"","background-repeat":"repeat","background-position":"center center","background-size":"auto","background-attachment":"scroll","background-type":"","background-media":"","overlay-type":"","overlay-color":"","overlay-opacity":"","overlay-gradient":""},"mobile":{"background-color":"var(--ast-global-color-5)","background-image":"","background-repeat":"repeat","background-position":"center center","background-size":"auto","background-attachment":"scroll","background-type":"","background-media":"","overlay-type":"","overlay-color":"","overlay-opacity":"","overlay-gradient":""}},"footnotes":""},"categories":[3,29],"tags":[],"class_list":["post-1808","post","type-post","status-publish","format-standard","hentry","category-eso","category-portada"],"post_mailing_queue_ids":[],"_links":{"self":[{"href":"https:\/\/agora.xtec.cat\/ies-pompeu-fabra-martorell\/wp-json\/wp\/v2\/posts\/1808","targetHints":{"allow":["GET"]}}],"collection":[{"href":"https:\/\/agora.xtec.cat\/ies-pompeu-fabra-martorell\/wp-json\/wp\/v2\/posts"}],"about":[{"href":"https:\/\/agora.xtec.cat\/ies-pompeu-fabra-martorell\/wp-json\/wp\/v2\/types\/post"}],"author":[{"embeddable":true,"href":"https:\/\/agora.xtec.cat\/ies-pompeu-fabra-martorell\/wp-json\/wp\/v2\/users\/1"}],"replies":[{"embeddable":true,"href":"https:\/\/agora.xtec.cat\/ies-pompeu-fabra-martorell\/wp-json\/wp\/v2\/comments?post=1808"}],"version-history":[{"count":4,"href":"https:\/\/agora.xtec.cat\/ies-pompeu-fabra-martorell\/wp-json\/wp\/v2\/posts\/1808\/revisions"}],"predecessor-version":[{"id":1833,"href":"https:\/\/agora.xtec.cat\/ies-pompeu-fabra-martorell\/wp-json\/wp\/v2\/posts\/1808\/revisions\/1833"}],"wp:attachment":[{"href":"https:\/\/agora.xtec.cat\/ies-pompeu-fabra-martorell\/wp-json\/wp\/v2\/media?parent=1808"}],"wp:term":[{"taxonomy":"category","embeddable":true,"href":"https:\/\/agora.xtec.cat\/ies-pompeu-fabra-martorell\/wp-json\/wp\/v2\/categories?post=1808"},{"taxonomy":"post_tag","embeddable":true,"href":"https:\/\/agora.xtec.cat\/ies-pompeu-fabra-martorell\/wp-json\/wp\/v2\/tags?post=1808"}],"curies":[{"name":"wp","href":"https:\/\/api.w.org\/{rel}","templated":true}]}}