{"id":1029,"date":"2020-06-08T03:16:15","date_gmt":"2020-06-08T01:16:15","guid":{"rendered":"https:\/\/agora.xtec.cat\/ies-olivar-gran\/?p=1029"},"modified":"2020-06-18T23:08:25","modified_gmt":"2020-06-18T21:08:25","slug":"sol%c2%b7licitud-transport-escolar-curs-2020-2021","status":"publish","type":"post","link":"https:\/\/agora.xtec.cat\/ies-olivar-gran\/ins-olivar-gran\/general\/sol%c2%b7licitud-transport-escolar-curs-2020-2021\/","title":{"rendered":"SOL\u00b7LICITUD TRANSPORT ESCOLAR CURS 2020-21"},"content":{"rendered":"<h3><span style=\"color: #000000;\">Alumnes del centre que ja gaudien del transport escolar<img loading=\"lazy\" decoding=\"async\" class=\"alignright size-full wp-image-1030\" src=\"https:\/\/agora.xtec.cat\/ies-olivar-gran\/wp-content\/uploads\/usu2116\/2020\/06\/consell-comarcal.jpg\" alt=\"\" width=\"300\" height=\"201\" \/><\/span><\/h3>\n<p style=\"text-align: justify;\"><span style=\"color: #000000;\">Segons ens informa el Consell comarcal de l\u2019Alt Empord\u00e0, que \u00e9s qui gestiona el transport escolar, les fam\u00edlies que durant el curs 2019-2020 ja gaudien de transport escolar hauran d\u2019omplir la sol\u00b7licitud online, com ho han fet altres vegades. Aquestes fam\u00edlies rebran un sms amb l\u2019enlla\u00e7 per omplir la sol\u00b7licitud.<\/span><\/p>\n<p><a href=\"https:\/\/ssl.altemporda.cat\/limesurvey\/index.php\/935212?lang=ca\" target=\"_blank\" rel=\"noopener noreferrer\">Sol\u00b7licitud online<\/a><\/p>\n<p style=\"text-align: justify;\"><span style=\"color: #000000;\">El termini per omplir la sol\u00b7licitud online ser\u00e0 fins al <strong>29 de maig incl\u00f2s<\/strong><\/span>.<\/p>\n<h3 style=\"text-align: justify;\">Alumnes nous al centre<\/h3>\n<p style=\"text-align: justify;\"><span style=\"color: #000000;\">Pel que fa\u00a0<strong>els alumnes que siguin nous<\/strong>, aquests hauran de fer la sol\u00b7licitud en el per\u00edode de matr\u00edcula. Un cop admesos, despr\u00e9s del proc\u00e9s de preinscripci\u00f3, des del centre s\u2019enviar\u00e0 un correu amb la documentaci\u00f3 que caldr\u00e0 portar en el moment de la matr\u00edcula.<\/span><\/p>\n","protected":false},"excerpt":{"rendered":"<p>Sol\u00b7licitud pel transport escolar del curs 2020-2021<\/p>\n","protected":false},"author":1,"featured_media":1030,"comment_status":"closed","ping_status":"closed","sticky":false,"template":"","format":"standard","meta":{"_bbp_topic_count":0,"_bbp_reply_count":0,"_bbp_total_topic_count":0,"_bbp_total_reply_count":0,"_bbp_voice_count":0,"_bbp_anonymous_reply_count":0,"_bbp_topic_count_hidden":0,"_bbp_reply_count_hidden":0,"_bbp_forum_subforum_count":0,"site-sidebar-layout":"default","site-content-layout":"","ast-site-content-layout":"","site-content-style":"default","site-sidebar-style":"default","ast-global-header-display":"","ast-banner-title-visibility":"","ast-main-header-display":"","ast-hfb-above-header-display":"","ast-hfb-below-header-display":"","ast-hfb-mobile-header-display":"","site-post-title":"","ast-breadcrumbs-content":"","ast-featured-img":"","footer-sml-layout":"","theme-transparent-header-meta":"","adv-header-id-meta":"","stick-header-meta":"","header-above-stick-meta":"","header-main-stick-meta":"","header-below-stick-meta":"","astra-migrate-meta-layouts":"default","ast-page-background-enabled":"default","ast-page-background-meta":{"desktop":{"background-color":"var(--ast-global-color-4)","background-image":"","background-repeat":"repeat","background-position":"center center","background-size":"auto","background-attachment":"scroll","background-type":"","background-media":"","overlay-type":"","overlay-color":"","overlay-opacity":"","overlay-gradient":""},"tablet":{"background-color":"","background-image":"","background-repeat":"repeat","background-position":"center center","background-size":"auto","background-attachment":"scroll","background-type":"","background-media":"","overlay-type":"","overlay-color":"","overlay-opacity":"","overlay-gradient":""},"mobile":{"background-color":"","background-image":"","background-repeat":"repeat","background-position":"center center","background-size":"auto","background-attachment":"scroll","background-type":"","background-media":"","overlay-type":"","overlay-color":"","overlay-opacity":"","overlay-gradient":""}},"ast-content-background-meta":{"desktop":{"background-color":"var(--ast-global-color-5)","background-image":"","background-repeat":"repeat","background-position":"center center","background-size":"auto","background-attachment":"scroll","background-type":"","background-media":"","overlay-type":"","overlay-color":"","overlay-opacity":"","overlay-gradient":""},"tablet":{"background-color":"var(--ast-global-color-5)","background-image":"","background-repeat":"repeat","background-position":"center center","background-size":"auto","background-attachment":"scroll","background-type":"","background-media":"","overlay-type":"","overlay-color":"","overlay-opacity":"","overlay-gradient":""},"mobile":{"background-color":"var(--ast-global-color-5)","background-image":"","background-repeat":"repeat","background-position":"center center","background-size":"auto","background-attachment":"scroll","background-type":"","background-media":"","overlay-type":"","overlay-color":"","overlay-opacity":"","overlay-gradient":""}},"footnotes":""},"categories":[1,109],"tags":[],"class_list":["post-1029","post","type-post","status-publish","format-standard","has-post-thumbnail","hentry","category-general","category-ins-olivar-gran"],"post_mailing_queue_ids":[],"_links":{"self":[{"href":"https:\/\/agora.xtec.cat\/ies-olivar-gran\/wp-json\/wp\/v2\/posts\/1029","targetHints":{"allow":["GET"]}}],"collection":[{"href":"https:\/\/agora.xtec.cat\/ies-olivar-gran\/wp-json\/wp\/v2\/posts"}],"about":[{"href":"https:\/\/agora.xtec.cat\/ies-olivar-gran\/wp-json\/wp\/v2\/types\/post"}],"author":[{"embeddable":true,"href":"https:\/\/agora.xtec.cat\/ies-olivar-gran\/wp-json\/wp\/v2\/users\/1"}],"replies":[{"embeddable":true,"href":"https:\/\/agora.xtec.cat\/ies-olivar-gran\/wp-json\/wp\/v2\/comments?post=1029"}],"version-history":[{"count":3,"href":"https:\/\/agora.xtec.cat\/ies-olivar-gran\/wp-json\/wp\/v2\/posts\/1029\/revisions"}],"predecessor-version":[{"id":2112,"href":"https:\/\/agora.xtec.cat\/ies-olivar-gran\/wp-json\/wp\/v2\/posts\/1029\/revisions\/2112"}],"wp:featuredmedia":[{"embeddable":true,"href":"https:\/\/agora.xtec.cat\/ies-olivar-gran\/wp-json\/wp\/v2\/media\/1030"}],"wp:attachment":[{"href":"https:\/\/agora.xtec.cat\/ies-olivar-gran\/wp-json\/wp\/v2\/media?parent=1029"}],"wp:term":[{"taxonomy":"category","embeddable":true,"href":"https:\/\/agora.xtec.cat\/ies-olivar-gran\/wp-json\/wp\/v2\/categories?post=1029"},{"taxonomy":"post_tag","embeddable":true,"href":"https:\/\/agora.xtec.cat\/ies-olivar-gran\/wp-json\/wp\/v2\/tags?post=1029"}],"curies":[{"name":"wp","href":"https:\/\/api.w.org\/{rel}","templated":true}]}}