{"id":5728,"date":"2026-09-04T09:24:17","date_gmt":"2026-09-04T07:24:17","guid":{"rendered":"https:\/\/agora.xtec.cat\/ies-montjuic\/?p=5728"},"modified":"2026-09-04T09:24:17","modified_gmt":"2026-09-04T07:24:17","slug":"preparant-el-nou-curs-26-27","status":"publish","type":"post","link":"https:\/\/agora.xtec.cat\/ies-montjuic\/general\/preparant-el-nou-curs-26-27\/","title":{"rendered":"Preparant el nou curs 26-27"},"content":{"rendered":"<p style=\"text-align: justify;\">Aquests dies, el professorat ja ens estem reunint i preparant-ho tot per a l\u2019inici del curs. Hem donat la benvinguda al nou professorat que s\u2019incorpora enguany, compartint informaci\u00f3 clau per facilitar la seva integraci\u00f3 i perqu\u00e8 puguin comen\u00e7ar amb seguretat i confian\u00e7a.<\/p>\n<p style=\"text-align: justify;\">Paral\u00b7lelament, estem treballant conjuntament amb el TIS, el SIEI, els educadors socials i l\u2019equip d\u2019orientaci\u00f3 per garantir un bon acompanyament social i educatiu a tot l\u2019alumnat. La coordinaci\u00f3 entre aquests serveis \u00e9s essencial per oferir una resposta integral a les necessitats de cada estudiant.<\/p>\n<p style=\"text-align: justify;\">El centre tamb\u00e9 est\u00e0 ultimant les reformes i millores dels espais, que ja encaren la recta final. Aquests treballs ens permetran comen\u00e7ar el curs amb instal\u00b7lacions renovades i m\u00e9s adaptades a les activitats educatives.<\/p>\n<p style=\"text-align: justify;\">Un inici de curs que preparem amb molta il\u00b7lusi\u00f3 i amb la voluntat d\u2019oferir el millor entorn possible a tota la comunitat educativa.<\/p>\n<p style=\"text-align: justify;\"><a href=\"https:\/\/agora.xtec.cat\/ies-montjuic\/wp-content\/uploads\/usu1274\/2026\/09\/IMG_1048_Easy-Resize.com_.jpg\"><img loading=\"lazy\" decoding=\"async\" class=\"size-large wp-image-5730 aligncenter\" src=\"https:\/\/agora.xtec.cat\/ies-montjuic\/wp-content\/uploads\/usu1274\/2026\/09\/IMG_1048_Easy-Resize.com_-1024x768.jpg\" alt=\"\" width=\"1024\" height=\"768\" srcset=\"https:\/\/agora.xtec.cat\/ies-montjuic\/wp-content\/uploads\/usu1274\/2026\/09\/IMG_1048_Easy-Resize.com_-1024x768.jpg 1024w, https:\/\/agora.xtec.cat\/ies-montjuic\/wp-content\/uploads\/usu1274\/2026\/09\/IMG_1048_Easy-Resize.com_-300x225.jpg 300w, https:\/\/agora.xtec.cat\/ies-montjuic\/wp-content\/uploads\/usu1274\/2026\/09\/IMG_1048_Easy-Resize.com_-768x576.jpg 768w, https:\/\/agora.xtec.cat\/ies-montjuic\/wp-content\/uploads\/usu1274\/2026\/09\/IMG_1048_Easy-Resize.com_-200x150.jpg 200w, https:\/\/agora.xtec.cat\/ies-montjuic\/wp-content\/uploads\/usu1274\/2026\/09\/IMG_1048_Easy-Resize.com_.jpg 1280w\" sizes=\"auto, (max-width: 1024px) 100vw, 1024px\" \/><\/a><\/p>\n","protected":false},"excerpt":{"rendered":"<p>Aquests dies, el professorat ja ens estem reunint i preparant-ho tot per a l\u2019inici del curs. Hem donat la benvinguda al nou professorat que s\u2019incorpora enguany, compartint informaci\u00f3 clau per facilitar la seva integraci\u00f3 i perqu\u00e8 puguin comen\u00e7ar amb seguretat i confian\u00e7a.<br \/>\nParal\u00b7lelament, estem treballant conjuntament&hellip;  <a href=\"https:\/\/agora.xtec.cat\/ies-montjuic\/general\/preparant-el-nou-curs-26-27\/\" title=\"Read Preparant el nou curs 26-27\">Llegeix m\u00e9s\u00bb<\/a><\/p>\n","protected":false},"author":24,"featured_media":0,"comment_status":"closed","ping_status":"open","sticky":false,"template":"","format":"standard","meta":{"_bbp_topic_count":0,"_bbp_reply_count":0,"_bbp_total_topic_count":0,"_bbp_total_reply_count":0,"_bbp_voice_count":0,"_bbp_anonymous_reply_count":0,"_bbp_topic_count_hidden":0,"_bbp_reply_count_hidden":0,"_bbp_forum_subforum_count":0,"footnotes":""},"categories":[1,29],"tags":[389,391,281,390],"class_list":["post-5728","post","type-post","status-publish","format-standard","hentry","category-general","category-portada","tag-curs-26-27","tag-educadors-socials","tag-siei","tag-tis"],"post_mailing_queue_ids":[],"_links":{"self":[{"href":"https:\/\/agora.xtec.cat\/ies-montjuic\/wp-json\/wp\/v2\/posts\/5728","targetHints":{"allow":["GET"]}}],"collection":[{"href":"https:\/\/agora.xtec.cat\/ies-montjuic\/wp-json\/wp\/v2\/posts"}],"about":[{"href":"https:\/\/agora.xtec.cat\/ies-montjuic\/wp-json\/wp\/v2\/types\/post"}],"author":[{"embeddable":true,"href":"https:\/\/agora.xtec.cat\/ies-montjuic\/wp-json\/wp\/v2\/users\/24"}],"replies":[{"embeddable":true,"href":"https:\/\/agora.xtec.cat\/ies-montjuic\/wp-json\/wp\/v2\/comments?post=5728"}],"version-history":[{"count":2,"href":"https:\/\/agora.xtec.cat\/ies-montjuic\/wp-json\/wp\/v2\/posts\/5728\/revisions"}],"predecessor-version":[{"id":5731,"href":"https:\/\/agora.xtec.cat\/ies-montjuic\/wp-json\/wp\/v2\/posts\/5728\/revisions\/5731"}],"wp:attachment":[{"href":"https:\/\/agora.xtec.cat\/ies-montjuic\/wp-json\/wp\/v2\/media?parent=5728"}],"wp:term":[{"taxonomy":"category","embeddable":true,"href":"https:\/\/agora.xtec.cat\/ies-montjuic\/wp-json\/wp\/v2\/categories?post=5728"},{"taxonomy":"post_tag","embeddable":true,"href":"https:\/\/agora.xtec.cat\/ies-montjuic\/wp-json\/wp\/v2\/tags?post=5728"}],"curies":[{"name":"wp","href":"https:\/\/api.w.org\/{rel}","templated":true}]}}