{"id":8531,"date":"2026-04-24T20:57:26","date_gmt":"2026-04-24T18:57:26","guid":{"rendered":"https:\/\/agora.xtec.cat\/ies-mollerussa\/?p=8531"},"modified":"2026-04-24T20:57:26","modified_gmt":"2026-04-24T18:57:26","slug":"lalumnat-delectromecanica-de-maquinaria-visita-vicens-maquinaria-agricola-un-sector-amb-futur-professional","status":"publish","type":"post","link":"https:\/\/agora.xtec.cat\/ies-mollerussa\/portada\/lalumnat-delectromecanica-de-maquinaria-visita-vicens-maquinaria-agricola-un-sector-amb-futur-professional\/","title":{"rendered":"L&#8217;alumnat d&#8217;Electromec\u00e0nica de Maquin\u00e0ria visita Vicens Maquin\u00e0ria Agr\u00edcola: un sector amb futur professional"},"content":{"rendered":"<p data-path-to-node=\"5\">\n<p data-path-to-node=\"5\">L\u2019alumnat de <b data-path-to-node=\"5\" data-index-in-node=\"13\">1r del CFGM d\u2019Electromec\u00e0nica de Maquin\u00e0ria (TM30)<\/b> ha realitzat una profitosa sortida t\u00e8cnica a les instal\u00b7lacions de <b data-path-to-node=\"5\" data-index-in-node=\"131\">Vicens Maquin\u00e0ria Agr\u00edcola SA<\/b>, delegaci\u00f3 oficial de <b data-path-to-node=\"5\" data-index-in-node=\"183\">John Deere<\/b> i <b data-path-to-node=\"5\" data-index-in-node=\"196\">KUHN<\/b> a Fondarella.<\/p>\n<p data-path-to-node=\"6\">Durant la jornada, els estudiants han pogut con\u00e8ixer de primera m\u00e0 les <b data-path-to-node=\"6\" data-index-in-node=\"71\">diferents seccions de l&#8217;empresa<\/b>: des de l&#8217;\u00e0rea comercial i d&#8217;exposici\u00f3 fins als tallers de reparaci\u00f3 i el magatzem de recanvis. Al llarg del recorregut, els responsables de l&#8217;empresa han posat \u00e8mfasi en l&#8217;evoluci\u00f3 tecnol\u00f2gica del sector i, sobretot, en la <b data-path-to-node=\"6\" data-index-in-node=\"327\">gran sortida laboral<\/b> que t\u00e9 actualment aquest cicle formatiu. La falta de t\u00e8cnics especialitzats en mec\u00e0nica agr\u00edcola fa que el perfil d\u2019aquests alumnes sigui altament demandat per les empreses del territori.<\/p>\n<p data-path-to-node=\"7\">Des del centre, volem <b data-path-to-node=\"7\" data-index-in-node=\"22\">agrair profundament a tot l&#8217;equip de Vicens Maquin\u00e0ria Agr\u00edcola SA<\/b> l&#8217;atenci\u00f3 i el temps dedicat als nostres alumnes, obrint-nos les portes de casa seva i compartint la seva expertesa professional.<\/p>\n<p data-path-to-node=\"7\"><a href=\"https:\/\/agora.xtec.cat\/ies-mollerussa\/wp-content\/uploads\/usu2499\/2026\/04\/3JD-1-scaled.jpg\"><img loading=\"lazy\" decoding=\"async\" class=\"alignnone size-large wp-image-8527\" src=\"https:\/\/agora.xtec.cat\/ies-mollerussa\/wp-content\/uploads\/usu2499\/2026\/04\/3JD-1-1024x768.jpg\" alt=\"\" width=\"1024\" height=\"768\" srcset=\"https:\/\/agora.xtec.cat\/ies-mollerussa\/wp-content\/uploads\/usu2499\/2026\/04\/3JD-1-1024x768.jpg 1024w, https:\/\/agora.xtec.cat\/ies-mollerussa\/wp-content\/uploads\/usu2499\/2026\/04\/3JD-1-300x225.jpg 300w, https:\/\/agora.xtec.cat\/ies-mollerussa\/wp-content\/uploads\/usu2499\/2026\/04\/3JD-1-768x576.jpg 768w, https:\/\/agora.xtec.cat\/ies-mollerussa\/wp-content\/uploads\/usu2499\/2026\/04\/3JD-1-1536x1152.jpg 1536w, https:\/\/agora.xtec.cat\/ies-mollerussa\/wp-content\/uploads\/usu2499\/2026\/04\/3JD-1-2048x1536.jpg 2048w, https:\/\/agora.xtec.cat\/ies-mollerussa\/wp-content\/uploads\/usu2499\/2026\/04\/3JD-1-200x150.jpg 200w\" sizes=\"auto, (max-width: 1024px) 100vw, 1024px\" \/><\/a><a href=\"https:\/\/agora.xtec.cat\/ies-mollerussa\/wp-content\/uploads\/usu2499\/2026\/04\/4JD-2-scaled.jpg\"><img loading=\"lazy\" decoding=\"async\" class=\"alignnone size-large wp-image-8528\" src=\"https:\/\/agora.xtec.cat\/ies-mollerussa\/wp-content\/uploads\/usu2499\/2026\/04\/4JD-2-1024x768.jpg\" alt=\"\" width=\"1024\" height=\"768\" srcset=\"https:\/\/agora.xtec.cat\/ies-mollerussa\/wp-content\/uploads\/usu2499\/2026\/04\/4JD-2-1024x768.jpg 1024w, https:\/\/agora.xtec.cat\/ies-mollerussa\/wp-content\/uploads\/usu2499\/2026\/04\/4JD-2-300x225.jpg 300w, https:\/\/agora.xtec.cat\/ies-mollerussa\/wp-content\/uploads\/usu2499\/2026\/04\/4JD-2-768x576.jpg 768w, https:\/\/agora.xtec.cat\/ies-mollerussa\/wp-content\/uploads\/usu2499\/2026\/04\/4JD-2-1536x1152.jpg 1536w, https:\/\/agora.xtec.cat\/ies-mollerussa\/wp-content\/uploads\/usu2499\/2026\/04\/4JD-2-2048x1536.jpg 2048w, https:\/\/agora.xtec.cat\/ies-mollerussa\/wp-content\/uploads\/usu2499\/2026\/04\/4JD-2-200x150.jpg 200w\" sizes=\"auto, (max-width: 1024px) 100vw, 1024px\" \/><\/a><a href=\"https:\/\/agora.xtec.cat\/ies-mollerussa\/wp-content\/uploads\/usu2499\/2026\/04\/5JD-2-scaled.jpg\"><img loading=\"lazy\" decoding=\"async\" class=\"alignnone size-large wp-image-8529\" src=\"https:\/\/agora.xtec.cat\/ies-mollerussa\/wp-content\/uploads\/usu2499\/2026\/04\/5JD-2-1024x768.jpg\" alt=\"\" width=\"1024\" height=\"768\" srcset=\"https:\/\/agora.xtec.cat\/ies-mollerussa\/wp-content\/uploads\/usu2499\/2026\/04\/5JD-2-1024x768.jpg 1024w, https:\/\/agora.xtec.cat\/ies-mollerussa\/wp-content\/uploads\/usu2499\/2026\/04\/5JD-2-300x225.jpg 300w, https:\/\/agora.xtec.cat\/ies-mollerussa\/wp-content\/uploads\/usu2499\/2026\/04\/5JD-2-768x576.jpg 768w, https:\/\/agora.xtec.cat\/ies-mollerussa\/wp-content\/uploads\/usu2499\/2026\/04\/5JD-2-1536x1152.jpg 1536w, https:\/\/agora.xtec.cat\/ies-mollerussa\/wp-content\/uploads\/usu2499\/2026\/04\/5JD-2-2048x1536.jpg 2048w, https:\/\/agora.xtec.cat\/ies-mollerussa\/wp-content\/uploads\/usu2499\/2026\/04\/5JD-2-200x150.jpg 200w\" sizes=\"auto, (max-width: 1024px) 100vw, 1024px\" \/><\/a><a href=\"https:\/\/agora.xtec.cat\/ies-mollerussa\/wp-content\/uploads\/usu2499\/2026\/04\/6JD-2-scaled.jpg\"><img loading=\"lazy\" decoding=\"async\" class=\"alignnone size-large wp-image-8530\" src=\"https:\/\/agora.xtec.cat\/ies-mollerussa\/wp-content\/uploads\/usu2499\/2026\/04\/6JD-2-1024x768.jpg\" alt=\"\" width=\"1024\" height=\"768\" srcset=\"https:\/\/agora.xtec.cat\/ies-mollerussa\/wp-content\/uploads\/usu2499\/2026\/04\/6JD-2-1024x768.jpg 1024w, https:\/\/agora.xtec.cat\/ies-mollerussa\/wp-content\/uploads\/usu2499\/2026\/04\/6JD-2-300x225.jpg 300w, https:\/\/agora.xtec.cat\/ies-mollerussa\/wp-content\/uploads\/usu2499\/2026\/04\/6JD-2-768x576.jpg 768w, https:\/\/agora.xtec.cat\/ies-mollerussa\/wp-content\/uploads\/usu2499\/2026\/04\/6JD-2-1536x1152.jpg 1536w, https:\/\/agora.xtec.cat\/ies-mollerussa\/wp-content\/uploads\/usu2499\/2026\/04\/6JD-2-2048x1536.jpg 2048w, https:\/\/agora.xtec.cat\/ies-mollerussa\/wp-content\/uploads\/usu2499\/2026\/04\/6JD-2-200x150.jpg 200w\" sizes=\"auto, (max-width: 1024px) 100vw, 1024px\" \/><\/a><a href=\"https:\/\/agora.xtec.cat\/ies-mollerussa\/wp-content\/uploads\/usu2499\/2026\/04\/1JD-2-scaled.jpg\"><img loading=\"lazy\" decoding=\"async\" class=\"alignnone size-large wp-image-8525\" src=\"https:\/\/agora.xtec.cat\/ies-mollerussa\/wp-content\/uploads\/usu2499\/2026\/04\/1JD-2-1024x768.jpg\" alt=\"\" width=\"1024\" height=\"768\" srcset=\"https:\/\/agora.xtec.cat\/ies-mollerussa\/wp-content\/uploads\/usu2499\/2026\/04\/1JD-2-1024x768.jpg 1024w, https:\/\/agora.xtec.cat\/ies-mollerussa\/wp-content\/uploads\/usu2499\/2026\/04\/1JD-2-300x225.jpg 300w, https:\/\/agora.xtec.cat\/ies-mollerussa\/wp-content\/uploads\/usu2499\/2026\/04\/1JD-2-768x576.jpg 768w, https:\/\/agora.xtec.cat\/ies-mollerussa\/wp-content\/uploads\/usu2499\/2026\/04\/1JD-2-1536x1152.jpg 1536w, https:\/\/agora.xtec.cat\/ies-mollerussa\/wp-content\/uploads\/usu2499\/2026\/04\/1JD-2-2048x1536.jpg 2048w, https:\/\/agora.xtec.cat\/ies-mollerussa\/wp-content\/uploads\/usu2499\/2026\/04\/1JD-2-200x150.jpg 200w\" sizes=\"auto, (max-width: 1024px) 100vw, 1024px\" \/><\/a><\/p>\n","protected":false},"excerpt":{"rendered":"<p>L\u2019alumnat de 1r del CFGM d\u2019Electromec\u00e0nica de Maquin\u00e0ria (TM30) ha realitzat una profitosa sortida t\u00e8cnica a les instal\u00b7lacions de Vicens Maquin\u00e0ria Agr\u00edcola SA, delegaci\u00f3 oficial de John Deere i KUHN a Fondarella.<br \/>\nDurant la jornada, els estudiants han pogut con\u00e8ixer de primera m\u00e0 les diferents seccions&hellip;  <a href=\"https:\/\/agora.xtec.cat\/ies-mollerussa\/portada\/lalumnat-delectromecanica-de-maquinaria-visita-vicens-maquinaria-agricola-un-sector-amb-futur-professional\/\" title=\"Read L&#8217;alumnat d&#8217;Electromec\u00e0nica de Maquin\u00e0ria visita Vicens Maquin\u00e0ria Agr\u00edcola: un sector amb futur professional\">Llegeix m\u00e9s\u00bb<\/a><\/p>\n","protected":false},"author":7,"featured_media":8526,"comment_status":"closed","ping_status":"open","sticky":false,"template":"","format":"standard","meta":{"_bbp_topic_count":0,"_bbp_reply_count":0,"_bbp_total_topic_count":0,"_bbp_total_reply_count":0,"_bbp_voice_count":0,"_bbp_anonymous_reply_count":0,"_bbp_topic_count_hidden":0,"_bbp_reply_count_hidden":0,"_bbp_forum_subforum_count":0,"footnotes":""},"categories":[104,130,29],"tags":[],"class_list":["post-8531","post","type-post","status-publish","format-standard","has-post-thumbnail","hentry","category-cfgm","category-tm30","category-portada"],"post_mailing_queue_ids":[],"_links":{"self":[{"href":"https:\/\/agora.xtec.cat\/ies-mollerussa\/wp-json\/wp\/v2\/posts\/8531","targetHints":{"allow":["GET"]}}],"collection":[{"href":"https:\/\/agora.xtec.cat\/ies-mollerussa\/wp-json\/wp\/v2\/posts"}],"about":[{"href":"https:\/\/agora.xtec.cat\/ies-mollerussa\/wp-json\/wp\/v2\/types\/post"}],"author":[{"embeddable":true,"href":"https:\/\/agora.xtec.cat\/ies-mollerussa\/wp-json\/wp\/v2\/users\/7"}],"replies":[{"embeddable":true,"href":"https:\/\/agora.xtec.cat\/ies-mollerussa\/wp-json\/wp\/v2\/comments?post=8531"}],"version-history":[{"count":2,"href":"https:\/\/agora.xtec.cat\/ies-mollerussa\/wp-json\/wp\/v2\/posts\/8531\/revisions"}],"predecessor-version":[{"id":8533,"href":"https:\/\/agora.xtec.cat\/ies-mollerussa\/wp-json\/wp\/v2\/posts\/8531\/revisions\/8533"}],"wp:featuredmedia":[{"embeddable":true,"href":"https:\/\/agora.xtec.cat\/ies-mollerussa\/wp-json\/wp\/v2\/media\/8526"}],"wp:attachment":[{"href":"https:\/\/agora.xtec.cat\/ies-mollerussa\/wp-json\/wp\/v2\/media?parent=8531"}],"wp:term":[{"taxonomy":"category","embeddable":true,"href":"https:\/\/agora.xtec.cat\/ies-mollerussa\/wp-json\/wp\/v2\/categories?post=8531"},{"taxonomy":"post_tag","embeddable":true,"href":"https:\/\/agora.xtec.cat\/ies-mollerussa\/wp-json\/wp\/v2\/tags?post=8531"}],"curies":[{"name":"wp","href":"https:\/\/api.w.org\/{rel}","templated":true}]}}