{"id":8487,"date":"2026-04-15T15:32:33","date_gmt":"2026-04-15T13:32:33","guid":{"rendered":"https:\/\/agora.xtec.cat\/ies-mollerussa\/?p=8487"},"modified":"2026-04-15T15:37:27","modified_gmt":"2026-04-15T13:37:27","slug":"matinal-esportiva-organitzada-i-dinamitzada-per-lalumnat-del-gm-de-guia-en-el-medi-natural-i-de-temps-de-lleure","status":"publish","type":"post","link":"https:\/\/agora.xtec.cat\/ies-mollerussa\/general\/matinal-esportiva-organitzada-i-dinamitzada-per-lalumnat-del-gm-de-guia-en-el-medi-natural-i-de-temps-de-lleure\/","title":{"rendered":"Matinal esportiva organitzada i dinamitzada per l\u2019alumnat del GM de Guia en el Medi Natural i de Temps  de Lleure de l&#8217;Institut Mollerussa"},"content":{"rendered":"<p>Dins el marc del Projecte Esports de les Terres de Lleida, uns 90 alumnes han participat en la matinal esportiva organitzada i dinamitzada per l\u2019alumnat del CFGM de Guia en el Medi Natural i de Temps de Lleure de l\u2019INS Mollerussa.<\/p>\n<p>L\u2019alumnat dels PFI de l\u2019INS Guissona, de l\u2019INS Torre Queralt, de l\u2019INS Mollerussa i de l\u2019INS Almat\u00e0 s&#8217;han despla\u00e7at fins a l\u2019INS Mollerussa per participar en les activitats d\u2019orientaci\u00f3 i les propostes l\u00fadiques preparades per l\u2019alumnat del cicle formatiu.<\/p>\n<p>Ha estat una jornada molt enriquidora, en qu\u00e8 hem pogut gaudir d\u2019un mat\u00ed esportiu i de conviv\u00e8ncia, con\u00e8ixer companys i companyes d\u2019altres centres i descobrir de prop una de les activitats que es duen a terme en aquest cicle formatiu.<\/p>\n<p>Seguim compartint esport, aprenentatges i bons moments junts!<\/p>\n<p><a href=\"https:\/\/agora.xtec.cat\/ies-mollerussa\/wp-content\/uploads\/usu2499\/2026\/04\/Foto-organitzant-768x1024-1.jpeg\"><img loading=\"lazy\" decoding=\"async\" class=\"alignnone size-full wp-image-8490\" src=\"https:\/\/agora.xtec.cat\/ies-mollerussa\/wp-content\/uploads\/usu2499\/2026\/04\/Foto-organitzant-768x1024-1.jpeg\" alt=\"\" width=\"768\" height=\"1024\" srcset=\"https:\/\/agora.xtec.cat\/ies-mollerussa\/wp-content\/uploads\/usu2499\/2026\/04\/Foto-organitzant-768x1024-1.jpeg 768w, https:\/\/agora.xtec.cat\/ies-mollerussa\/wp-content\/uploads\/usu2499\/2026\/04\/Foto-organitzant-768x1024-1-225x300.jpeg 225w\" sizes=\"auto, (max-width: 768px) 100vw, 768px\" \/><\/a><\/p>\n<p><a href=\"https:\/\/agora.xtec.cat\/ies-mollerussa\/wp-content\/uploads\/usu2499\/2026\/04\/Foto-activitat.jpeg\"><img loading=\"lazy\" decoding=\"async\" class=\"alignnone size-large wp-image-8491\" src=\"https:\/\/agora.xtec.cat\/ies-mollerussa\/wp-content\/uploads\/usu2499\/2026\/04\/Foto-activitat-768x1024.jpeg\" alt=\"\" width=\"768\" height=\"1024\" srcset=\"https:\/\/agora.xtec.cat\/ies-mollerussa\/wp-content\/uploads\/usu2499\/2026\/04\/Foto-activitat-768x1024.jpeg 768w, https:\/\/agora.xtec.cat\/ies-mollerussa\/wp-content\/uploads\/usu2499\/2026\/04\/Foto-activitat-225x300.jpeg 225w, https:\/\/agora.xtec.cat\/ies-mollerussa\/wp-content\/uploads\/usu2499\/2026\/04\/Foto-activitat-1152x1536.jpeg 1152w, https:\/\/agora.xtec.cat\/ies-mollerussa\/wp-content\/uploads\/usu2499\/2026\/04\/Foto-activitat.jpeg 1200w\" sizes=\"auto, (max-width: 768px) 100vw, 768px\" \/><\/a><\/p>\n<p><a href=\"https:\/\/agora.xtec.cat\/ies-mollerussa\/wp-content\/uploads\/usu2499\/2026\/04\/Foto-activitat-2.jpeg\"><img loading=\"lazy\" decoding=\"async\" class=\"alignnone size-large wp-image-8492\" src=\"https:\/\/agora.xtec.cat\/ies-mollerussa\/wp-content\/uploads\/usu2499\/2026\/04\/Foto-activitat-2-768x1024.jpeg\" alt=\"\" width=\"768\" height=\"1024\" srcset=\"https:\/\/agora.xtec.cat\/ies-mollerussa\/wp-content\/uploads\/usu2499\/2026\/04\/Foto-activitat-2-768x1024.jpeg 768w, https:\/\/agora.xtec.cat\/ies-mollerussa\/wp-content\/uploads\/usu2499\/2026\/04\/Foto-activitat-2-225x300.jpeg 225w, https:\/\/agora.xtec.cat\/ies-mollerussa\/wp-content\/uploads\/usu2499\/2026\/04\/Foto-activitat-2-1152x1536.jpeg 1152w, https:\/\/agora.xtec.cat\/ies-mollerussa\/wp-content\/uploads\/usu2499\/2026\/04\/Foto-activitat-2.jpeg 1200w\" sizes=\"auto, (max-width: 768px) 100vw, 768px\" \/><\/a><\/p>\n<p><a href=\"https:\/\/agora.xtec.cat\/ies-mollerussa\/wp-content\/uploads\/usu2499\/2026\/04\/Foto-activitat-3.jpeg\"><img loading=\"lazy\" decoding=\"async\" class=\"alignnone size-large wp-image-8493\" src=\"https:\/\/agora.xtec.cat\/ies-mollerussa\/wp-content\/uploads\/usu2499\/2026\/04\/Foto-activitat-3-768x1024.jpeg\" alt=\"\" width=\"768\" height=\"1024\" srcset=\"https:\/\/agora.xtec.cat\/ies-mollerussa\/wp-content\/uploads\/usu2499\/2026\/04\/Foto-activitat-3-768x1024.jpeg 768w, https:\/\/agora.xtec.cat\/ies-mollerussa\/wp-content\/uploads\/usu2499\/2026\/04\/Foto-activitat-3-225x300.jpeg 225w, https:\/\/agora.xtec.cat\/ies-mollerussa\/wp-content\/uploads\/usu2499\/2026\/04\/Foto-activitat-3-1152x1536.jpeg 1152w, https:\/\/agora.xtec.cat\/ies-mollerussa\/wp-content\/uploads\/usu2499\/2026\/04\/Foto-activitat-3.jpeg 1200w\" sizes=\"auto, (max-width: 768px) 100vw, 768px\" \/><\/a><\/p>\n<p><a href=\"https:\/\/agora.xtec.cat\/ies-mollerussa\/wp-content\/uploads\/usu2499\/2026\/04\/Foto-planol.jpeg\"><img loading=\"lazy\" decoding=\"async\" class=\"alignnone size-large wp-image-8498\" src=\"https:\/\/agora.xtec.cat\/ies-mollerussa\/wp-content\/uploads\/usu2499\/2026\/04\/Foto-planol-768x1024.jpeg\" alt=\"\" width=\"768\" height=\"1024\" srcset=\"https:\/\/agora.xtec.cat\/ies-mollerussa\/wp-content\/uploads\/usu2499\/2026\/04\/Foto-planol-768x1024.jpeg 768w, https:\/\/agora.xtec.cat\/ies-mollerussa\/wp-content\/uploads\/usu2499\/2026\/04\/Foto-planol-225x300.jpeg 225w, https:\/\/agora.xtec.cat\/ies-mollerussa\/wp-content\/uploads\/usu2499\/2026\/04\/Foto-planol-1152x1536.jpeg 1152w, https:\/\/agora.xtec.cat\/ies-mollerussa\/wp-content\/uploads\/usu2499\/2026\/04\/Foto-planol.jpeg 1200w\" sizes=\"auto, (max-width: 768px) 100vw, 768px\" \/><\/a><\/p>\n<p><a href=\"https:\/\/agora.xtec.cat\/ies-mollerussa\/wp-content\/uploads\/usu2499\/2026\/04\/Foto-general.jpeg\"><img loading=\"lazy\" decoding=\"async\" class=\"alignnone size-large wp-image-8489\" src=\"https:\/\/agora.xtec.cat\/ies-mollerussa\/wp-content\/uploads\/usu2499\/2026\/04\/Foto-general-1024x768.jpeg\" alt=\"\" width=\"1024\" height=\"768\" srcset=\"https:\/\/agora.xtec.cat\/ies-mollerussa\/wp-content\/uploads\/usu2499\/2026\/04\/Foto-general-1024x768.jpeg 1024w, https:\/\/agora.xtec.cat\/ies-mollerussa\/wp-content\/uploads\/usu2499\/2026\/04\/Foto-general-300x225.jpeg 300w, https:\/\/agora.xtec.cat\/ies-mollerussa\/wp-content\/uploads\/usu2499\/2026\/04\/Foto-general-768x576.jpeg 768w, https:\/\/agora.xtec.cat\/ies-mollerussa\/wp-content\/uploads\/usu2499\/2026\/04\/Foto-general-1536x1152.jpeg 1536w, https:\/\/agora.xtec.cat\/ies-mollerussa\/wp-content\/uploads\/usu2499\/2026\/04\/Foto-general-200x150.jpeg 200w, https:\/\/agora.xtec.cat\/ies-mollerussa\/wp-content\/uploads\/usu2499\/2026\/04\/Foto-general.jpeg 1600w\" sizes=\"auto, (max-width: 1024px) 100vw, 1024px\" \/><\/a><\/p>\n","protected":false},"excerpt":{"rendered":"<p>Dins del Projecte Esports de les Terres de Lleida alumnes dels PFI de l\u2019INS Guissona, de l\u2019INS Torre Queralt, de l\u2019INS Mollerussa i de l\u2019INS Almat\u00e0 han participat en la matinal esportiva&hellip;  <a href=\"https:\/\/agora.xtec.cat\/ies-mollerussa\/general\/matinal-esportiva-organitzada-i-dinamitzada-per-lalumnat-del-gm-de-guia-en-el-medi-natural-i-de-temps-de-lleure\/\" title=\"Read Matinal esportiva organitzada i dinamitzada per l\u2019alumnat del GM de Guia en el Medi Natural i de Temps  de Lleure de l&#8217;Institut Mollerussa\">Llegeix m\u00e9s\u00bb<\/a><\/p>\n","protected":false},"author":3,"featured_media":8489,"comment_status":"closed","ping_status":"open","sticky":false,"template":"","format":"standard","meta":{"_bbp_topic_count":0,"_bbp_reply_count":0,"_bbp_total_topic_count":0,"_bbp_total_reply_count":0,"_bbp_voice_count":0,"_bbp_anonymous_reply_count":0,"_bbp_topic_count_hidden":0,"_bbp_reply_count_hidden":0,"_bbp_forum_subforum_count":0,"footnotes":""},"categories":[104,119,1,29,113],"tags":[],"class_list":["post-8487","post","type-post","status-publish","format-standard","has-post-thumbnail","hentry","category-cfgm","category-119","category-general","category-portada","category-pfi"],"post_mailing_queue_ids":[],"_links":{"self":[{"href":"https:\/\/agora.xtec.cat\/ies-mollerussa\/wp-json\/wp\/v2\/posts\/8487","targetHints":{"allow":["GET"]}}],"collection":[{"href":"https:\/\/agora.xtec.cat\/ies-mollerussa\/wp-json\/wp\/v2\/posts"}],"about":[{"href":"https:\/\/agora.xtec.cat\/ies-mollerussa\/wp-json\/wp\/v2\/types\/post"}],"author":[{"embeddable":true,"href":"https:\/\/agora.xtec.cat\/ies-mollerussa\/wp-json\/wp\/v2\/users\/3"}],"replies":[{"embeddable":true,"href":"https:\/\/agora.xtec.cat\/ies-mollerussa\/wp-json\/wp\/v2\/comments?post=8487"}],"version-history":[{"count":7,"href":"https:\/\/agora.xtec.cat\/ies-mollerussa\/wp-json\/wp\/v2\/posts\/8487\/revisions"}],"predecessor-version":[{"id":8501,"href":"https:\/\/agora.xtec.cat\/ies-mollerussa\/wp-json\/wp\/v2\/posts\/8487\/revisions\/8501"}],"wp:featuredmedia":[{"embeddable":true,"href":"https:\/\/agora.xtec.cat\/ies-mollerussa\/wp-json\/wp\/v2\/media\/8489"}],"wp:attachment":[{"href":"https:\/\/agora.xtec.cat\/ies-mollerussa\/wp-json\/wp\/v2\/media?parent=8487"}],"wp:term":[{"taxonomy":"category","embeddable":true,"href":"https:\/\/agora.xtec.cat\/ies-mollerussa\/wp-json\/wp\/v2\/categories?post=8487"},{"taxonomy":"post_tag","embeddable":true,"href":"https:\/\/agora.xtec.cat\/ies-mollerussa\/wp-json\/wp\/v2\/tags?post=8487"}],"curies":[{"name":"wp","href":"https:\/\/api.w.org\/{rel}","templated":true}]}}