{"id":9859,"date":"2025-02-18T14:30:44","date_gmt":"2025-02-18T13:30:44","guid":{"rendered":"https:\/\/agora.xtec.cat\/ies-miquel-tarradell\/?p=9859"},"modified":"2025-02-18T14:33:06","modified_gmt":"2025-02-18T13:33:06","slug":"participaciotarradell-olimpiada-matematica-femenina","status":"publish","type":"post","link":"https:\/\/agora.xtec.cat\/ies-miquel-tarradell\/general\/participaciotarradell-olimpiada-matematica-femenina\/","title":{"rendered":"#participaci\u00f3Tarradell &#8211; Olimp\u00edada matem\u00e0tica femenina"},"content":{"rendered":"\n<p>Aquest dissabte s&#8217;ha celebrat la <strong>II Olimp\u00edada matem\u00e0tica catalana femenina<\/strong> i, un any m\u00e9s, el nostre centre hi ha participat. Felicitats, noies!<\/p>\n\n\n\n<figure class=\"wp-block-gallery has-nested-images columns-default is-cropped wp-block-gallery-1 is-layout-flex wp-block-gallery-is-layout-flex\">\n<figure class=\"wp-block-image size-large\"><img loading=\"lazy\" decoding=\"async\" width=\"1024\" height=\"682\" data-id=\"9861\" src=\"https:\/\/agora.xtec.cat\/ies-miquel-tarradell\/wp-content\/uploads\/usu83\/2025\/02\/omcaf-foto2-1024x682.jpg\" alt=\"\" class=\"wp-image-9861\" srcset=\"https:\/\/agora.xtec.cat\/ies-miquel-tarradell\/wp-content\/uploads\/usu83\/2025\/02\/omcaf-foto2-1024x682.jpg 1024w, https:\/\/agora.xtec.cat\/ies-miquel-tarradell\/wp-content\/uploads\/usu83\/2025\/02\/omcaf-foto2-300x200.jpg 300w, https:\/\/agora.xtec.cat\/ies-miquel-tarradell\/wp-content\/uploads\/usu83\/2025\/02\/omcaf-foto2-768x512.jpg 768w, https:\/\/agora.xtec.cat\/ies-miquel-tarradell\/wp-content\/uploads\/usu83\/2025\/02\/omcaf-foto2-1536x1024.jpg 1536w, https:\/\/agora.xtec.cat\/ies-miquel-tarradell\/wp-content\/uploads\/usu83\/2025\/02\/omcaf-foto2.jpg 1688w\" sizes=\"auto, (max-width: 1024px) 100vw, 1024px\" \/><\/figure>\n\n\n\n<figure class=\"wp-block-image size-large\"><img loading=\"lazy\" decoding=\"async\" width=\"1024\" height=\"861\" data-id=\"9862\" src=\"https:\/\/agora.xtec.cat\/ies-miquel-tarradell\/wp-content\/uploads\/usu83\/2025\/02\/omcaf-foto1-1024x861.jpg\" alt=\"\" class=\"wp-image-9862\" srcset=\"https:\/\/agora.xtec.cat\/ies-miquel-tarradell\/wp-content\/uploads\/usu83\/2025\/02\/omcaf-foto1-1024x861.jpg 1024w, https:\/\/agora.xtec.cat\/ies-miquel-tarradell\/wp-content\/uploads\/usu83\/2025\/02\/omcaf-foto1-300x252.jpg 300w, https:\/\/agora.xtec.cat\/ies-miquel-tarradell\/wp-content\/uploads\/usu83\/2025\/02\/omcaf-foto1-768x646.jpg 768w, https:\/\/agora.xtec.cat\/ies-miquel-tarradell\/wp-content\/uploads\/usu83\/2025\/02\/omcaf-foto1-1536x1292.jpg 1536w, https:\/\/agora.xtec.cat\/ies-miquel-tarradell\/wp-content\/uploads\/usu83\/2025\/02\/omcaf-foto1.jpg 1599w\" sizes=\"auto, (max-width: 1024px) 100vw, 1024px\" \/><\/figure>\n\n\n\n<figure class=\"wp-block-image size-large\"><img loading=\"lazy\" decoding=\"async\" width=\"225\" height=\"225\" data-id=\"9860\" src=\"https:\/\/agora.xtec.cat\/ies-miquel-tarradell\/wp-content\/uploads\/usu83\/2025\/02\/omcaf-foto3.jpg\" alt=\"\" class=\"wp-image-9860\" srcset=\"https:\/\/agora.xtec.cat\/ies-miquel-tarradell\/wp-content\/uploads\/usu83\/2025\/02\/omcaf-foto3.jpg 225w, https:\/\/agora.xtec.cat\/ies-miquel-tarradell\/wp-content\/uploads\/usu83\/2025\/02\/omcaf-foto3-150x150.jpg 150w\" sizes=\"auto, (max-width: 225px) 100vw, 225px\" \/><\/figure>\n<\/figure>\n\n\n\n<p><strong>Enlla\u00e7os a not\u00edcies<\/strong>:<\/p>\n\n\n\n<p><a href=\"https:\/\/www.lavanguardia.com\/launi\/20250216\/10390945\/matematicas-chicas-participan-cinco-veces-mas-competicion-femenina-mixta.html?utm_term=botones_sociales\">https:\/\/www.lavanguardia.com\/launi\/20250216\/10390945\/matematicas-chicas-participan-cinco-veces-mas-competicion-femenina-mixta.html?utm_term=botones_sociales<\/a><\/p>\n\n\n\n<p><a href=\"https:\/\/www.3cat.cat\/3cat\/una-olimpiada-de-mates-per-despertar-les-vocacions-entre-nenes-i-joves\/video\/6325686\/?ext=SM_WP_F4_CE24_\">https:\/\/www.3cat.cat\/3cat\/una-olimpiada-de-mates-per-despertar-les-vocacions-entre-nenes-i-joves\/video\/6325686\/?ext=SM_WP_F4_CE24_<\/a><\/p>\n\n\n\n<p><a href=\"https:\/\/beteve.cat\/societat\/125-noies-participen-segona-olimpiada-matematica-femenina-upc\">https:\/\/beteve.cat\/societat\/125-noies-participen-segona-olimpiada-matematica-femenina-upc<\/a><\/p>\n","protected":false},"excerpt":{"rendered":"<p>Aquest dissabte s&#8217;ha celebrat la II Olimp\u00edada matem\u00e0tica catalana femenina i, un any m\u00e9s, el nostre centre hi ha participat. Felicitats, noies! Enlla\u00e7os a not\u00edcies: https:\/\/www.lavanguardia.com\/launi\/20250216\/10390945\/matematicas-chicas-participan-cinco-veces-mas-competicion-femenina-mixta.html?utm_term=botones_sociales https:\/\/www.3cat.cat\/3cat\/una-olimpiada-de-mates-per-despertar-les-vocacions-entre-nenes-i-joves\/video\/6325686\/?ext=SM_WP_F4_CE24_ https:\/\/beteve.cat\/societat\/125-noies-participen-segona-olimpiada-matematica-femenina-upc<\/p>\n","protected":false},"author":1,"featured_media":9860,"comment_status":"closed","ping_status":"closed","sticky":false,"template":"","format":"standard","meta":{"_bbp_topic_count":0,"_bbp_reply_count":0,"_bbp_total_topic_count":0,"_bbp_total_reply_count":0,"_bbp_voice_count":0,"_bbp_anonymous_reply_count":0,"_bbp_topic_count_hidden":0,"_bbp_reply_count_hidden":0,"_bbp_forum_subforum_count":0,"site-sidebar-layout":"default","site-content-layout":"","ast-site-content-layout":"","site-content-style":"default","site-sidebar-style":"default","ast-global-header-display":"","ast-banner-title-visibility":"","ast-main-header-display":"","ast-hfb-above-header-display":"","ast-hfb-below-header-display":"","ast-hfb-mobile-header-display":"","site-post-title":"","ast-breadcrumbs-content":"","ast-featured-img":"","footer-sml-layout":"","theme-transparent-header-meta":"","adv-header-id-meta":"","stick-header-meta":"","header-above-stick-meta":"","header-main-stick-meta":"","header-below-stick-meta":"","astra-migrate-meta-layouts":"default","ast-page-background-enabled":"default","ast-page-background-meta":{"desktop":{"background-color":"var(--ast-global-color-4)","background-image":"","background-repeat":"repeat","background-position":"center center","background-size":"auto","background-attachment":"scroll","background-type":"","background-media":"","overlay-type":"","overlay-color":"","overlay-opacity":"","overlay-gradient":""},"tablet":{"background-color":"","background-image":"","background-repeat":"repeat","background-position":"center center","background-size":"auto","background-attachment":"scroll","background-type":"","background-media":"","overlay-type":"","overlay-color":"","overlay-opacity":"","overlay-gradient":""},"mobile":{"background-color":"","background-image":"","background-repeat":"repeat","background-position":"center center","background-size":"auto","background-attachment":"scroll","background-type":"","background-media":"","overlay-type":"","overlay-color":"","overlay-opacity":"","overlay-gradient":""}},"ast-content-background-meta":{"desktop":{"background-color":"var(--ast-global-color-5)","background-image":"","background-repeat":"repeat","background-position":"center center","background-size":"auto","background-attachment":"scroll","background-type":"","background-media":"","overlay-type":"","overlay-color":"","overlay-opacity":"","overlay-gradient":""},"tablet":{"background-color":"var(--ast-global-color-5)","background-image":"","background-repeat":"repeat","background-position":"center center","background-size":"auto","background-attachment":"scroll","background-type":"","background-media":"","overlay-type":"","overlay-color":"","overlay-opacity":"","overlay-gradient":""},"mobile":{"background-color":"var(--ast-global-color-5)","background-image":"","background-repeat":"repeat","background-position":"center center","background-size":"auto","background-attachment":"scroll","background-type":"","background-media":"","overlay-type":"","overlay-color":"","overlay-opacity":"","overlay-gradient":""}},"footnotes":""},"categories":[1,116],"tags":[108,109],"class_list":["post-9859","post","type-post","status-publish","format-standard","has-post-thumbnail","hentry","category-general","category-noticies-batxillerat","tag-batxillerat","tag-noticies-batxillerat"],"post_mailing_queue_ids":[],"_links":{"self":[{"href":"https:\/\/agora.xtec.cat\/ies-miquel-tarradell\/wp-json\/wp\/v2\/posts\/9859","targetHints":{"allow":["GET"]}}],"collection":[{"href":"https:\/\/agora.xtec.cat\/ies-miquel-tarradell\/wp-json\/wp\/v2\/posts"}],"about":[{"href":"https:\/\/agora.xtec.cat\/ies-miquel-tarradell\/wp-json\/wp\/v2\/types\/post"}],"author":[{"embeddable":true,"href":"https:\/\/agora.xtec.cat\/ies-miquel-tarradell\/wp-json\/wp\/v2\/users\/1"}],"replies":[{"embeddable":true,"href":"https:\/\/agora.xtec.cat\/ies-miquel-tarradell\/wp-json\/wp\/v2\/comments?post=9859"}],"version-history":[{"count":2,"href":"https:\/\/agora.xtec.cat\/ies-miquel-tarradell\/wp-json\/wp\/v2\/posts\/9859\/revisions"}],"predecessor-version":[{"id":9864,"href":"https:\/\/agora.xtec.cat\/ies-miquel-tarradell\/wp-json\/wp\/v2\/posts\/9859\/revisions\/9864"}],"wp:featuredmedia":[{"embeddable":true,"href":"https:\/\/agora.xtec.cat\/ies-miquel-tarradell\/wp-json\/wp\/v2\/media\/9860"}],"wp:attachment":[{"href":"https:\/\/agora.xtec.cat\/ies-miquel-tarradell\/wp-json\/wp\/v2\/media?parent=9859"}],"wp:term":[{"taxonomy":"category","embeddable":true,"href":"https:\/\/agora.xtec.cat\/ies-miquel-tarradell\/wp-json\/wp\/v2\/categories?post=9859"},{"taxonomy":"post_tag","embeddable":true,"href":"https:\/\/agora.xtec.cat\/ies-miquel-tarradell\/wp-json\/wp\/v2\/tags?post=9859"}],"curies":[{"name":"wp","href":"https:\/\/api.w.org\/{rel}","templated":true}]}}