{"id":7131,"date":"2023-02-07T12:46:47","date_gmt":"2023-02-07T11:46:47","guid":{"rendered":"https:\/\/agora.xtec.cat\/ies-miquel-tarradell\/?p=7131"},"modified":"2023-02-08T22:26:21","modified_gmt":"2023-02-08T21:26:21","slug":"projectestarradell-escola-en-residencia-al-cccb","status":"publish","type":"post","link":"https:\/\/agora.xtec.cat\/ies-miquel-tarradell\/general\/projectestarradell-escola-en-residencia-al-cccb\/","title":{"rendered":"#projectesTarradell &#8211; Escola en resid\u00e8ncia al CCCB"},"content":{"rendered":"<p style=\"text-align: justify;\">La setmana passada a l&#8217;<a href=\"https:\/\/www.cccb.org\/ca\/activitats\/fitxa\/escola-en-residencia\/234956\" target=\"_blank\" rel=\"noopener\">#escolaenresidencia<\/a> vam continuar el treball de recerca i la investigaci\u00f3 per a fer el podcast. El dilluns en Juanma G\u00f3mez conjuntament amb el youtuber Cuellilargo<span style=\"font-family: inherit; font-size: 1em;\">\u00a0 <\/span><span style=\"font-family: inherit; font-size: 1em;\">\u00a0van explicar i ajudar a l&#8217;alumnat amb el seu exemple i experi\u00e8ncia.<\/span><\/p>\n<p style=\"text-align: justify;\">Els dimecres el Juanma els hi va detallar m\u00e9s idees sobre la import\u00e0ncia d&#8217;un bon gui\u00f3 adequat al podcast i com fer-lo. Ja queda menys per veure&#8217;n el resultat i podreu comprovar la creativitat i professionalitat en els resultats.<\/p>\n<p><img loading=\"lazy\" decoding=\"async\" class=\"alignnone  wp-image-7132 aligncenter\" src=\"https:\/\/agora.xtec.cat\/ies-miquel-tarradell\/wp-content\/uploads\/usu83\/2023\/02\/6-1-rotated-e1675891483339-1024x716.jpg\" alt=\"\" width=\"517\" height=\"362\" srcset=\"https:\/\/agora.xtec.cat\/ies-miquel-tarradell\/wp-content\/uploads\/usu83\/2023\/02\/6-1-rotated-e1675891483339-1024x716.jpg 1024w, https:\/\/agora.xtec.cat\/ies-miquel-tarradell\/wp-content\/uploads\/usu83\/2023\/02\/6-1-rotated-e1675891483339-300x210.jpg 300w, https:\/\/agora.xtec.cat\/ies-miquel-tarradell\/wp-content\/uploads\/usu83\/2023\/02\/6-1-rotated-e1675891483339-768x537.jpg 768w, https:\/\/agora.xtec.cat\/ies-miquel-tarradell\/wp-content\/uploads\/usu83\/2023\/02\/6-1-rotated-e1675891483339.jpg 1254w\" sizes=\"auto, (max-width: 517px) 100vw, 517px\" \/><\/p>\n","protected":false},"excerpt":{"rendered":"<p>La setmana passada a l&#8217;#escolaenresidencia vam continuar el treball de recerca i la investigaci\u00f3 per a fer el podcast. El dilluns en Juanma G\u00f3mez conjuntament amb el youtuber Cuellilargo\u00a0 \u00a0van explicar i ajudar a l&#8217;alumnat amb el seu exemple i experi\u00e8ncia. Els dimecres el Juanma els hi va detallar m\u00e9s idees sobre la import\u00e0ncia d&#8217;un [&hellip;]<\/p>\n","protected":false},"author":1,"featured_media":7132,"comment_status":"closed","ping_status":"closed","sticky":false,"template":"","format":"standard","meta":{"_bbp_topic_count":0,"_bbp_reply_count":0,"_bbp_total_topic_count":0,"_bbp_total_reply_count":0,"_bbp_voice_count":0,"_bbp_anonymous_reply_count":0,"_bbp_topic_count_hidden":0,"_bbp_reply_count_hidden":0,"_bbp_forum_subforum_count":0,"site-sidebar-layout":"default","site-content-layout":"","ast-site-content-layout":"","site-content-style":"default","site-sidebar-style":"default","ast-global-header-display":"","ast-banner-title-visibility":"","ast-main-header-display":"","ast-hfb-above-header-display":"","ast-hfb-below-header-display":"","ast-hfb-mobile-header-display":"","site-post-title":"","ast-breadcrumbs-content":"","ast-featured-img":"","footer-sml-layout":"","theme-transparent-header-meta":"","adv-header-id-meta":"","stick-header-meta":"","header-above-stick-meta":"","header-main-stick-meta":"","header-below-stick-meta":"","astra-migrate-meta-layouts":"default","ast-page-background-enabled":"default","ast-page-background-meta":{"desktop":{"background-color":"var(--ast-global-color-4)","background-image":"","background-repeat":"repeat","background-position":"center center","background-size":"auto","background-attachment":"scroll","background-type":"","background-media":"","overlay-type":"","overlay-color":"","overlay-opacity":"","overlay-gradient":""},"tablet":{"background-color":"","background-image":"","background-repeat":"repeat","background-position":"center center","background-size":"auto","background-attachment":"scroll","background-type":"","background-media":"","overlay-type":"","overlay-color":"","overlay-opacity":"","overlay-gradient":""},"mobile":{"background-color":"","background-image":"","background-repeat":"repeat","background-position":"center center","background-size":"auto","background-attachment":"scroll","background-type":"","background-media":"","overlay-type":"","overlay-color":"","overlay-opacity":"","overlay-gradient":""}},"ast-content-background-meta":{"desktop":{"background-color":"var(--ast-global-color-5)","background-image":"","background-repeat":"repeat","background-position":"center center","background-size":"auto","background-attachment":"scroll","background-type":"","background-media":"","overlay-type":"","overlay-color":"","overlay-opacity":"","overlay-gradient":""},"tablet":{"background-color":"var(--ast-global-color-5)","background-image":"","background-repeat":"repeat","background-position":"center center","background-size":"auto","background-attachment":"scroll","background-type":"","background-media":"","overlay-type":"","overlay-color":"","overlay-opacity":"","overlay-gradient":""},"mobile":{"background-color":"var(--ast-global-color-5)","background-image":"","background-repeat":"repeat","background-position":"center center","background-size":"auto","background-attachment":"scroll","background-type":"","background-media":"","overlay-type":"","overlay-color":"","overlay-opacity":"","overlay-gradient":""}},"footnotes":""},"categories":[1,116],"tags":[],"class_list":["post-7131","post","type-post","status-publish","format-standard","has-post-thumbnail","hentry","category-general","category-noticies-batxillerat"],"post_mailing_queue_ids":[],"_links":{"self":[{"href":"https:\/\/agora.xtec.cat\/ies-miquel-tarradell\/wp-json\/wp\/v2\/posts\/7131","targetHints":{"allow":["GET"]}}],"collection":[{"href":"https:\/\/agora.xtec.cat\/ies-miquel-tarradell\/wp-json\/wp\/v2\/posts"}],"about":[{"href":"https:\/\/agora.xtec.cat\/ies-miquel-tarradell\/wp-json\/wp\/v2\/types\/post"}],"author":[{"embeddable":true,"href":"https:\/\/agora.xtec.cat\/ies-miquel-tarradell\/wp-json\/wp\/v2\/users\/1"}],"replies":[{"embeddable":true,"href":"https:\/\/agora.xtec.cat\/ies-miquel-tarradell\/wp-json\/wp\/v2\/comments?post=7131"}],"version-history":[{"count":3,"href":"https:\/\/agora.xtec.cat\/ies-miquel-tarradell\/wp-json\/wp\/v2\/posts\/7131\/revisions"}],"predecessor-version":[{"id":7149,"href":"https:\/\/agora.xtec.cat\/ies-miquel-tarradell\/wp-json\/wp\/v2\/posts\/7131\/revisions\/7149"}],"wp:featuredmedia":[{"embeddable":true,"href":"https:\/\/agora.xtec.cat\/ies-miquel-tarradell\/wp-json\/wp\/v2\/media\/7132"}],"wp:attachment":[{"href":"https:\/\/agora.xtec.cat\/ies-miquel-tarradell\/wp-json\/wp\/v2\/media?parent=7131"}],"wp:term":[{"taxonomy":"category","embeddable":true,"href":"https:\/\/agora.xtec.cat\/ies-miquel-tarradell\/wp-json\/wp\/v2\/categories?post=7131"},{"taxonomy":"post_tag","embeddable":true,"href":"https:\/\/agora.xtec.cat\/ies-miquel-tarradell\/wp-json\/wp\/v2\/tags?post=7131"}],"curies":[{"name":"wp","href":"https:\/\/api.w.org\/{rel}","templated":true}]}}