{"id":6230,"date":"2022-09-06T09:00:14","date_gmt":"2022-09-06T07:00:14","guid":{"rendered":"https:\/\/agora.xtec.cat\/ies-miquel-tarradell\/?p=6230"},"modified":"2022-09-26T18:54:00","modified_gmt":"2022-09-26T16:54:00","slug":"professionalitzacio-la-mobilitat-internacional-a-lins-miquel-tarradell","status":"publish","type":"post","link":"https:\/\/agora.xtec.cat\/ies-miquel-tarradell\/general\/professionalitzacio-la-mobilitat-internacional-a-lins-miquel-tarradell\/","title":{"rendered":"#professionalitzaci\u00f3Tarradell &#8211; La mobilitat internacional a l&#8217;INS Miquel Tarradell"},"content":{"rendered":"<p style=\"text-align: justify;\">Durant el curs 2021-2022 s&#8217;han realitzat\u00a0un total de\u00a010 beques de mobilitat entre l&#8217;alumnat del cicle formatiu de grau superior d&#8217;educaci\u00f3 infantil i d&#8217;integraci\u00f3 social i del cicle\u00a0formatiu de grau mitj\u00e0 d&#8217;atenci\u00f3 a persones en situaci\u00f3 de depend\u00e8ncia.<\/p>\n<p style=\"text-align: justify;\">Quatre alumnes del cicle formatiu de grau mitj\u00e0 d&#8217;atenci\u00f3 a persones en situaci\u00f3 de depend\u00e8ncia, han viatjat a la ciutat de Bolonya, It\u00e0lia, on han realitzat les seves estades de pr\u00e0ctiques\u00a0durant un mes a centres d&#8217;atenci\u00f3 a persones amb diversitat intel\u00b7lectual. Concretament han fet les seves pr\u00e0ctiques\u00a0al centre de la\u00a0Villetta (dones amb diversitat\u00a0intel\u00b7lectual) i al centre Mulino da Seta (persones amb diversitat\u00a0intel\u00b7lectual).<\/p>\n<p style=\"text-align: justify;\">Tres alumnes del cicle formatiu d&#8217;integraci\u00f3 social han realitzat\u00a0les seves\u00a0pr\u00e0ctiques a un centre obert per a infants i joves a Munich, Multikulturelles Jugendzentrum Westend,\u00a0on han dut a terme activitats d&#8217;acompanyament, organitzaci\u00f3 i dinamitzaci\u00f3 d&#8217;activitats socioeducatives i suport escolar.<\/p>\n<p style=\"text-align: justify;\">Tres alumnes del cicle formatiu d&#8217;educaci\u00f3 infantil han realitzat\u00a0les seves\u00a0pr\u00e0ctiques a diferents escoles bressol amb infants d&#8217;edats compreses entre 0 a 6 anys. Una estada s&#8217;ha realitzat\u00a0a Roma, al centro Giaconne-Auxilium Soc. Cooperativa Sociale, i l&#8217;altre estada s&#8217;ha realitzat a Munich, a l&#8217;escola Munich Kindergruppe\u00a0Schlabberpapp\u00a0e.V<wbr \/>.<\/p>\n<p style=\"text-align: justify;\">Pel que fa a les beques de professorat, una professora ha realitzat una estada a la ciutat de Stuttgart, Alemanya, per a con\u00e8ixer el sistema de formaci\u00f3 professional DUAL alemany. S&#8217;han visitat diferents centres educatius de formaci\u00f3 professional DUAL i centres de pr\u00e0ctiques, on s&#8217;ha pogut comprendre i observar el funcionament i organitzaci\u00f3\u00a0del model DUAL per poder adquirir noves orientacions i bones pr\u00e0ctiques.<\/p>\n<p style=\"text-align: justify;\">Una professora ha realitzat\u00a0una estada formativa (Job Shadowing)\u00a0a Helsinki, Finl\u00e0ndia, a diferents\u00a0centres educatius i empreses de pr\u00e0ctiques\u00a0de formaci\u00f3 professional, per\u00a0adquirir noves habilitats pedag\u00f2giques i innovadores de disseny curricular,\u00a0connectar amb hom\u00f2legs a l&#8217;estranger per dur a terme activitats conjuntes,\u00a0intercanviar bones pr\u00e0ctiques, fomentar l&#8217;\u00fas de m\u00e8todes i tecnologies pedag\u00f2giques noves i innovadores i con\u00e8ixer noves metodologies.<\/p>\n<p>Estada a Bologna<\/p>\n<p><img loading=\"lazy\" decoding=\"async\" class=\"wp-image-6231 alignleft\" src=\"https:\/\/agora.xtec.cat\/ies-miquel-tarradell\/wp-content\/uploads\/usu83\/2022\/09\/Bolonya-TAPSD-1024x768.jpg\" alt=\"\" width=\"599\" height=\"449\" srcset=\"https:\/\/agora.xtec.cat\/ies-miquel-tarradell\/wp-content\/uploads\/usu83\/2022\/09\/Bolonya-TAPSD-1024x768.jpg 1024w, https:\/\/agora.xtec.cat\/ies-miquel-tarradell\/wp-content\/uploads\/usu83\/2022\/09\/Bolonya-TAPSD-300x225.jpg 300w, https:\/\/agora.xtec.cat\/ies-miquel-tarradell\/wp-content\/uploads\/usu83\/2022\/09\/Bolonya-TAPSD-768x576.jpg 768w, https:\/\/agora.xtec.cat\/ies-miquel-tarradell\/wp-content\/uploads\/usu83\/2022\/09\/Bolonya-TAPSD-1536x1152.jpg 1536w, https:\/\/agora.xtec.cat\/ies-miquel-tarradell\/wp-content\/uploads\/usu83\/2022\/09\/Bolonya-TAPSD-200x150.jpg 200w, https:\/\/agora.xtec.cat\/ies-miquel-tarradell\/wp-content\/uploads\/usu83\/2022\/09\/Bolonya-TAPSD.jpg 2048w\" sizes=\"auto, (max-width: 599px) 100vw, 599px\" \/><\/p>\n<p>&nbsp;<\/p>\n<p>&nbsp;<\/p>\n<p>&nbsp;<\/p>\n<p>&nbsp;<\/p>\n<p>&nbsp;<\/p>\n<p>&nbsp;<\/p>\n<p>&nbsp;<\/p>\n<p>&nbsp;<\/p>\n<p>&nbsp;<\/p>\n<p>&nbsp;<\/p>\n<p>&nbsp;<\/p>\n<p><img loading=\"lazy\" decoding=\"async\" class=\"wp-image-6232 alignleft\" src=\"https:\/\/agora.xtec.cat\/ies-miquel-tarradell\/wp-content\/uploads\/usu83\/2022\/09\/Bolonya-TAPSD.-1024x768.jpg\" alt=\"\" width=\"601\" height=\"451\" srcset=\"https:\/\/agora.xtec.cat\/ies-miquel-tarradell\/wp-content\/uploads\/usu83\/2022\/09\/Bolonya-TAPSD.-1024x768.jpg 1024w, https:\/\/agora.xtec.cat\/ies-miquel-tarradell\/wp-content\/uploads\/usu83\/2022\/09\/Bolonya-TAPSD.-300x225.jpg 300w, https:\/\/agora.xtec.cat\/ies-miquel-tarradell\/wp-content\/uploads\/usu83\/2022\/09\/Bolonya-TAPSD.-768x576.jpg 768w, https:\/\/agora.xtec.cat\/ies-miquel-tarradell\/wp-content\/uploads\/usu83\/2022\/09\/Bolonya-TAPSD.-1536x1152.jpg 1536w, https:\/\/agora.xtec.cat\/ies-miquel-tarradell\/wp-content\/uploads\/usu83\/2022\/09\/Bolonya-TAPSD.-200x150.jpg 200w, https:\/\/agora.xtec.cat\/ies-miquel-tarradell\/wp-content\/uploads\/usu83\/2022\/09\/Bolonya-TAPSD..jpg 2000w\" sizes=\"auto, (max-width: 601px) 100vw, 601px\" \/><\/p>\n<p>&nbsp;<\/p>\n<p>&nbsp;<\/p>\n<p>&nbsp;<\/p>\n<p>&nbsp;<\/p>\n<p>&nbsp;<\/p>\n<p>&nbsp;<\/p>\n<p>&nbsp;<\/p>\n<p>&nbsp;<\/p>\n<p>&nbsp;<\/p>\n<p>&nbsp;<\/p>\n<p>&nbsp;<\/p>\n<p>Estada a Munich<\/p>\n<p><img loading=\"lazy\" decoding=\"async\" class=\"wp-image-6233 alignleft\" src=\"https:\/\/agora.xtec.cat\/ies-miquel-tarradell\/wp-content\/uploads\/usu83\/2022\/09\/TIS_Munich..jpg\" alt=\"\" width=\"593\" height=\"441\" srcset=\"https:\/\/agora.xtec.cat\/ies-miquel-tarradell\/wp-content\/uploads\/usu83\/2022\/09\/TIS_Munich..jpg 828w, https:\/\/agora.xtec.cat\/ies-miquel-tarradell\/wp-content\/uploads\/usu83\/2022\/09\/TIS_Munich.-300x223.jpg 300w, https:\/\/agora.xtec.cat\/ies-miquel-tarradell\/wp-content\/uploads\/usu83\/2022\/09\/TIS_Munich.-768x571.jpg 768w, https:\/\/agora.xtec.cat\/ies-miquel-tarradell\/wp-content\/uploads\/usu83\/2022\/09\/TIS_Munich.-200x150.jpg 200w\" sizes=\"auto, (max-width: 593px) 100vw, 593px\" \/><\/p>\n<p>&nbsp;<\/p>\n<p>&nbsp;<\/p>\n<p>&nbsp;<\/p>\n<p>&nbsp;<\/p>\n<p>&nbsp;<\/p>\n<p>&nbsp;<\/p>\n<p>&nbsp;<\/p>\n<p>&nbsp;<\/p>\n<p>&nbsp;<\/p>\n<p>&nbsp;<\/p>\n<p>&nbsp;<\/p>\n<p>Estada a Finl\u00e0ndia<\/p>\n<p><img loading=\"lazy\" decoding=\"async\" class=\"alignnone wp-image-6235\" src=\"https:\/\/agora.xtec.cat\/ies-miquel-tarradell\/wp-content\/uploads\/usu83\/2022\/09\/Finland_profes-1024x768.jpg\" alt=\"\" width=\"594\" height=\"445\" srcset=\"https:\/\/agora.xtec.cat\/ies-miquel-tarradell\/wp-content\/uploads\/usu83\/2022\/09\/Finland_profes-1024x768.jpg 1024w, https:\/\/agora.xtec.cat\/ies-miquel-tarradell\/wp-content\/uploads\/usu83\/2022\/09\/Finland_profes-300x225.jpg 300w, https:\/\/agora.xtec.cat\/ies-miquel-tarradell\/wp-content\/uploads\/usu83\/2022\/09\/Finland_profes-768x576.jpg 768w, https:\/\/agora.xtec.cat\/ies-miquel-tarradell\/wp-content\/uploads\/usu83\/2022\/09\/Finland_profes-200x150.jpg 200w, https:\/\/agora.xtec.cat\/ies-miquel-tarradell\/wp-content\/uploads\/usu83\/2022\/09\/Finland_profes.jpg 1152w\" sizes=\"auto, (max-width: 594px) 100vw, 594px\" \/><\/p>\n<p><img loading=\"lazy\" decoding=\"async\" class=\"alignnone wp-image-6237\" src=\"https:\/\/agora.xtec.cat\/ies-miquel-tarradell\/wp-content\/uploads\/usu83\/2022\/09\/Finlandia_profes-1024x768.jpg\" alt=\"\" width=\"596\" height=\"447\" srcset=\"https:\/\/agora.xtec.cat\/ies-miquel-tarradell\/wp-content\/uploads\/usu83\/2022\/09\/Finlandia_profes-1024x768.jpg 1024w, https:\/\/agora.xtec.cat\/ies-miquel-tarradell\/wp-content\/uploads\/usu83\/2022\/09\/Finlandia_profes-300x225.jpg 300w, https:\/\/agora.xtec.cat\/ies-miquel-tarradell\/wp-content\/uploads\/usu83\/2022\/09\/Finlandia_profes-768x576.jpg 768w, https:\/\/agora.xtec.cat\/ies-miquel-tarradell\/wp-content\/uploads\/usu83\/2022\/09\/Finlandia_profes-1536x1153.jpg 1536w, https:\/\/agora.xtec.cat\/ies-miquel-tarradell\/wp-content\/uploads\/usu83\/2022\/09\/Finlandia_profes-200x150.jpg 200w, https:\/\/agora.xtec.cat\/ies-miquel-tarradell\/wp-content\/uploads\/usu83\/2022\/09\/Finlandia_profes.jpg 1599w\" sizes=\"auto, (max-width: 596px) 100vw, 596px\" \/><\/p>\n<p>Estada a Stuttgart<\/p>\n<p><img loading=\"lazy\" decoding=\"async\" class=\"alignnone wp-image-6238\" src=\"https:\/\/agora.xtec.cat\/ies-miquel-tarradell\/wp-content\/uploads\/usu83\/2022\/09\/Stuttgart-profes-1024x577.jpg\" alt=\"\" width=\"593\" height=\"334\" srcset=\"https:\/\/agora.xtec.cat\/ies-miquel-tarradell\/wp-content\/uploads\/usu83\/2022\/09\/Stuttgart-profes-1024x577.jpg 1024w, https:\/\/agora.xtec.cat\/ies-miquel-tarradell\/wp-content\/uploads\/usu83\/2022\/09\/Stuttgart-profes-300x169.jpg 300w, https:\/\/agora.xtec.cat\/ies-miquel-tarradell\/wp-content\/uploads\/usu83\/2022\/09\/Stuttgart-profes-768x433.jpg 768w, https:\/\/agora.xtec.cat\/ies-miquel-tarradell\/wp-content\/uploads\/usu83\/2022\/09\/Stuttgart-profes-1536x866.jpg 1536w, https:\/\/agora.xtec.cat\/ies-miquel-tarradell\/wp-content\/uploads\/usu83\/2022\/09\/Stuttgart-profes.jpg 1600w\" sizes=\"auto, (max-width: 593px) 100vw, 593px\" \/><\/p>\n<p>&nbsp;<\/p>\n<p>&nbsp;<\/p>\n<p>&nbsp;<\/p>\n","protected":false},"excerpt":{"rendered":"<p>Durant el curs 2021-2022 s&#8217;han realitzat\u00a0un total de\u00a010 beques de mobilitat entre l&#8217;alumnat del cicle formatiu de grau superior d&#8217;educaci\u00f3 infantil i d&#8217;integraci\u00f3 social i del cicle\u00a0formatiu de grau mitj\u00e0 d&#8217;atenci\u00f3 a persones en situaci\u00f3 de depend\u00e8ncia. Quatre alumnes del cicle formatiu de grau mitj\u00e0 d&#8217;atenci\u00f3 a persones en situaci\u00f3 de depend\u00e8ncia, han viatjat a [&hellip;]<\/p>\n","protected":false},"author":1,"featured_media":6231,"comment_status":"closed","ping_status":"closed","sticky":false,"template":"","format":"standard","meta":{"_bbp_topic_count":0,"_bbp_reply_count":0,"_bbp_total_topic_count":0,"_bbp_total_reply_count":0,"_bbp_voice_count":0,"_bbp_anonymous_reply_count":0,"_bbp_topic_count_hidden":0,"_bbp_reply_count_hidden":0,"_bbp_forum_subforum_count":0,"site-sidebar-layout":"default","site-content-layout":"","ast-site-content-layout":"","site-content-style":"default","site-sidebar-style":"default","ast-global-header-display":"","ast-banner-title-visibility":"","ast-main-header-display":"","ast-hfb-above-header-display":"","ast-hfb-below-header-display":"","ast-hfb-mobile-header-display":"","site-post-title":"","ast-breadcrumbs-content":"","ast-featured-img":"","footer-sml-layout":"","theme-transparent-header-meta":"","adv-header-id-meta":"","stick-header-meta":"","header-above-stick-meta":"","header-main-stick-meta":"","header-below-stick-meta":"","astra-migrate-meta-layouts":"default","ast-page-background-enabled":"default","ast-page-background-meta":{"desktop":{"background-color":"var(--ast-global-color-4)","background-image":"","background-repeat":"repeat","background-position":"center center","background-size":"auto","background-attachment":"scroll","background-type":"","background-media":"","overlay-type":"","overlay-color":"","overlay-opacity":"","overlay-gradient":""},"tablet":{"background-color":"","background-image":"","background-repeat":"repeat","background-position":"center center","background-size":"auto","background-attachment":"scroll","background-type":"","background-media":"","overlay-type":"","overlay-color":"","overlay-opacity":"","overlay-gradient":""},"mobile":{"background-color":"","background-image":"","background-repeat":"repeat","background-position":"center center","background-size":"auto","background-attachment":"scroll","background-type":"","background-media":"","overlay-type":"","overlay-color":"","overlay-opacity":"","overlay-gradient":""}},"ast-content-background-meta":{"desktop":{"background-color":"var(--ast-global-color-5)","background-image":"","background-repeat":"repeat","background-position":"center center","background-size":"auto","background-attachment":"scroll","background-type":"","background-media":"","overlay-type":"","overlay-color":"","overlay-opacity":"","overlay-gradient":""},"tablet":{"background-color":"var(--ast-global-color-5)","background-image":"","background-repeat":"repeat","background-position":"center center","background-size":"auto","background-attachment":"scroll","background-type":"","background-media":"","overlay-type":"","overlay-color":"","overlay-opacity":"","overlay-gradient":""},"mobile":{"background-color":"var(--ast-global-color-5)","background-image":"","background-repeat":"repeat","background-position":"center center","background-size":"auto","background-attachment":"scroll","background-type":"","background-media":"","overlay-type":"","overlay-color":"","overlay-opacity":"","overlay-gradient":""}},"footnotes":""},"categories":[1,115],"tags":[],"class_list":["post-6230","post","type-post","status-publish","format-standard","has-post-thumbnail","hentry","category-general","category-noticies-cicles"],"post_mailing_queue_ids":[],"_links":{"self":[{"href":"https:\/\/agora.xtec.cat\/ies-miquel-tarradell\/wp-json\/wp\/v2\/posts\/6230","targetHints":{"allow":["GET"]}}],"collection":[{"href":"https:\/\/agora.xtec.cat\/ies-miquel-tarradell\/wp-json\/wp\/v2\/posts"}],"about":[{"href":"https:\/\/agora.xtec.cat\/ies-miquel-tarradell\/wp-json\/wp\/v2\/types\/post"}],"author":[{"embeddable":true,"href":"https:\/\/agora.xtec.cat\/ies-miquel-tarradell\/wp-json\/wp\/v2\/users\/1"}],"replies":[{"embeddable":true,"href":"https:\/\/agora.xtec.cat\/ies-miquel-tarradell\/wp-json\/wp\/v2\/comments?post=6230"}],"version-history":[{"count":3,"href":"https:\/\/agora.xtec.cat\/ies-miquel-tarradell\/wp-json\/wp\/v2\/posts\/6230\/revisions"}],"predecessor-version":[{"id":6311,"href":"https:\/\/agora.xtec.cat\/ies-miquel-tarradell\/wp-json\/wp\/v2\/posts\/6230\/revisions\/6311"}],"wp:featuredmedia":[{"embeddable":true,"href":"https:\/\/agora.xtec.cat\/ies-miquel-tarradell\/wp-json\/wp\/v2\/media\/6231"}],"wp:attachment":[{"href":"https:\/\/agora.xtec.cat\/ies-miquel-tarradell\/wp-json\/wp\/v2\/media?parent=6230"}],"wp:term":[{"taxonomy":"category","embeddable":true,"href":"https:\/\/agora.xtec.cat\/ies-miquel-tarradell\/wp-json\/wp\/v2\/categories?post=6230"},{"taxonomy":"post_tag","embeddable":true,"href":"https:\/\/agora.xtec.cat\/ies-miquel-tarradell\/wp-json\/wp\/v2\/tags?post=6230"}],"curies":[{"name":"wp","href":"https:\/\/api.w.org\/{rel}","templated":true}]}}