{"id":6153,"date":"2022-07-15T10:43:19","date_gmt":"2022-07-15T08:43:19","guid":{"rendered":"https:\/\/agora.xtec.cat\/ies-miquel-tarradell\/?p=6153"},"modified":"2022-10-28T19:14:15","modified_gmt":"2022-10-28T17:14:15","slug":"llistat-dalumnat-admes-a-cicles-formatius-de-grau-superior","status":"publish","type":"post","link":"https:\/\/agora.xtec.cat\/ies-miquel-tarradell\/general\/llistat-dalumnat-admes-a-cicles-formatius-de-grau-superior\/","title":{"rendered":"#Preinscripci\u00f3 &#8211; Publicaci\u00f3 de llistats d&#8217;alumnat adm\u00e8s a Cicles Formatius de Grau Superior"},"content":{"rendered":"<ul>\n<li><a href=\"https:\/\/drive.google.com\/file\/d\/1dSF4mETNeZQOFYKHk1sKpu3rvOQ0TJtH\/view?usp=sharing\" target=\"_blank\" rel=\"noopener\">Llistat d&#8217;alumnat adm\u00e8s a CFGS amb indicaci\u00f3 de la primera petici\u00f3 . Cliqueu aqu\u00ed.<\/a><\/li>\n<\/ul>\n<p><strong><span style=\"color: #ff0000;\">!!!<\/span> <\/strong>L&#8217;alumnat adm\u00e8s i que apareix a la llista anterior ha de fer la matr\u00edcula presencial al centre del 18 al 22 de juliol.<a href=\"https:\/\/agora.xtec.cat\/ies-miquel-tarradell\/futur-alumnat\/matriculacio-alumnat-nou\/\"> Cliqueu aqu\u00ed per a m\u00e9s informaci\u00f3 sobre la matr\u00edcula una vegada assignada la pla\u00e7a al centre<\/a><\/p>\n<ul>\n<li><a href=\"https:\/\/drive.google.com\/file\/d\/1fqcEuM-ETZ_Efu2GRO5FZM8Hp7sl4rqo\/view?usp=sharing\" target=\"_blank\" rel=\"noopener\">Llistat d&#8217;alumnat en llista d&#8217;espera. <\/a>La gesti\u00f3 de la llista d&#8217;espera es publicar\u00e0 properament.<\/li>\n<li><a href=\"https:\/\/drive.google.com\/file\/d\/1sgy8SRw4rQ7txrXllncNxmB0dgYYKqoX\/view?usp=sharing\" target=\"_blank\" rel=\"noopener\">Llistat de alumnat que ha fet preinscripci\u00f3 amb primera petici\u00f3 al centre i indicaci\u00f3 de l&#8217;assignaci\u00f3.<\/a><\/li>\n<\/ul>\n<p><img loading=\"lazy\" decoding=\"async\" class=\"n3VNCb KAlRDb aligncenter\" src=\"https:\/\/agora.xtec.cat\/escsantamaria\/wp-content\/uploads\/usu1256\/2022\/04\/FMrOOUxX0AEHTNy.jpg\" alt=\"Preinscripci\u00f3 2022-2023. Publicaci\u00f3 del n\u00famero de desempat | Escola Santa Maria del Mar\" width=\"316\" height=\"158\" data-noaft=\"1\" \/><\/p>\n","protected":false},"excerpt":{"rendered":"<p>Llistat d&#8217;alumnat adm\u00e8s a CFGS amb indicaci\u00f3 de la primera petici\u00f3 . Cliqueu aqu\u00ed. !!! L&#8217;alumnat adm\u00e8s i que apareix a la llista anterior ha de fer la matr\u00edcula presencial al centre del 18 al 22 de juliol. Cliqueu aqu\u00ed per a m\u00e9s informaci\u00f3 sobre la matr\u00edcula una vegada assignada la pla\u00e7a al centre Llistat [&hellip;]<\/p>\n","protected":false},"author":1,"featured_media":0,"comment_status":"closed","ping_status":"closed","sticky":false,"template":"","format":"standard","meta":{"_bbp_topic_count":0,"_bbp_reply_count":0,"_bbp_total_topic_count":0,"_bbp_total_reply_count":0,"_bbp_voice_count":0,"_bbp_anonymous_reply_count":0,"_bbp_topic_count_hidden":0,"_bbp_reply_count_hidden":0,"_bbp_forum_subforum_count":0,"site-sidebar-layout":"default","site-content-layout":"","ast-site-content-layout":"","site-content-style":"default","site-sidebar-style":"default","ast-global-header-display":"","ast-banner-title-visibility":"","ast-main-header-display":"","ast-hfb-above-header-display":"","ast-hfb-below-header-display":"","ast-hfb-mobile-header-display":"","site-post-title":"","ast-breadcrumbs-content":"","ast-featured-img":"","footer-sml-layout":"","theme-transparent-header-meta":"","adv-header-id-meta":"","stick-header-meta":"","header-above-stick-meta":"","header-main-stick-meta":"","header-below-stick-meta":"","astra-migrate-meta-layouts":"default","ast-page-background-enabled":"default","ast-page-background-meta":{"desktop":{"background-color":"var(--ast-global-color-4)","background-image":"","background-repeat":"repeat","background-position":"center center","background-size":"auto","background-attachment":"scroll","background-type":"","background-media":"","overlay-type":"","overlay-color":"","overlay-opacity":"","overlay-gradient":""},"tablet":{"background-color":"","background-image":"","background-repeat":"repeat","background-position":"center center","background-size":"auto","background-attachment":"scroll","background-type":"","background-media":"","overlay-type":"","overlay-color":"","overlay-opacity":"","overlay-gradient":""},"mobile":{"background-color":"","background-image":"","background-repeat":"repeat","background-position":"center center","background-size":"auto","background-attachment":"scroll","background-type":"","background-media":"","overlay-type":"","overlay-color":"","overlay-opacity":"","overlay-gradient":""}},"ast-content-background-meta":{"desktop":{"background-color":"var(--ast-global-color-5)","background-image":"","background-repeat":"repeat","background-position":"center center","background-size":"auto","background-attachment":"scroll","background-type":"","background-media":"","overlay-type":"","overlay-color":"","overlay-opacity":"","overlay-gradient":""},"tablet":{"background-color":"var(--ast-global-color-5)","background-image":"","background-repeat":"repeat","background-position":"center center","background-size":"auto","background-attachment":"scroll","background-type":"","background-media":"","overlay-type":"","overlay-color":"","overlay-opacity":"","overlay-gradient":""},"mobile":{"background-color":"var(--ast-global-color-5)","background-image":"","background-repeat":"repeat","background-position":"center center","background-size":"auto","background-attachment":"scroll","background-type":"","background-media":"","overlay-type":"","overlay-color":"","overlay-opacity":"","overlay-gradient":""}},"footnotes":""},"categories":[1,115],"tags":[],"class_list":["post-6153","post","type-post","status-publish","format-standard","hentry","category-general","category-noticies-cicles"],"post_mailing_queue_ids":[],"_links":{"self":[{"href":"https:\/\/agora.xtec.cat\/ies-miquel-tarradell\/wp-json\/wp\/v2\/posts\/6153","targetHints":{"allow":["GET"]}}],"collection":[{"href":"https:\/\/agora.xtec.cat\/ies-miquel-tarradell\/wp-json\/wp\/v2\/posts"}],"about":[{"href":"https:\/\/agora.xtec.cat\/ies-miquel-tarradell\/wp-json\/wp\/v2\/types\/post"}],"author":[{"embeddable":true,"href":"https:\/\/agora.xtec.cat\/ies-miquel-tarradell\/wp-json\/wp\/v2\/users\/1"}],"replies":[{"embeddable":true,"href":"https:\/\/agora.xtec.cat\/ies-miquel-tarradell\/wp-json\/wp\/v2\/comments?post=6153"}],"version-history":[{"count":3,"href":"https:\/\/agora.xtec.cat\/ies-miquel-tarradell\/wp-json\/wp\/v2\/posts\/6153\/revisions"}],"predecessor-version":[{"id":6516,"href":"https:\/\/agora.xtec.cat\/ies-miquel-tarradell\/wp-json\/wp\/v2\/posts\/6153\/revisions\/6516"}],"wp:attachment":[{"href":"https:\/\/agora.xtec.cat\/ies-miquel-tarradell\/wp-json\/wp\/v2\/media?parent=6153"}],"wp:term":[{"taxonomy":"category","embeddable":true,"href":"https:\/\/agora.xtec.cat\/ies-miquel-tarradell\/wp-json\/wp\/v2\/categories?post=6153"},{"taxonomy":"post_tag","embeddable":true,"href":"https:\/\/agora.xtec.cat\/ies-miquel-tarradell\/wp-json\/wp\/v2\/tags?post=6153"}],"curies":[{"name":"wp","href":"https:\/\/api.w.org\/{rel}","templated":true}]}}