{"id":5563,"date":"2022-04-27T12:21:43","date_gmt":"2022-04-27T10:21:43","guid":{"rendered":"https:\/\/agora.xtec.cat\/ies-miquel-tarradell\/?p=5563"},"modified":"2022-05-01T08:29:54","modified_gmt":"2022-05-01T06:29:54","slug":"sortida-de-3r-deso-al-castell-de-montjuic","status":"publish","type":"post","link":"https:\/\/agora.xtec.cat\/ies-miquel-tarradell\/general\/sortida-de-3r-deso-al-castell-de-montjuic\/","title":{"rendered":"Sortida de 3r d&#8217;ESO al castell de Montju\u00efc"},"content":{"rendered":"<p>Els alumnes de 3r de l\u2019ESO van dur a terme una sortida fins a la muntanya de Montju\u00efc per visitar l\u2019interior del castell i realitzar uns conjunt d\u2019activitats relacionades amb la hist\u00f2ria, les funcions que, al llarg dels segles, ha tingut la pr\u00f2pia muntanya de Montju\u00efc, i tamb\u00e9, de tot all\u00f2 que s\u2019observa des del castell. En aquest sentit, els alumnes van gaudir d\u2019un espl\u00e8ndid dia, per a l\u2019observaci\u00f3, amb un cel net i clar, i aix\u00ed van poder contemplar, perfectament, les meravelloses vistes que, des del castell, s\u2019observen de la ciutat de Barcelona, de les seves muntanyes que l\u2019envolten, del seu port i de l\u2019activitat econ\u00f2mica que es genera al seu entorn.<\/p>\n<p><a href=\"https:\/\/drive.google.com\/file\/d\/1L2qaYV5Yv2moYMidgGAB9lTRgIngnBs2\/view?usp=sharing\" target=\"_blank\" rel=\"noopener\">Veure el v\u00eddeo<\/a>.<\/p>\n<table style=\"border-collapse: collapse; width: 100%;\">\n<tbody>\n<tr>\n<td style=\"width: 50%; text-align: center;\"><img decoding=\"async\" src=\"https:\/\/agora.xtec.cat\/ies-miquel-tarradell\/wp-content\/uploads\/usu83\/2022\/04\/20220425_121749.jpeg\" alt=\"\" \/><\/td>\n<td style=\"width: 50%; text-align: center;\"><img decoding=\"async\" src=\"https:\/\/agora.xtec.cat\/ies-miquel-tarradell\/wp-content\/uploads\/usu83\/2022\/05\/IMG_4672.jpg\" alt=\"\" \/><\/td>\n<\/tr>\n<tr>\n<td style=\"width: 50%; text-align: center;\"><img decoding=\"async\" src=\"https:\/\/agora.xtec.cat\/ies-miquel-tarradell\/wp-content\/uploads\/usu83\/2022\/05\/IMG_4692.jpg\" alt=\"\" \/><\/td>\n<td style=\"width: 50%; text-align: center;\"><img decoding=\"async\" src=\"https:\/\/agora.xtec.cat\/ies-miquel-tarradell\/wp-content\/uploads\/usu83\/2022\/05\/IMG_4699.jpg\" alt=\"\" \/><\/td>\n<\/tr>\n<\/tbody>\n<\/table>\n<p style=\"text-align: center;\">\n","protected":false},"excerpt":{"rendered":"<p>Els alumnes de 3r de l\u2019ESO van dur a terme una sortida fins a la muntanya de Montju\u00efc per visitar l\u2019interior del castell i realitzar uns conjunt d\u2019activitats relacionades amb la hist\u00f2ria, les funcions que, al llarg dels segles, ha tingut la pr\u00f2pia muntanya de Montju\u00efc, i tamb\u00e9, de tot all\u00f2 que s\u2019observa des del [&hellip;]<\/p>\n","protected":false},"author":1,"featured_media":5565,"comment_status":"closed","ping_status":"closed","sticky":false,"template":"","format":"standard","meta":{"_bbp_topic_count":0,"_bbp_reply_count":0,"_bbp_total_topic_count":0,"_bbp_total_reply_count":0,"_bbp_voice_count":0,"_bbp_anonymous_reply_count":0,"_bbp_topic_count_hidden":0,"_bbp_reply_count_hidden":0,"_bbp_forum_subforum_count":0,"site-sidebar-layout":"default","site-content-layout":"","ast-site-content-layout":"","site-content-style":"default","site-sidebar-style":"default","ast-global-header-display":"","ast-banner-title-visibility":"","ast-main-header-display":"","ast-hfb-above-header-display":"","ast-hfb-below-header-display":"","ast-hfb-mobile-header-display":"","site-post-title":"","ast-breadcrumbs-content":"","ast-featured-img":"","footer-sml-layout":"","theme-transparent-header-meta":"","adv-header-id-meta":"","stick-header-meta":"","header-above-stick-meta":"","header-main-stick-meta":"","header-below-stick-meta":"","astra-migrate-meta-layouts":"default","ast-page-background-enabled":"default","ast-page-background-meta":{"desktop":{"background-color":"var(--ast-global-color-4)","background-image":"","background-repeat":"repeat","background-position":"center center","background-size":"auto","background-attachment":"scroll","background-type":"","background-media":"","overlay-type":"","overlay-color":"","overlay-opacity":"","overlay-gradient":""},"tablet":{"background-color":"","background-image":"","background-repeat":"repeat","background-position":"center center","background-size":"auto","background-attachment":"scroll","background-type":"","background-media":"","overlay-type":"","overlay-color":"","overlay-opacity":"","overlay-gradient":""},"mobile":{"background-color":"","background-image":"","background-repeat":"repeat","background-position":"center center","background-size":"auto","background-attachment":"scroll","background-type":"","background-media":"","overlay-type":"","overlay-color":"","overlay-opacity":"","overlay-gradient":""}},"ast-content-background-meta":{"desktop":{"background-color":"var(--ast-global-color-5)","background-image":"","background-repeat":"repeat","background-position":"center center","background-size":"auto","background-attachment":"scroll","background-type":"","background-media":"","overlay-type":"","overlay-color":"","overlay-opacity":"","overlay-gradient":""},"tablet":{"background-color":"var(--ast-global-color-5)","background-image":"","background-repeat":"repeat","background-position":"center center","background-size":"auto","background-attachment":"scroll","background-type":"","background-media":"","overlay-type":"","overlay-color":"","overlay-opacity":"","overlay-gradient":""},"mobile":{"background-color":"var(--ast-global-color-5)","background-image":"","background-repeat":"repeat","background-position":"center center","background-size":"auto","background-attachment":"scroll","background-type":"","background-media":"","overlay-type":"","overlay-color":"","overlay-opacity":"","overlay-gradient":""}},"footnotes":""},"categories":[1,107],"tags":[],"class_list":["post-5563","post","type-post","status-publish","format-standard","has-post-thumbnail","hentry","category-general","category-noticies-eso"],"post_mailing_queue_ids":[],"_links":{"self":[{"href":"https:\/\/agora.xtec.cat\/ies-miquel-tarradell\/wp-json\/wp\/v2\/posts\/5563","targetHints":{"allow":["GET"]}}],"collection":[{"href":"https:\/\/agora.xtec.cat\/ies-miquel-tarradell\/wp-json\/wp\/v2\/posts"}],"about":[{"href":"https:\/\/agora.xtec.cat\/ies-miquel-tarradell\/wp-json\/wp\/v2\/types\/post"}],"author":[{"embeddable":true,"href":"https:\/\/agora.xtec.cat\/ies-miquel-tarradell\/wp-json\/wp\/v2\/users\/1"}],"replies":[{"embeddable":true,"href":"https:\/\/agora.xtec.cat\/ies-miquel-tarradell\/wp-json\/wp\/v2\/comments?post=5563"}],"version-history":[{"count":3,"href":"https:\/\/agora.xtec.cat\/ies-miquel-tarradell\/wp-json\/wp\/v2\/posts\/5563\/revisions"}],"predecessor-version":[{"id":5621,"href":"https:\/\/agora.xtec.cat\/ies-miquel-tarradell\/wp-json\/wp\/v2\/posts\/5563\/revisions\/5621"}],"wp:featuredmedia":[{"embeddable":true,"href":"https:\/\/agora.xtec.cat\/ies-miquel-tarradell\/wp-json\/wp\/v2\/media\/5565"}],"wp:attachment":[{"href":"https:\/\/agora.xtec.cat\/ies-miquel-tarradell\/wp-json\/wp\/v2\/media?parent=5563"}],"wp:term":[{"taxonomy":"category","embeddable":true,"href":"https:\/\/agora.xtec.cat\/ies-miquel-tarradell\/wp-json\/wp\/v2\/categories?post=5563"},{"taxonomy":"post_tag","embeddable":true,"href":"https:\/\/agora.xtec.cat\/ies-miquel-tarradell\/wp-json\/wp\/v2\/tags?post=5563"}],"curies":[{"name":"wp","href":"https:\/\/api.w.org\/{rel}","templated":true}]}}