{"id":4549,"date":"2021-12-16T17:22:08","date_gmt":"2021-12-16T16:22:08","guid":{"rendered":"https:\/\/agora.xtec.cat\/ies-miquel-tarradell\/?p=4549"},"modified":"2021-12-16T17:22:32","modified_gmt":"2021-12-16T16:22:32","slug":"visita-a-la-filmoteca","status":"publish","type":"post","link":"https:\/\/agora.xtec.cat\/ies-miquel-tarradell\/general\/visita-a-la-filmoteca\/","title":{"rendered":"Visita a la Filmoteca"},"content":{"rendered":"<p>30 novembre de 2021. Ja estem acabant el trimestre i per tant fem l&#8217;\u00faltima visita del projecte Raval. A cada sortida que fem veiem aspectes diferents del nostre barri. Un dels objectius principals del nostre projecte com a grup \u00e9s aprofundir els nostres coneixements per organitzar una visita guiada. Volem aprendre com plantejar-la, per fer-la a nois i noies de 1r d\u2019ESO a final de curs.<\/p>\n<p>Aquest cop ens hem enfocat en la part cultural del nostre barri i en la seva mem\u00f2ria hist\u00f2rica a trav\u00e9s de la cinematografia. Hem anat a la Filmoteca de Catalunya, que tenim al barri. Es tracta d\u2019una instituci\u00f3 cultural que t\u00e9 com a objectiu la recuperaci\u00f3, la conservaci\u00f3, la investigaci\u00f3, la preservaci\u00f3 de material f\u00edlmic audiovisual, la difusi\u00f3 de la cultura cinematogr\u00e0fica antiga i qualsevol altre element que sigui d&#8217;inter\u00e8s per a l\u2019estudi del cinema, que habitualment no es proporciona en els cinemes comercials, amb un cost molt baix. La Filmoteca est\u00e0 ubicada a la Pla\u00e7a Salvador Segu\u00ed, 08001 Barcelona. Hem vist una pel\u00b7l\u00edcula que es titula \u201cEn construcci\u00f3n\u201d, en la que es mostra\u00a0 la transformaci\u00f3 del barri abans de l\u2019any 2000. Ens va cridar l\u2019atenci\u00f3 el contrast entre la visi\u00f3 de la gent que venia d\u2019altres barris o ciutats a comprar un pis al Raval i la gent que ja vivia all\u00e0 de tota la vida.<\/p>\n<p>Al comen\u00e7ament no sab\u00edem si ens agradaria la pel\u00b7l\u00edcula que an\u00e0vem a veure, ja que ens havien dit que era de l\u2019any 2000 i ens la vam imaginar en blanc i negre, avorrida i poc interessant. Ning\u00fa de nosaltres havia entrat mai a la Filmoteca i tamb\u00e9 ens pens\u00e0vem que la pel\u00b7l\u00edcula la veur\u00edem en una aula asseguts en cadires. Per\u00f2 he de dir que ens vam endur una sorpresa agradable quan vam veure que era una sala molt gran amb butaques molt c\u00f2modes. La pel\u00b7l\u00edcula li va agradar a tothom i ens va semblar bastant divertida, amb parts plenes d\u2019humor i que feien riure.<\/p>\n<p>Finalment, un dels aspectes m\u00e9s rellevants que hem percebut durant la pel\u00b7l\u00edcula va ser com es va rodar, amb la t\u00e8cnica de la c\u00e0mera fixa. Un rodatge molt llarg que va suposar molta selecci\u00f3 de seq\u00fc\u00e8ncies. El resultat \u00e9s com un documental molt natural. Es nota que no hi havia un gui\u00f3 previ al darrere sin\u00f3 que anava tot d\u2019una manera molt flu\u00efda, sobre rodes.<\/p>\n<table style=\"border-collapse: collapse; width: 100%;\">\n<tbody>\n<tr>\n<td style=\"width: 50%; text-align: center;\"><img decoding=\"async\" src=\"https:\/\/agora.xtec.cat\/ies-miquel-tarradell\/wp-content\/uploads\/usu83\/2021\/12\/pasted-image-0-2.png\" alt=\"\" \/><\/td>\n<td style=\"width: 50%; text-align: center;\"><img decoding=\"async\" src=\"https:\/\/agora.xtec.cat\/ies-miquel-tarradell\/wp-content\/uploads\/usu83\/2021\/12\/pasted-image-0-1.png\" alt=\"\" \/><\/td>\n<\/tr>\n<\/tbody>\n<\/table>\n","protected":false},"excerpt":{"rendered":"<p>30 novembre de 2021. Ja estem acabant el trimestre i per tant fem l&#8217;\u00faltima visita del projecte Raval. A cada sortida que fem veiem aspectes diferents del nostre barri. Un dels objectius principals del nostre projecte com a grup \u00e9s aprofundir els nostres coneixements per organitzar una visita guiada. Volem aprendre com plantejar-la, per fer-la [&hellip;]<\/p>\n","protected":false},"author":1,"featured_media":4552,"comment_status":"closed","ping_status":"closed","sticky":false,"template":"","format":"standard","meta":{"_bbp_topic_count":0,"_bbp_reply_count":0,"_bbp_total_topic_count":0,"_bbp_total_reply_count":0,"_bbp_voice_count":0,"_bbp_anonymous_reply_count":0,"_bbp_topic_count_hidden":0,"_bbp_reply_count_hidden":0,"_bbp_forum_subforum_count":0,"site-sidebar-layout":"default","site-content-layout":"","ast-site-content-layout":"","site-content-style":"default","site-sidebar-style":"default","ast-global-header-display":"","ast-banner-title-visibility":"","ast-main-header-display":"","ast-hfb-above-header-display":"","ast-hfb-below-header-display":"","ast-hfb-mobile-header-display":"","site-post-title":"","ast-breadcrumbs-content":"","ast-featured-img":"","footer-sml-layout":"","theme-transparent-header-meta":"","adv-header-id-meta":"","stick-header-meta":"","header-above-stick-meta":"","header-main-stick-meta":"","header-below-stick-meta":"","astra-migrate-meta-layouts":"default","ast-page-background-enabled":"default","ast-page-background-meta":{"desktop":{"background-color":"var(--ast-global-color-4)","background-image":"","background-repeat":"repeat","background-position":"center center","background-size":"auto","background-attachment":"scroll","background-type":"","background-media":"","overlay-type":"","overlay-color":"","overlay-opacity":"","overlay-gradient":""},"tablet":{"background-color":"","background-image":"","background-repeat":"repeat","background-position":"center center","background-size":"auto","background-attachment":"scroll","background-type":"","background-media":"","overlay-type":"","overlay-color":"","overlay-opacity":"","overlay-gradient":""},"mobile":{"background-color":"","background-image":"","background-repeat":"repeat","background-position":"center center","background-size":"auto","background-attachment":"scroll","background-type":"","background-media":"","overlay-type":"","overlay-color":"","overlay-opacity":"","overlay-gradient":""}},"ast-content-background-meta":{"desktop":{"background-color":"var(--ast-global-color-5)","background-image":"","background-repeat":"repeat","background-position":"center center","background-size":"auto","background-attachment":"scroll","background-type":"","background-media":"","overlay-type":"","overlay-color":"","overlay-opacity":"","overlay-gradient":""},"tablet":{"background-color":"var(--ast-global-color-5)","background-image":"","background-repeat":"repeat","background-position":"center center","background-size":"auto","background-attachment":"scroll","background-type":"","background-media":"","overlay-type":"","overlay-color":"","overlay-opacity":"","overlay-gradient":""},"mobile":{"background-color":"var(--ast-global-color-5)","background-image":"","background-repeat":"repeat","background-position":"center center","background-size":"auto","background-attachment":"scroll","background-type":"","background-media":"","overlay-type":"","overlay-color":"","overlay-opacity":"","overlay-gradient":""}},"footnotes":""},"categories":[1,116],"tags":[],"class_list":["post-4549","post","type-post","status-publish","format-standard","has-post-thumbnail","hentry","category-general","category-noticies-batxillerat"],"post_mailing_queue_ids":[],"_links":{"self":[{"href":"https:\/\/agora.xtec.cat\/ies-miquel-tarradell\/wp-json\/wp\/v2\/posts\/4549","targetHints":{"allow":["GET"]}}],"collection":[{"href":"https:\/\/agora.xtec.cat\/ies-miquel-tarradell\/wp-json\/wp\/v2\/posts"}],"about":[{"href":"https:\/\/agora.xtec.cat\/ies-miquel-tarradell\/wp-json\/wp\/v2\/types\/post"}],"author":[{"embeddable":true,"href":"https:\/\/agora.xtec.cat\/ies-miquel-tarradell\/wp-json\/wp\/v2\/users\/1"}],"replies":[{"embeddable":true,"href":"https:\/\/agora.xtec.cat\/ies-miquel-tarradell\/wp-json\/wp\/v2\/comments?post=4549"}],"version-history":[{"count":3,"href":"https:\/\/agora.xtec.cat\/ies-miquel-tarradell\/wp-json\/wp\/v2\/posts\/4549\/revisions"}],"predecessor-version":[{"id":4555,"href":"https:\/\/agora.xtec.cat\/ies-miquel-tarradell\/wp-json\/wp\/v2\/posts\/4549\/revisions\/4555"}],"wp:featuredmedia":[{"embeddable":true,"href":"https:\/\/agora.xtec.cat\/ies-miquel-tarradell\/wp-json\/wp\/v2\/media\/4552"}],"wp:attachment":[{"href":"https:\/\/agora.xtec.cat\/ies-miquel-tarradell\/wp-json\/wp\/v2\/media?parent=4549"}],"wp:term":[{"taxonomy":"category","embeddable":true,"href":"https:\/\/agora.xtec.cat\/ies-miquel-tarradell\/wp-json\/wp\/v2\/categories?post=4549"},{"taxonomy":"post_tag","embeddable":true,"href":"https:\/\/agora.xtec.cat\/ies-miquel-tarradell\/wp-json\/wp\/v2\/tags?post=4549"}],"curies":[{"name":"wp","href":"https:\/\/api.w.org\/{rel}","templated":true}]}}