{"id":10854,"date":"2025-12-15T17:28:26","date_gmt":"2025-12-15T16:28:26","guid":{"rendered":"https:\/\/agora.xtec.cat\/ies-miquel-tarradell\/?p=10854"},"modified":"2025-12-15T17:43:30","modified_gmt":"2025-12-15T16:43:30","slug":"projectestarradell-concurs-de-lectura-en-veu-alta","status":"publish","type":"post","link":"https:\/\/agora.xtec.cat\/ies-miquel-tarradell\/general\/projectestarradell-concurs-de-lectura-en-veu-alta\/","title":{"rendered":"#ProjectesTarradell &#8211; Concurs de lectura en veu alta"},"content":{"rendered":"\n<p>Un any m\u00e9s celebrem el Concurs de Lectura en Veu Alta. L\u2019alumnat ha treballat molt a classe i nom\u00e9s alguns han pogut passar a la semifinal. Aquests han gaudit de moments m\u00e0gics recitant davant dels companys i companyes del seu nivell. Ara toca esperar per veure quins han estat els que han aconseguit una pla\u00e7a per a la final.<\/p>\n\n\n\n<figure class=\"wp-block-image size-large is-resized\"><a href=\"https:\/\/agora.xtec.cat\/ies-miquel-tarradell\/wp-content\/uploads\/usu83\/2025\/12\/IMG_7203.jpg\"><img loading=\"lazy\" decoding=\"async\" width=\"1024\" height=\"768\" src=\"https:\/\/agora.xtec.cat\/ies-miquel-tarradell\/wp-content\/uploads\/usu83\/2025\/12\/IMG_7203-1024x768.jpg\" alt=\"\" class=\"wp-image-10855\" style=\"width:548px;height:auto\" srcset=\"https:\/\/agora.xtec.cat\/ies-miquel-tarradell\/wp-content\/uploads\/usu83\/2025\/12\/IMG_7203-1024x768.jpg 1024w, https:\/\/agora.xtec.cat\/ies-miquel-tarradell\/wp-content\/uploads\/usu83\/2025\/12\/IMG_7203-300x225.jpg 300w, https:\/\/agora.xtec.cat\/ies-miquel-tarradell\/wp-content\/uploads\/usu83\/2025\/12\/IMG_7203-768x576.jpg 768w, https:\/\/agora.xtec.cat\/ies-miquel-tarradell\/wp-content\/uploads\/usu83\/2025\/12\/IMG_7203-1536x1152.jpg 1536w, https:\/\/agora.xtec.cat\/ies-miquel-tarradell\/wp-content\/uploads\/usu83\/2025\/12\/IMG_7203-2048x1536.jpg 2048w\" sizes=\"auto, (max-width: 1024px) 100vw, 1024px\" \/><\/a><\/figure>\n","protected":false},"excerpt":{"rendered":"<p>Realitzem el Concurs de lectura en veu alta.  Dicci\u00f3, cos, veu i organitzaci\u00f3 del text s\u00f3n aspectes clau treballats per part de l&#8217;alumnat. <\/p>\n","protected":false},"author":1,"featured_media":10855,"comment_status":"closed","ping_status":"open","sticky":false,"template":"","format":"standard","meta":{"_bbp_topic_count":0,"_bbp_reply_count":0,"_bbp_total_topic_count":0,"_bbp_total_reply_count":0,"_bbp_voice_count":0,"_bbp_anonymous_reply_count":0,"_bbp_topic_count_hidden":0,"_bbp_reply_count_hidden":0,"_bbp_forum_subforum_count":0,"site-sidebar-layout":"default","site-content-layout":"","ast-site-content-layout":"default","site-content-style":"default","site-sidebar-style":"default","ast-global-header-display":"","ast-banner-title-visibility":"","ast-main-header-display":"","ast-hfb-above-header-display":"","ast-hfb-below-header-display":"","ast-hfb-mobile-header-display":"","site-post-title":"","ast-breadcrumbs-content":"","ast-featured-img":"","footer-sml-layout":"","theme-transparent-header-meta":"","adv-header-id-meta":"","stick-header-meta":"","header-above-stick-meta":"","header-main-stick-meta":"","header-below-stick-meta":"","astra-migrate-meta-layouts":"set","ast-page-background-enabled":"default","ast-page-background-meta":{"desktop":{"background-color":"var(--ast-global-color-4)","background-image":"","background-repeat":"repeat","background-position":"center center","background-size":"auto","background-attachment":"scroll","background-type":"","background-media":"","overlay-type":"","overlay-color":"","overlay-opacity":"","overlay-gradient":""},"tablet":{"background-color":"","background-image":"","background-repeat":"repeat","background-position":"center center","background-size":"auto","background-attachment":"scroll","background-type":"","background-media":"","overlay-type":"","overlay-color":"","overlay-opacity":"","overlay-gradient":""},"mobile":{"background-color":"","background-image":"","background-repeat":"repeat","background-position":"center center","background-size":"auto","background-attachment":"scroll","background-type":"","background-media":"","overlay-type":"","overlay-color":"","overlay-opacity":"","overlay-gradient":""}},"ast-content-background-meta":{"desktop":{"background-color":"var(--ast-global-color-5)","background-image":"","background-repeat":"repeat","background-position":"center center","background-size":"auto","background-attachment":"scroll","background-type":"","background-media":"","overlay-type":"","overlay-color":"","overlay-opacity":"","overlay-gradient":""},"tablet":{"background-color":"var(--ast-global-color-5)","background-image":"","background-repeat":"repeat","background-position":"center center","background-size":"auto","background-attachment":"scroll","background-type":"","background-media":"","overlay-type":"","overlay-color":"","overlay-opacity":"","overlay-gradient":""},"mobile":{"background-color":"var(--ast-global-color-5)","background-image":"","background-repeat":"repeat","background-position":"center center","background-size":"auto","background-attachment":"scroll","background-type":"","background-media":"","overlay-type":"","overlay-color":"","overlay-opacity":"","overlay-gradient":""}},"footnotes":""},"categories":[1,116,107],"tags":[],"class_list":["post-10854","post","type-post","status-publish","format-standard","has-post-thumbnail","hentry","category-general","category-noticies-batxillerat","category-noticies-eso"],"post_mailing_queue_ids":[],"_links":{"self":[{"href":"https:\/\/agora.xtec.cat\/ies-miquel-tarradell\/wp-json\/wp\/v2\/posts\/10854","targetHints":{"allow":["GET"]}}],"collection":[{"href":"https:\/\/agora.xtec.cat\/ies-miquel-tarradell\/wp-json\/wp\/v2\/posts"}],"about":[{"href":"https:\/\/agora.xtec.cat\/ies-miquel-tarradell\/wp-json\/wp\/v2\/types\/post"}],"author":[{"embeddable":true,"href":"https:\/\/agora.xtec.cat\/ies-miquel-tarradell\/wp-json\/wp\/v2\/users\/1"}],"replies":[{"embeddable":true,"href":"https:\/\/agora.xtec.cat\/ies-miquel-tarradell\/wp-json\/wp\/v2\/comments?post=10854"}],"version-history":[{"count":1,"href":"https:\/\/agora.xtec.cat\/ies-miquel-tarradell\/wp-json\/wp\/v2\/posts\/10854\/revisions"}],"predecessor-version":[{"id":10856,"href":"https:\/\/agora.xtec.cat\/ies-miquel-tarradell\/wp-json\/wp\/v2\/posts\/10854\/revisions\/10856"}],"wp:featuredmedia":[{"embeddable":true,"href":"https:\/\/agora.xtec.cat\/ies-miquel-tarradell\/wp-json\/wp\/v2\/media\/10855"}],"wp:attachment":[{"href":"https:\/\/agora.xtec.cat\/ies-miquel-tarradell\/wp-json\/wp\/v2\/media?parent=10854"}],"wp:term":[{"taxonomy":"category","embeddable":true,"href":"https:\/\/agora.xtec.cat\/ies-miquel-tarradell\/wp-json\/wp\/v2\/categories?post=10854"},{"taxonomy":"post_tag","embeddable":true,"href":"https:\/\/agora.xtec.cat\/ies-miquel-tarradell\/wp-json\/wp\/v2\/tags?post=10854"}],"curies":[{"name":"wp","href":"https:\/\/api.w.org\/{rel}","templated":true}]}}