{"id":6129,"date":"2018-05-22T01:53:27","date_gmt":"2018-05-21T23:53:27","guid":{"rendered":"http:\/\/agora.xtec.cat\/ies-merce-rodoreda\/?p=6129"},"modified":"2018-05-22T01:53:27","modified_gmt":"2018-05-21T23:53:27","slug":"fct-universitat-politecnica-de-catalunya","status":"publish","type":"post","link":"https:\/\/agora.xtec.cat\/ies-merce-rodoreda\/modul-a\/fct-universitat-politecnica-de-catalunya\/","title":{"rendered":"FCT- Universitat Polit\u00e8cnica de Catalunya"},"content":{"rendered":"<p>&nbsp;<\/p>\n<p style=\"padding-left: 120px;\"><a href=\"http:\/\/agora.xtec.cat\/ies-merce-rodoreda\/wp-content\/uploads\/usu644\/2018\/05\/etseib-25202118.png\"><img loading=\"lazy\" decoding=\"async\" class=\"wp-image-6214 aligncenter\" src=\"http:\/\/agora.xtec.cat\/ies-merce-rodoreda\/wp-content\/uploads\/usu644\/2018\/05\/etseib-25202118.png\" alt=\"\" width=\"690\" height=\"252\" \/><\/a><\/p>\n<p style=\"text-align: justify;\">Com tota persona que hagi realitzat un Cicle Superior, en el meu cas un Cicle Superior en Qu\u00edmic Ambiental, sap que per a obtenir el t\u00edtol definitiu s&#8217;han de realitzar unes proves pr\u00e0ctiques, que\u00a0<span class=\"hiddenGrammarError\">t&#8217;<\/span><span class=\"hiddenSpellError\">ajuden<\/span>\u00a0a portar a terme all\u00f2 que has estat estudiant durant un cert temps, en un \u00e0mbit real\/laboral. En el meu cas particular, em va tocar fer les\u00a0<span class=\"hiddenSpellError\">FCT<\/span>\u00a0a la Universitat Polit\u00e8cnica de Catalunya (UPC). Aquestes pr\u00e0ctiques van tenir i tenen una durada de 440\u202fh, i que en el meu cas van ser un &#8220;p\u00e8l&#8221; dures, ja que les compartia amb les hores te\u00f2riques del cicle formatiu, a les tardes (de\u00a0<span class=\"hiddenGrammarError\">3:30\u202fh<\/span>\u00a0a\u00a0<span class=\"hiddenGrammarError\">9:30 h<\/span>).<\/p>\n<p style=\"text-align: justify;\"><span style=\"font-family: inherit; font-size: 1em;\">El laboratori de la Universitat Polit\u00e8cnica de Catalunya \u00e9s un dels pocs laboratoris que tracta, per diferents m\u00e8todes d&#8217;an\u00e0lisis, un dels termes m\u00e9s desconegut, que \u00e9s la radioactivitat. Una de les caracter\u00edstiques que m\u00e9s em van enriquir, en aquest \u00e0mbit, va ser el fet que, el laboratori de la UPC era i segueixen sent pioner en determinats termes d&#8217;an\u00e0lisis en is\u00f2tops radioactius (a escala estatal). Tot i aix\u00f2, les meves tasques de treball diari no estaven en contacte directe amb aquestes an\u00e0lisis, sin\u00f3 que eren d&#8217;un nivell m\u00e9s b\u00e0sic, per\u00f2 no menys important.<br \/>\n<!--more--><br \/>\nMoltes de les tasques que exercia eren de car\u00e0cter rutinari, com verificacions de balances (<span class=\"hiddenSpellError\">granat\u00e0ria<\/span>\u00a0i anal\u00edtica), pH-metro i control de condicions ambientals en la sala d&#8217;an\u00e0lisis de radiois\u00f2tops<span class=\"hiddenGrammarError\">)<\/span>\u00a0d&#8217;altra banda, tamb\u00e9 portava a terme diferents determinacions amb espectrometria d&#8217;emissi\u00f3 at\u00f2mica de flama, muntatge i la mateixa destil\u00b7laci\u00f3, captaci\u00f3 i preparaci\u00f3 de filtres per a captadors d&#8217;alt volum, etc. La qual cosa em va permetre experimentar molts dels termes estudiats durant el curs, i poder veure concretament, pas a pas, alguns dels conceptes que en la teoria no entenia, per\u00f2 a la part pr\u00e0ctica s\u00ed.<\/span><\/p>\n<p>Per \u00faltim, i com a consell per a posteriors alumnes que facin les seves\u00a0<span class=\"hiddenSpellError\">FCT<\/span>\u00a0all\u00e0, animar-los que vagin amb ganes d&#8217;aprendre, portar a terme alguns dels conceptes estudiats i sobretot\u00a0<span class=\"hiddenSpellError\">pendres<\/span>\u00a0les hores de pr\u00e0ctiques com un temps per aprendre\/cr\u00e9ixer, i que tranquils que igual que comencen, tamb\u00e9 acaben!!<\/p>\n<p style=\"text-align: justify;\"><span class=\"hiddenSpellError\">PD<\/span>: Comentar que en el cas de necessitar un augment d&#8217;hores en el conveni de pr\u00e0ctiques (com ho va ser en el meu cas, 8 h) \u00e9s un lloc on\u00a0s\u00ed\u00a0que es permeten, tamb\u00e9 informar-vos que no paguen (pr\u00e0ctiques no remunerades) tot i\u00a0aix\u00f2\u00a0si els bitllets de transport (en el meu cas T-Jove) i sobretot, i com a punt final, tots els treballadors que hi ha s\u00f3n molt amables i\u00a0<span class=\"hiddenGrammarError\">t&#8217;<\/span>ajudaran\u00a0amb el que necessitis.<\/p>\n","protected":false},"excerpt":{"rendered":"<p>&nbsp; Com tota persona que hagi realitzat un Cicle Superior, en el meu cas un Cicle Superior en Qu\u00edmic Ambiental, [&hellip;]<\/p>\n","protected":false},"author":242,"featured_media":0,"comment_status":"closed","ping_status":"closed","sticky":false,"template":"","format":"standard","meta":{"site-sidebar-layout":"default","site-content-layout":"","ast-site-content-layout":"","site-content-style":"default","site-sidebar-style":"default","ast-global-header-display":"","ast-banner-title-visibility":"","ast-main-header-display":"","ast-hfb-above-header-display":"","ast-hfb-below-header-display":"","ast-hfb-mobile-header-display":"","site-post-title":"","ast-breadcrumbs-content":"","ast-featured-img":"","footer-sml-layout":"","theme-transparent-header-meta":"","adv-header-id-meta":"","stick-header-meta":"","header-above-stick-meta":"","header-main-stick-meta":"","header-below-stick-meta":"","astra-migrate-meta-layouts":"default","ast-page-background-enabled":"default","ast-page-background-meta":{"desktop":{"background-color":"var(--ast-global-color-4)","background-image":"","background-repeat":"repeat","background-position":"center center","background-size":"auto","background-attachment":"scroll","background-type":"","background-media":"","overlay-type":"","overlay-color":"","overlay-opacity":"","overlay-gradient":""},"tablet":{"background-color":"","background-image":"","background-repeat":"repeat","background-position":"center center","background-size":"auto","background-attachment":"scroll","background-type":"","background-media":"","overlay-type":"","overlay-color":"","overlay-opacity":"","overlay-gradient":""},"mobile":{"background-color":"","background-image":"","background-repeat":"repeat","background-position":"center center","background-size":"auto","background-attachment":"scroll","background-type":"","background-media":"","overlay-type":"","overlay-color":"","overlay-opacity":"","overlay-gradient":""}},"ast-content-background-meta":{"desktop":{"background-color":"var(--ast-global-color-5)","background-image":"","background-repeat":"repeat","background-position":"center center","background-size":"auto","background-attachment":"scroll","background-type":"","background-media":"","overlay-type":"","overlay-color":"","overlay-opacity":"","overlay-gradient":""},"tablet":{"background-color":"var(--ast-global-color-5)","background-image":"","background-repeat":"repeat","background-position":"center center","background-size":"auto","background-attachment":"scroll","background-type":"","background-media":"","overlay-type":"","overlay-color":"","overlay-opacity":"","overlay-gradient":""},"mobile":{"background-color":"var(--ast-global-color-5)","background-image":"","background-repeat":"repeat","background-position":"center center","background-size":"auto","background-attachment":"scroll","background-type":"","background-media":"","overlay-type":"","overlay-color":"","overlay-opacity":"","overlay-gradient":""}},"footnotes":""},"categories":[268,173],"tags":[],"class_list":["post-6129","post","type-post","status-publish","format-standard","hentry","category-fct","category-modul-a"],"post_mailing_queue_ids":[],"_links":{"self":[{"href":"https:\/\/agora.xtec.cat\/ies-merce-rodoreda\/wp-json\/wp\/v2\/posts\/6129","targetHints":{"allow":["GET"]}}],"collection":[{"href":"https:\/\/agora.xtec.cat\/ies-merce-rodoreda\/wp-json\/wp\/v2\/posts"}],"about":[{"href":"https:\/\/agora.xtec.cat\/ies-merce-rodoreda\/wp-json\/wp\/v2\/types\/post"}],"author":[{"embeddable":true,"href":"https:\/\/agora.xtec.cat\/ies-merce-rodoreda\/wp-json\/wp\/v2\/users\/242"}],"replies":[{"embeddable":true,"href":"https:\/\/agora.xtec.cat\/ies-merce-rodoreda\/wp-json\/wp\/v2\/comments?post=6129"}],"version-history":[{"count":3,"href":"https:\/\/agora.xtec.cat\/ies-merce-rodoreda\/wp-json\/wp\/v2\/posts\/6129\/revisions"}],"predecessor-version":[{"id":6251,"href":"https:\/\/agora.xtec.cat\/ies-merce-rodoreda\/wp-json\/wp\/v2\/posts\/6129\/revisions\/6251"}],"wp:attachment":[{"href":"https:\/\/agora.xtec.cat\/ies-merce-rodoreda\/wp-json\/wp\/v2\/media?parent=6129"}],"wp:term":[{"taxonomy":"category","embeddable":true,"href":"https:\/\/agora.xtec.cat\/ies-merce-rodoreda\/wp-json\/wp\/v2\/categories?post=6129"},{"taxonomy":"post_tag","embeddable":true,"href":"https:\/\/agora.xtec.cat\/ies-merce-rodoreda\/wp-json\/wp\/v2\/tags?post=6129"}],"curies":[{"name":"wp","href":"https:\/\/api.w.org\/{rel}","templated":true}]}}