{"id":5974,"date":"2018-05-22T01:50:30","date_gmt":"2018-05-21T23:50:30","guid":{"rendered":"http:\/\/agora.xtec.cat\/ies-merce-rodoreda\/?p=5974"},"modified":"2018-05-22T01:50:30","modified_gmt":"2018-05-21T23:50:30","slug":"visita-a-la-edar-del-prat-de-llobregat","status":"publish","type":"post","link":"https:\/\/agora.xtec.cat\/ies-merce-rodoreda\/mediambient\/visita-a-la-edar-del-prat-de-llobregat\/","title":{"rendered":"Visita a la EDAR del Prat de Llobregat"},"content":{"rendered":"<p style=\"text-align: justify;\"><a href=\"http:\/\/agora.xtec.cat\/ies-merce-rodoreda\/wp-content\/uploads\/usu644\/2018\/05\/IMG_1275-e1526120197781.jpg\"><img loading=\"lazy\" decoding=\"async\" class=\"alignnone size-large wp-image-6009\" src=\"http:\/\/agora.xtec.cat\/ies-merce-rodoreda\/wp-content\/uploads\/usu644\/2018\/05\/IMG_1275-e1526120197781-1024x768.jpg\" alt=\"\" width=\"1024\" height=\"768\" srcset=\"https:\/\/agora.xtec.cat\/ies-merce-rodoreda\/wp-content\/uploads\/usu644\/2018\/05\/IMG_1275-e1526120197781-1024x768.jpg 1024w, https:\/\/agora.xtec.cat\/ies-merce-rodoreda\/wp-content\/uploads\/usu644\/2018\/05\/IMG_1275-e1526120197781-300x225.jpg 300w, https:\/\/agora.xtec.cat\/ies-merce-rodoreda\/wp-content\/uploads\/usu644\/2018\/05\/IMG_1275-e1526120197781-768x576.jpg 768w, https:\/\/agora.xtec.cat\/ies-merce-rodoreda\/wp-content\/uploads\/usu644\/2018\/05\/IMG_1275-e1526120197781-200x150.jpg 200w\" sizes=\"auto, (max-width: 1024px) 100vw, 1024px\" \/><\/a>El passat 21 d&#8217;abril, uns quants companys de classe vam realitza una visita guiada per la instal\u00b7laci\u00f3 EDAR del Prat del Llobregat on ens van explicar de primera m\u00e0 el funcionament de les instal\u00b7lacions i els tractaments que duen a terme.<\/p>\n<p style=\"text-align: justify;\">Pel que fa a la instal\u00b7laci\u00f3, \u00e9s la m\u00e9s gran d&#8217;Europa i \u00e9s l&#8217;encarregada de tractar l&#8217;aigua d&#8217;una quarta part de Barcelona, que van des d&#8217;aig\u00fces provinents de l&#8217;\u00fas dom\u00e8stic fins a la utilitzada en la neteja dels carrers. Un cop arribin a l&#8217;EDAR del Prat del Llobregat, s&#8217;els aplicar\u00e0\u00a0t\u00e8cniques de pretractament, tractament primari, tractament secund\u00e0ri i en alguns casos t\u00e8cniques de tractament terciari.<\/p>\n<p>&nbsp;<\/p>\n<p><!--more--><\/p>\n<ol>\n<li style=\"text-align: justify;\">PRETRACTAMENT<\/li>\n<\/ol>\n<p style=\"text-align: justify;\">L&#8217;aigua\u00a0que arriba a les instal\u00b7lacions amb una c\u00e0rrega contaminant m\u00e9s elevada, \u00e9s la que prov\u00e9 dels domicilis, ja que les ind\u00fastries estan obligades a disposar d&#8217;una instal\u00b7laci\u00f3 per a les seves aig\u00fces i que aquestes siguin assimilables a l&#8217;hora de ser abocades.<\/p>\n<p style=\"text-align: justify;\"><img loading=\"lazy\" decoding=\"async\" class=\"wp-image-6059 alignleft\" src=\"http:\/\/agora.xtec.cat\/ies-merce-rodoreda\/wp-content\/uploads\/usu644\/2018\/05\/IMG_1254-e1526648044945-768x1024.jpg\" alt=\"\" width=\"249\" height=\"330\" \/><\/p>\n<p style=\"text-align: justify;\">L&#8217;aigua arriba a un dip\u00f2sit subterrani localitzat a uns 5 m sota terra i per mitj\u00e0 de 8 bombes d&#8217;impulsi\u00f3 s&#8217;eleven uns 10 m. Hi ha una bomba m\u00e9s, que es guarda de reserva per situacions d&#8217;emerg\u00e8ncia. A partir d&#8217;aqu\u00ed, al haver remuntat l&#8217;aigua per sobre del nivell del terra, aquesta es despla\u00e7a per tota la instal\u00b7laci\u00f3 gr\u00e0cies a la for\u00e7a de la gravetat i aix\u00ed no es consumeix m\u00e9s energia.<\/p>\n<p style=\"text-align: justify;\">Els primers residus a eliminar s\u00f3n els materials impropis, \u00e9s a dir, tot all\u00f2 que queda atrapat a les reixes i tamisos com b\u00e9 serien compreses, pl\u00e0stics, tovalloletes, branques, llaunes, etc.<\/p>\n<p style=\"text-align: justify;\">Aquests seran portats a un tractament finalista, posterior a la seva compactaci\u00f3, com la deposici\u00f3 en un abocador controlat ja que \u00e9s material de rebuig que no es pot aprofitar.<\/p>\n<p style=\"text-align: justify;\">Un cop hem extret els materials impropis, l&#8217;aigua passa al desarenador-desengreixador, que \u00e9s l&#8217;encarregat d&#8217;eliminar les sorres per sedimentaci\u00f3 i els greixos per flotaci\u00f3. \u00c9s un proc\u00e9s en agitaci\u00f3 continua ja que d&#8217;aquesta manera s&#8217;afavoreix la separaci\u00f3 d&#8217;aquests. La posterior retirada tant dels greixos com de les sorres es fa per mitj\u00e0 de mecanismes com pales.<\/p>\n<p style=\"text-align: justify;\">\u00a02. TRACTAMENT PRIMARI<\/p>\n<p style=\"text-align: justify;\">Aquest, \u00e9s un tractament essencialment f\u00edsico-qu\u00edmic per eliminar material no sedimentable.<\/p>\n<p style=\"text-align: justify;\">Durant el recorregut, cal que l&#8217;aigua tingui un pH entre 6 i 8, per aix\u00f2, la neutralitzaci\u00f3 es realitza amb l&#8217;addici\u00f3 d&#8217;hipoclorit i clorur f\u00e8rric. D&#8217;aquesta manera els compostos vol\u00e0tils, com l&#8217;amon\u00edac o el sulfur d&#8217;hidrogen, queden neutralitzats.<\/p>\n<p style=\"text-align: justify;\">Aquest tractament comen\u00e7a amb una sedimentaci\u00f3 de 60% dels s\u00f2lids que no han sigut eliminats pr\u00e8viament. Un cop aquests s&#8217;han dipositat al fons de les piscines on es troba l&#8217;aigua, es procedeix a la retirada que es fa de la mateixa manera que les sorres, per mitj\u00e0 de pales. Un cop retirats, aquests es porten a la l\u00ednia de fangs per tractar-los per separat.<\/p>\n<p style=\"text-align: justify;\"><a href=\"http:\/\/agora.xtec.cat\/ies-merce-rodoreda\/wp-content\/uploads\/usu644\/2018\/05\/IMG_1269.jpg\"><img loading=\"lazy\" decoding=\"async\" class=\"wp-image-6220 aligncenter\" src=\"http:\/\/agora.xtec.cat\/ies-merce-rodoreda\/wp-content\/uploads\/usu644\/2018\/05\/IMG_1269-1024x768.jpg\" alt=\"\" width=\"389\" height=\"292\" srcset=\"https:\/\/agora.xtec.cat\/ies-merce-rodoreda\/wp-content\/uploads\/usu644\/2018\/05\/IMG_1269-1024x768.jpg 1024w, https:\/\/agora.xtec.cat\/ies-merce-rodoreda\/wp-content\/uploads\/usu644\/2018\/05\/IMG_1269-300x225.jpg 300w, https:\/\/agora.xtec.cat\/ies-merce-rodoreda\/wp-content\/uploads\/usu644\/2018\/05\/IMG_1269-768x576.jpg 768w, https:\/\/agora.xtec.cat\/ies-merce-rodoreda\/wp-content\/uploads\/usu644\/2018\/05\/IMG_1269-200x150.jpg 200w\" sizes=\"auto, (max-width: 389px) 100vw, 389px\" \/><\/a><\/p>\n<p style=\"text-align: justify;\"><a href=\"http:\/\/agora.xtec.cat\/ies-merce-rodoreda\/wp-content\/uploads\/usu644\/2018\/05\/WhatsApp-Image-2018-04-29-at-13.02.44.jpeg\"><img loading=\"lazy\" decoding=\"async\" class=\" wp-image-6227 alignright\" src=\"http:\/\/agora.xtec.cat\/ies-merce-rodoreda\/wp-content\/uploads\/usu644\/2018\/05\/WhatsApp-Image-2018-04-29-at-13.02.44-1024x768.jpeg\" alt=\"\" width=\"389\" height=\"292\" srcset=\"https:\/\/agora.xtec.cat\/ies-merce-rodoreda\/wp-content\/uploads\/usu644\/2018\/05\/WhatsApp-Image-2018-04-29-at-13.02.44-1024x768.jpeg 1024w, https:\/\/agora.xtec.cat\/ies-merce-rodoreda\/wp-content\/uploads\/usu644\/2018\/05\/WhatsApp-Image-2018-04-29-at-13.02.44-300x225.jpeg 300w, https:\/\/agora.xtec.cat\/ies-merce-rodoreda\/wp-content\/uploads\/usu644\/2018\/05\/WhatsApp-Image-2018-04-29-at-13.02.44-768x576.jpeg 768w, https:\/\/agora.xtec.cat\/ies-merce-rodoreda\/wp-content\/uploads\/usu644\/2018\/05\/WhatsApp-Image-2018-04-29-at-13.02.44-200x150.jpeg 200w, https:\/\/agora.xtec.cat\/ies-merce-rodoreda\/wp-content\/uploads\/usu644\/2018\/05\/WhatsApp-Image-2018-04-29-at-13.02.44.jpeg 1600w\" sizes=\"auto, (max-width: 389px) 100vw, 389px\" \/><\/a><\/p>\n<p style=\"text-align: justify;\">3. TRACTAMENT SECUNDARI<\/p>\n<p style=\"text-align: justify;\">Aquest, \u00e9s un tractament biol\u00f2gic amb l&#8217;objectiu d&#8217;eliminar contaminants per mitj\u00e0 d&#8217;activitats biol\u00f2giques de bacteris. D&#8217;aquesta manera aconseguirem extreure la mat\u00e8ria org\u00e0nica i els nutrients com el f\u00f2sfor o el nitrogen.<\/p>\n<p style=\"text-align: justify;\"><img loading=\"lazy\" decoding=\"async\" class=\"wp-image-6236 alignright\" src=\"http:\/\/agora.xtec.cat\/ies-merce-rodoreda\/wp-content\/uploads\/usu644\/2018\/05\/362aadfd-e9d6-4d2f-8d45-13675509c25f-768x1024.jpg\" alt=\"\" width=\"262\" height=\"350\" srcset=\"https:\/\/agora.xtec.cat\/ies-merce-rodoreda\/wp-content\/uploads\/usu644\/2018\/05\/362aadfd-e9d6-4d2f-8d45-13675509c25f-768x1024.jpg 768w, https:\/\/agora.xtec.cat\/ies-merce-rodoreda\/wp-content\/uploads\/usu644\/2018\/05\/362aadfd-e9d6-4d2f-8d45-13675509c25f-225x300.jpg 225w, https:\/\/agora.xtec.cat\/ies-merce-rodoreda\/wp-content\/uploads\/usu644\/2018\/05\/362aadfd-e9d6-4d2f-8d45-13675509c25f.jpg 1200w\" sizes=\"auto, (max-width: 262px) 100vw, 262px\" \/><\/p>\n<p style=\"text-align: justify;\">Un cop finalitzat el tractament primari, es fa passar l&#8217;aigua per una s\u00e8rie de\u00a0tancs que contenen diferents bacteris, i que per mitj\u00e0 de processos de desnitrificaci\u00f3 i nitrificaci\u00f3 eliminen el f\u00f2sfor i el nitrogen en gran quantitat. Aquest proc\u00e9s dura unes 10 hores, que poden variar en funci\u00f3 de la temperatura. Aix\u00f2 \u00e9s degut a que no tots els bacteris tenen les mateixes temperatures \u00f2ptimes de creixement.<\/p>\n<p style=\"text-align: justify;\">Un cop els bacteris han finalitzat el seu objectiu, s&#8217;eliminen de l&#8217;aigua per mitj\u00e0 de la decantaci\u00f3 secundaria. Aquests formaran el fang secundari, composat en un 60% per mat\u00e8ria org\u00e0nica. Aquest es dividir\u00e0 en fang recirculat per mantenir la quantitat de bacteris del tractament secundari i la resta, ser\u00e0 enviat a la l\u00ednia de fangs.<\/p>\n<p style=\"text-align: justify;\">4. TRACTAMENT TERCIARI<\/p>\n<p style=\"text-align: justify;\">En aquestes instal\u00b7lacions, les aig\u00fces es sotmet a l&#8217;aigua residual als seg\u00fcents tractaments terciaris:<\/p>\n<p style=\"text-align: justify;\">&#8211; L&#8217;aplicaci\u00f3 de <strong>rajos ultraviolats<\/strong> t\u00e9 lloc en un canal obert amb un sistema de m\u00f2duls on s&#8217;incorporen les l\u00e0mpades.<\/p>\n<p style=\"text-align: justify;\">Es disposa de 3 equips de desinfecci\u00f3, dels quals dos d&#8217;ells amb 18 llums cada un, i preparats per tractar un cabal d&#8217;aigua ultrafiltrada de 312.5 m<span style=\"font-weight: 400;\">3<\/span><span style=\"font-weight: 400;\">\u00a0per hora. L&#8217;altre equip t\u00e9 una capacitat de tractament de 208.33 m3<\/span><span style=\"font-weight: 400;\">\u00a0per hora, aquest cop l&#8217;aigua provinent de l&#8217;osmosi inversa. Aquest est\u00e0 format per 12 llums. Per \u00faltim, l&#8217;equip de reserva est\u00e0\u00a0esta preparat\u00a0pel tractament de qualsevol tipus d&#8217;aigua gr\u00e0cies a un sistema format per\u00a0v\u00e0lvules.<\/span><\/p>\n<p style=\"text-align: justify;\">&#8211; Despr\u00e9s, t\u00e9 lloc la <strong>decantaci\u00f3 laminar<\/strong>. Aquest \u00e9s un dispositiu que serveix per minimitzar les superf\u00edcies necess\u00e0ries per a una sedimentaci\u00f3 dels fl\u00f2culs provinents de l&#8217;etapa anterior.<\/p>\n<p style=\"text-align: justify;\">L&#8217;aigua s&#8217;introdueix per la part de sota, els fl\u00f2culs es recullen en les l\u00e0mines i a contracorrent i gr\u00e0cies a la gravetat, es recullen al fons del decantador. L&#8217;aigua sobrenedant es recollida per uns canals de recollida, i d&#8217;altra banda, els fangs i la microsorra es recullen amb una rasqueta. Posteriorment s\u00f3n enviats al tractament de fangs.<\/p>\n<p style=\"text-align: justify;\">Juntament amb la coagulaci\u00f3-floculaci\u00f3 s&#8217;aconsegueix minimitza la quantitat de s\u00f2lids en suspensi\u00f3 i la terbolesa que contenen les aig\u00fces, i aix\u00ed podent-la reutilitzar.<\/p>\n<p style=\"text-align: justify;\">&#8211; Filtraci\u00f3 per tamisos: Aquest proc\u00e9s,per acci\u00f3 de la gravetat, permet augmentar la qualitat de l&#8217;aigua fent-la passar per tamisos d&#8217;un tamany inferior a 10 micrometres, eliminant-ne els microorganismes.<\/p>\n<p style=\"text-align: justify;\">L&#8217;aigua travessa les teles del conjunt de discos situats en paral\u00b7lel des del centre cap a l&#8217;exterior. L&#8217;extracci\u00f3 dels s\u00f2lids t\u00e9 lloc gr\u00e0cies a les malles filtrants adherides ambdues cares dels filtres.<\/p>\n<p style=\"text-align: justify;\">5. L\u00cdNIA DE FANGS<\/p>\n<p style=\"text-align: justify;\"><img loading=\"lazy\" decoding=\"async\" class=\"wp-image-6240 alignleft\" src=\"http:\/\/agora.xtec.cat\/ies-merce-rodoreda\/wp-content\/uploads\/usu644\/2018\/05\/IMG_1267-768x1024.jpg\" alt=\"\" width=\"331\" height=\"441\" srcset=\"https:\/\/agora.xtec.cat\/ies-merce-rodoreda\/wp-content\/uploads\/usu644\/2018\/05\/IMG_1267-768x1024.jpg 768w, https:\/\/agora.xtec.cat\/ies-merce-rodoreda\/wp-content\/uploads\/usu644\/2018\/05\/IMG_1267-225x300.jpg 225w, https:\/\/agora.xtec.cat\/ies-merce-rodoreda\/wp-content\/uploads\/usu644\/2018\/05\/IMG_1267.jpg 1377w\" sizes=\"auto, (max-width: 331px) 100vw, 331px\" \/>Aqu\u00ed \u00e9s on s&#8217;agrupen tots els tipus de fangs que s&#8217;han anat recollint al llarg del proc\u00e9s. Aquest \u00e9s un proc\u00e9s que t\u00e9 lloc en uns tancs\u00a0que es tanquen herm\u00e8ticament.<\/p>\n<p style=\"text-align: justify;\">Primer de tot t\u00e9 lloc l&#8217;espesse\u00efment amb l&#8217;objectiu de reduir la quantitat d&#8217;aigua. A continuaci\u00f3 els fangs es porten al tanc herm\u00e8tic comentat anteriorment on tindr\u00e0 lloc la fermentaci\u00f3 en un proc\u00e9s anaer\u00f2bic.<\/p>\n<p style=\"text-align: justify;\">M\u00e9s endavant, el gas es dividir\u00e0 i una part s&#8217;enviar\u00e0 al motor de cogeneraci\u00f3 on s&#8217;obtindr\u00e0 energia, que tamb\u00e9 permetr\u00e0 mantenir les instal\u00b7lacions, i l&#8217;altre part s&#8217;enviar\u00e0 al gas\u00f2metre.<\/p>\n<p style=\"text-align: justify;\">Despr\u00e9s, els fangs resultants s&#8217;envien al deshidratador i seguidament, a l&#8217;assecador on s&#8217;eliminar\u00e0 l&#8217;humitat que romangui.<\/p>\n<p style=\"text-align: justify;\">Un cop ha finalitzat el proc\u00e9s, els fangs resultants estan estabilitzats i tres quartes parts es destinaran a compostatge i l&#8217;altra servir\u00e0 com a combustible de les plantes cimenteres.<\/p>\n<p style=\"text-align: justify;\"><a href=\"http:\/\/agora.xtec.cat\/ies-merce-rodoreda\/wp-content\/uploads\/usu644\/2018\/05\/IMG_1281-1.jpg\"><img loading=\"lazy\" decoding=\"async\" class=\"wp-image-6126 alignleft\" src=\"http:\/\/agora.xtec.cat\/ies-merce-rodoreda\/wp-content\/uploads\/usu644\/2018\/05\/IMG_1281-1-1024x768.jpg\" alt=\"\" width=\"347\" height=\"260\" srcset=\"https:\/\/agora.xtec.cat\/ies-merce-rodoreda\/wp-content\/uploads\/usu644\/2018\/05\/IMG_1281-1-1024x768.jpg 1024w, https:\/\/agora.xtec.cat\/ies-merce-rodoreda\/wp-content\/uploads\/usu644\/2018\/05\/IMG_1281-1-300x225.jpg 300w, https:\/\/agora.xtec.cat\/ies-merce-rodoreda\/wp-content\/uploads\/usu644\/2018\/05\/IMG_1281-1-768x576.jpg 768w, https:\/\/agora.xtec.cat\/ies-merce-rodoreda\/wp-content\/uploads\/usu644\/2018\/05\/IMG_1281-1-200x150.jpg 200w\" sizes=\"auto, (max-width: 347px) 100vw, 347px\" \/><\/a><\/p>\n<p style=\"text-align: justify;\">A l&#8217;imatge podem apreciar els diferents canvis que pateix l&#8217;aigua i els fangs obtinguts.<\/p>\n<p style=\"text-align: justify;\">6. SORTIDA D&#8217;AIGUA<\/p>\n<p style=\"text-align: justify;\">Per \u00faltim, ens van explicar alguns dels destinacions de l&#8217;aigua, com b\u00e9 podrien ser omplir l&#8217;aq\u00fc\u00edfer del parc natural del Llobregat, que es troba all\u00e0 la vora. L&#8217;aigua tamb\u00e9 s&#8217;utilitza per al reg de superf\u00edcies agr\u00edcoles o la neteja de carrers.<\/p>\n<p style=\"text-align: justify;\">Tamb\u00e9 pot ser que part de l&#8217;aigua es destini a diferents tipus d&#8217;ind\u00fastries per a la posada en marxa de la maquin\u00e0ria.<\/p>\n<p style=\"text-align: justify;\">Va ser una visita molt interessant que ens va permetre veure en primera persona tot all\u00f2 que hem estat estudiant al llarg del curs. Tamb\u00e9 serveix, en certa mesura, per a la conscienciaci\u00f3 pel que respecta al tema de l&#8217;aigua, ja que avui dia el consum que en fem \u00e9s excessiu.<\/p>\n","protected":false},"excerpt":{"rendered":"<p>El passat 21 d&#8217;abril, uns quants companys de classe vam realitza una visita guiada per la instal\u00b7laci\u00f3 EDAR del Prat [&hellip;]<\/p>\n","protected":false},"author":206,"featured_media":0,"comment_status":"closed","ping_status":"closed","sticky":false,"template":"","format":"standard","meta":{"site-sidebar-layout":"default","site-content-layout":"","ast-site-content-layout":"","site-content-style":"default","site-sidebar-style":"default","ast-global-header-display":"","ast-banner-title-visibility":"","ast-main-header-display":"","ast-hfb-above-header-display":"","ast-hfb-below-header-display":"","ast-hfb-mobile-header-display":"","site-post-title":"","ast-breadcrumbs-content":"","ast-featured-img":"","footer-sml-layout":"","theme-transparent-header-meta":"","adv-header-id-meta":"","stick-header-meta":"","header-above-stick-meta":"","header-main-stick-meta":"","header-below-stick-meta":"","astra-migrate-meta-layouts":"default","ast-page-background-enabled":"default","ast-page-background-meta":{"desktop":{"background-color":"var(--ast-global-color-4)","background-image":"","background-repeat":"repeat","background-position":"center center","background-size":"auto","background-attachment":"scroll","background-type":"","background-media":"","overlay-type":"","overlay-color":"","overlay-opacity":"","overlay-gradient":""},"tablet":{"background-color":"","background-image":"","background-repeat":"repeat","background-position":"center center","background-size":"auto","background-attachment":"scroll","background-type":"","background-media":"","overlay-type":"","overlay-color":"","overlay-opacity":"","overlay-gradient":""},"mobile":{"background-color":"","background-image":"","background-repeat":"repeat","background-position":"center center","background-size":"auto","background-attachment":"scroll","background-type":"","background-media":"","overlay-type":"","overlay-color":"","overlay-opacity":"","overlay-gradient":""}},"ast-content-background-meta":{"desktop":{"background-color":"var(--ast-global-color-5)","background-image":"","background-repeat":"repeat","background-position":"center center","background-size":"auto","background-attachment":"scroll","background-type":"","background-media":"","overlay-type":"","overlay-color":"","overlay-opacity":"","overlay-gradient":""},"tablet":{"background-color":"var(--ast-global-color-5)","background-image":"","background-repeat":"repeat","background-position":"center center","background-size":"auto","background-attachment":"scroll","background-type":"","background-media":"","overlay-type":"","overlay-color":"","overlay-opacity":"","overlay-gradient":""},"mobile":{"background-color":"var(--ast-global-color-5)","background-image":"","background-repeat":"repeat","background-position":"center center","background-size":"auto","background-attachment":"scroll","background-type":"","background-media":"","overlay-type":"","overlay-color":"","overlay-opacity":"","overlay-gradient":""}},"footnotes":""},"categories":[30,269],"tags":[],"class_list":["post-5974","post","type-post","status-publish","format-standard","hentry","category-mediambient","category-sortides-culturals"],"post_mailing_queue_ids":[],"_links":{"self":[{"href":"https:\/\/agora.xtec.cat\/ies-merce-rodoreda\/wp-json\/wp\/v2\/posts\/5974","targetHints":{"allow":["GET"]}}],"collection":[{"href":"https:\/\/agora.xtec.cat\/ies-merce-rodoreda\/wp-json\/wp\/v2\/posts"}],"about":[{"href":"https:\/\/agora.xtec.cat\/ies-merce-rodoreda\/wp-json\/wp\/v2\/types\/post"}],"author":[{"embeddable":true,"href":"https:\/\/agora.xtec.cat\/ies-merce-rodoreda\/wp-json\/wp\/v2\/users\/206"}],"replies":[{"embeddable":true,"href":"https:\/\/agora.xtec.cat\/ies-merce-rodoreda\/wp-json\/wp\/v2\/comments?post=5974"}],"version-history":[{"count":3,"href":"https:\/\/agora.xtec.cat\/ies-merce-rodoreda\/wp-json\/wp\/v2\/posts\/5974\/revisions"}],"predecessor-version":[{"id":6249,"href":"https:\/\/agora.xtec.cat\/ies-merce-rodoreda\/wp-json\/wp\/v2\/posts\/5974\/revisions\/6249"}],"wp:attachment":[{"href":"https:\/\/agora.xtec.cat\/ies-merce-rodoreda\/wp-json\/wp\/v2\/media?parent=5974"}],"wp:term":[{"taxonomy":"category","embeddable":true,"href":"https:\/\/agora.xtec.cat\/ies-merce-rodoreda\/wp-json\/wp\/v2\/categories?post=5974"},{"taxonomy":"post_tag","embeddable":true,"href":"https:\/\/agora.xtec.cat\/ies-merce-rodoreda\/wp-json\/wp\/v2\/tags?post=5974"}],"curies":[{"name":"wp","href":"https:\/\/api.w.org\/{rel}","templated":true}]}}