{"id":10253,"date":"2021-06-17T10:27:49","date_gmt":"2021-06-17T08:27:49","guid":{"rendered":"http:\/\/agora.xtec.cat\/ies-merce-rodoreda\/?p=10253"},"modified":"2021-06-17T10:27:49","modified_gmt":"2021-06-17T08:27:49","slug":"un-any-mes-acomiadem-lagrupament-de-sords","status":"publish","type":"post","link":"https:\/\/agora.xtec.cat\/ies-merce-rodoreda\/general\/un-any-mes-acomiadem-lagrupament-de-sords\/","title":{"rendered":"Un any m\u00e9s acomiadem l&#8217;agrupament de sords"},"content":{"rendered":"<p>Tot i les dificultats d&#8217;aquest any per la pand\u00e8mia, finalment es va valorar tots els beneficis que aporta l&#8217;agrupament per a l&#8217;alumnat sord. \u00c9s per aquest motiu, que un any m\u00e9s, s&#8217;ha pogut realitzar l&#8217;agrupament de sords amb 10 alumnes del mateix centre. Esperem que l&#8217;any vinent la situaci\u00f3 de la COVID estigui millor i aquests alumnes de la zona d&#8217;Hospitalet que volien gaudir d&#8217;aquesta estona, ho puguin fer el curs vinent.<\/p>\n<p>La tem\u00e0tica aquest any ha estat EGIPTE. Aqu\u00ed us deixem un petit record de l&#8217;\u00faltima sessi\u00f3 on havien de demostrar els seus coneixements sobre Egipte per arribar a trobar el seu tresor.<\/p>\n<p>Tots s&#8217;han sentit valorats i imprescindibles. Hi havia activitats tenint en compte els punts forts de cada participant: proves d&#8217;atletisme, proves de mots encreuats, proves d&#8217;enigmes, proves matem\u00e0tiques, proves d&#8217;habilitats emocionals i moltes m\u00e9s!! <\/p>\n<p>Han estat dues hores de diversi\u00f3 i d&#8217;aprenentatges entre iguals.<\/p>\n<p><span data-mce-type=\"bookmark\" style=\"display: inline-block; width: 0px; overflow: hidden; line-height: 0;\" class=\"mce_SELRES_start\">\ufeff<\/span><\/p>\n<p><iframe loading=\"lazy\" src=\"https:\/\/drive.google.com\/file\/d\/1NNo3ffUXD5DJ3D4H9vEMOpRqSRQYPCwV\/preview\" width=\"640\" height=\"480\" allow=\"autoplay\"><\/iframe><\/p>\n","protected":false},"excerpt":{"rendered":"<p>Tot i les dificultats d&#8217;aquest any per la pand\u00e8mia, finalment es va valorar tots els beneficis que aporta l&#8217;agrupament per [&hellip;]<\/p>\n","protected":false},"author":78,"featured_media":0,"comment_status":"closed","ping_status":"closed","sticky":false,"template":"","format":"standard","meta":{"site-sidebar-layout":"default","site-content-layout":"","ast-site-content-layout":"","site-content-style":"default","site-sidebar-style":"default","ast-global-header-display":"","ast-banner-title-visibility":"","ast-main-header-display":"","ast-hfb-above-header-display":"","ast-hfb-below-header-display":"","ast-hfb-mobile-header-display":"","site-post-title":"","ast-breadcrumbs-content":"","ast-featured-img":"","footer-sml-layout":"","theme-transparent-header-meta":"","adv-header-id-meta":"","stick-header-meta":"","header-above-stick-meta":"","header-main-stick-meta":"","header-below-stick-meta":"","astra-migrate-meta-layouts":"default","ast-page-background-enabled":"default","ast-page-background-meta":{"desktop":{"background-color":"var(--ast-global-color-4)","background-image":"","background-repeat":"repeat","background-position":"center center","background-size":"auto","background-attachment":"scroll","background-type":"","background-media":"","overlay-type":"","overlay-color":"","overlay-opacity":"","overlay-gradient":""},"tablet":{"background-color":"","background-image":"","background-repeat":"repeat","background-position":"center center","background-size":"auto","background-attachment":"scroll","background-type":"","background-media":"","overlay-type":"","overlay-color":"","overlay-opacity":"","overlay-gradient":""},"mobile":{"background-color":"","background-image":"","background-repeat":"repeat","background-position":"center center","background-size":"auto","background-attachment":"scroll","background-type":"","background-media":"","overlay-type":"","overlay-color":"","overlay-opacity":"","overlay-gradient":""}},"ast-content-background-meta":{"desktop":{"background-color":"var(--ast-global-color-5)","background-image":"","background-repeat":"repeat","background-position":"center center","background-size":"auto","background-attachment":"scroll","background-type":"","background-media":"","overlay-type":"","overlay-color":"","overlay-opacity":"","overlay-gradient":""},"tablet":{"background-color":"var(--ast-global-color-5)","background-image":"","background-repeat":"repeat","background-position":"center center","background-size":"auto","background-attachment":"scroll","background-type":"","background-media":"","overlay-type":"","overlay-color":"","overlay-opacity":"","overlay-gradient":""},"mobile":{"background-color":"var(--ast-global-color-5)","background-image":"","background-repeat":"repeat","background-position":"center center","background-size":"auto","background-attachment":"scroll","background-type":"","background-media":"","overlay-type":"","overlay-color":"","overlay-opacity":"","overlay-gradient":""}},"footnotes":""},"categories":[305,3,1,29],"tags":[],"class_list":["post-10253","post","type-post","status-publish","format-standard","hentry","category-educacio-en-igualtat","category-eso","category-general","category-portada"],"post_mailing_queue_ids":[],"_links":{"self":[{"href":"https:\/\/agora.xtec.cat\/ies-merce-rodoreda\/wp-json\/wp\/v2\/posts\/10253","targetHints":{"allow":["GET"]}}],"collection":[{"href":"https:\/\/agora.xtec.cat\/ies-merce-rodoreda\/wp-json\/wp\/v2\/posts"}],"about":[{"href":"https:\/\/agora.xtec.cat\/ies-merce-rodoreda\/wp-json\/wp\/v2\/types\/post"}],"author":[{"embeddable":true,"href":"https:\/\/agora.xtec.cat\/ies-merce-rodoreda\/wp-json\/wp\/v2\/users\/78"}],"replies":[{"embeddable":true,"href":"https:\/\/agora.xtec.cat\/ies-merce-rodoreda\/wp-json\/wp\/v2\/comments?post=10253"}],"version-history":[{"count":1,"href":"https:\/\/agora.xtec.cat\/ies-merce-rodoreda\/wp-json\/wp\/v2\/posts\/10253\/revisions"}],"predecessor-version":[{"id":10254,"href":"https:\/\/agora.xtec.cat\/ies-merce-rodoreda\/wp-json\/wp\/v2\/posts\/10253\/revisions\/10254"}],"wp:attachment":[{"href":"https:\/\/agora.xtec.cat\/ies-merce-rodoreda\/wp-json\/wp\/v2\/media?parent=10253"}],"wp:term":[{"taxonomy":"category","embeddable":true,"href":"https:\/\/agora.xtec.cat\/ies-merce-rodoreda\/wp-json\/wp\/v2\/categories?post=10253"},{"taxonomy":"post_tag","embeddable":true,"href":"https:\/\/agora.xtec.cat\/ies-merce-rodoreda\/wp-json\/wp\/v2\/tags?post=10253"}],"curies":[{"name":"wp","href":"https:\/\/api.w.org\/{rel}","templated":true}]}}