{"id":9036,"date":"2023-04-25T22:45:21","date_gmt":"2023-04-25T20:45:21","guid":{"rendered":"https:\/\/agora.xtec.cat\/ies-mediterrania-castelldefels\/?p=9036"},"modified":"2024-04-18T12:48:49","modified_gmt":"2024-04-18T10:48:49","slug":"taller-denergies-renovables","status":"publish","type":"post","link":"https:\/\/agora.xtec.cat\/ies-mediterrania-castelldefels\/eso\/taller-denergies-renovables\/","title":{"rendered":"Taller d&#8217;energies renovables"},"content":{"rendered":"<p><img loading=\"lazy\" decoding=\"async\" class=\"wp-image-9037 alignnone\" src=\"https:\/\/agora.xtec.cat\/ies-mediterrania-castelldefels\/wp-content\/uploads\/usu1078\/2023\/04\/IMG-20230425-WA0070-300x135.jpg\" alt=\"\" width=\"387\" height=\"174\" srcset=\"https:\/\/agora.xtec.cat\/ies-mediterrania-castelldefels\/wp-content\/uploads\/usu1078\/2023\/04\/IMG-20230425-WA0070-300x135.jpg 300w, https:\/\/agora.xtec.cat\/ies-mediterrania-castelldefels\/wp-content\/uploads\/usu1078\/2023\/04\/IMG-20230425-WA0070-1024x461.jpg 1024w, https:\/\/agora.xtec.cat\/ies-mediterrania-castelldefels\/wp-content\/uploads\/usu1078\/2023\/04\/IMG-20230425-WA0070-768x346.jpg 768w, https:\/\/agora.xtec.cat\/ies-mediterrania-castelldefels\/wp-content\/uploads\/usu1078\/2023\/04\/IMG-20230425-WA0070-1536x691.jpg 1536w, https:\/\/agora.xtec.cat\/ies-mediterrania-castelldefels\/wp-content\/uploads\/usu1078\/2023\/04\/IMG-20230425-WA0070.jpg 2000w\" sizes=\"auto, (max-width: 387px) 100vw, 387px\" \/><\/p>\n<p>En les \u00faltimes dues setmanes l&#8217;alumnat del Mediterr\u00e0nia ha tingut l&#8217;oportunitat d&#8217;aprofundir en el seu aprenentatge sobre energies renovables, realitzant uns tallers promoguts per l&#8217;Ajuntament de Castelldefels i\u00a0 impartits d&#8217;una manera molt entenedora per Intiam Ruai, educant en un model sostenible i creant una bona consci\u00e8ncia ambiental.<!--more--><br \/>\nEls tallers realitzats han estat:<\/p>\n<p><b>A segon d&#8217;ESO<\/b> s&#8217;ha realitzar un taller d&#8217;efici\u00e8ncia energ\u00e8tica. D&#8217;una manera pr\u00e0ctica i amb mesures senzilles s&#8217;ha comprovat que, aplicant mesures senzilles d\u2019estalvi energ\u00e8tic i d\u2019efici\u00e8ncia energ\u00e8tica, es pot reduir molt\u00edssim el consum energ\u00e8tic, les emissions i la despesa econ\u00f2mica d\u2019una casa.<\/p>\n<p><b>A tercer d&#8217;ESO<\/b> s&#8217;ha realitzat un taller sobre un projecte d&#8217;instal\u00b7laci\u00f3 de plaques t\u00e8rmiques. L\u2019alumnat va comprovar que l\u2019energia solar ens pot escalfar l\u2019aigua, sense contaminar. Es van muntar 3 equips solars t\u00e8rmics i van experimentar amb ells.<\/p>\n<p><b>A quart d&#8217;ESO: <\/b>cases fotovoltaiques, l\u2019activitat va constar d\u2019una explicaci\u00f3 te\u00f2rica amb suport audiovisual a l\u2019aula i una part pr\u00e0ctica on l\u2019alumnat va muntar 4 maquetes de cases solars.<\/p>\n<p><b>1r Batxillerat:\u00a0<\/b>projecte d&#8217;instal\u00b7laci\u00f3 de plaques solars. L&#8217;alumnat va realitzar la instal.laci\u00f3 de plaques solars i van realitzar mesures de generaci\u00f3 d&#8217;energia el\u00e8ctrica en diferents condicions de recepci\u00f3 solar.<\/p>\n<p><a href=\"https:\/\/www.intiam.cat\/educacio-i-formacio-presencial\/activitats-escolars\/eso-batxillerat\/\" target=\"_blank\" rel=\"noopener\">M\u00e9s informaci\u00f3<\/a><\/p>\n<p><a href=\"https:\/\/photos.app.goo.gl\/gs9FEYpRtVefK1Fb7\" target=\"_blank\" rel=\"noopener\">\u00c0lbum de fotos<\/a><\/p>\n","protected":false},"excerpt":{"rendered":"<p>En les \u00faltimes dues setmanes l&#8217;alumnat del Mediterr\u00e0nia ha tingut l&#8217;oportunitat d&#8217;aprofundir en el seu aprenentatge sobre energies renovables, realitzant uns tallers promoguts per l&#8217;Ajuntament de Castelldefels i\u00a0 impartits d&#8217;una manera molt entenedora per Intiam Ruai, educant en un model sostenible i creant una bona consci\u00e8ncia ambiental.<\/p>\n","protected":false},"author":1,"featured_media":0,"comment_status":"closed","ping_status":"closed","sticky":false,"template":"","format":"standard","meta":{"_bbp_topic_count":0,"_bbp_reply_count":0,"_bbp_total_topic_count":0,"_bbp_total_reply_count":0,"_bbp_voice_count":0,"_bbp_anonymous_reply_count":0,"_bbp_topic_count_hidden":0,"_bbp_reply_count_hidden":0,"_bbp_forum_subforum_count":0,"site-sidebar-layout":"default","site-content-layout":"","ast-site-content-layout":"","site-content-style":"default","site-sidebar-style":"default","ast-global-header-display":"","ast-banner-title-visibility":"","ast-main-header-display":"","ast-hfb-above-header-display":"","ast-hfb-below-header-display":"","ast-hfb-mobile-header-display":"","site-post-title":"","ast-breadcrumbs-content":"","ast-featured-img":"","footer-sml-layout":"","theme-transparent-header-meta":"","adv-header-id-meta":"","stick-header-meta":"","header-above-stick-meta":"","header-main-stick-meta":"","header-below-stick-meta":"","astra-migrate-meta-layouts":"default","ast-page-background-enabled":"default","ast-page-background-meta":{"desktop":{"background-color":"var(--ast-global-color-4)","background-image":"","background-repeat":"repeat","background-position":"center center","background-size":"auto","background-attachment":"scroll","background-type":"","background-media":"","overlay-type":"","overlay-color":"","overlay-opacity":"","overlay-gradient":""},"tablet":{"background-color":"","background-image":"","background-repeat":"repeat","background-position":"center center","background-size":"auto","background-attachment":"scroll","background-type":"","background-media":"","overlay-type":"","overlay-color":"","overlay-opacity":"","overlay-gradient":""},"mobile":{"background-color":"","background-image":"","background-repeat":"repeat","background-position":"center center","background-size":"auto","background-attachment":"scroll","background-type":"","background-media":"","overlay-type":"","overlay-color":"","overlay-opacity":"","overlay-gradient":""}},"ast-content-background-meta":{"desktop":{"background-color":"var(--ast-global-color-5)","background-image":"","background-repeat":"repeat","background-position":"center center","background-size":"auto","background-attachment":"scroll","background-type":"","background-media":"","overlay-type":"","overlay-color":"","overlay-opacity":"","overlay-gradient":""},"tablet":{"background-color":"var(--ast-global-color-5)","background-image":"","background-repeat":"repeat","background-position":"center center","background-size":"auto","background-attachment":"scroll","background-type":"","background-media":"","overlay-type":"","overlay-color":"","overlay-opacity":"","overlay-gradient":""},"mobile":{"background-color":"var(--ast-global-color-5)","background-image":"","background-repeat":"repeat","background-position":"center center","background-size":"auto","background-attachment":"scroll","background-type":"","background-media":"","overlay-type":"","overlay-color":"","overlay-opacity":"","overlay-gradient":""}},"footnotes":""},"categories":[119,8,3,29],"tags":[],"class_list":["post-9036","post","type-post","status-publish","format-standard","hentry","category-act-22-23","category-batxillerat","category-eso","category-portada"],"post_mailing_queue_ids":[],"_links":{"self":[{"href":"https:\/\/agora.xtec.cat\/ies-mediterrania-castelldefels\/wp-json\/wp\/v2\/posts\/9036","targetHints":{"allow":["GET"]}}],"collection":[{"href":"https:\/\/agora.xtec.cat\/ies-mediterrania-castelldefels\/wp-json\/wp\/v2\/posts"}],"about":[{"href":"https:\/\/agora.xtec.cat\/ies-mediterrania-castelldefels\/wp-json\/wp\/v2\/types\/post"}],"author":[{"embeddable":true,"href":"https:\/\/agora.xtec.cat\/ies-mediterrania-castelldefels\/wp-json\/wp\/v2\/users\/1"}],"replies":[{"embeddable":true,"href":"https:\/\/agora.xtec.cat\/ies-mediterrania-castelldefels\/wp-json\/wp\/v2\/comments?post=9036"}],"version-history":[{"count":3,"href":"https:\/\/agora.xtec.cat\/ies-mediterrania-castelldefels\/wp-json\/wp\/v2\/posts\/9036\/revisions"}],"predecessor-version":[{"id":10170,"href":"https:\/\/agora.xtec.cat\/ies-mediterrania-castelldefels\/wp-json\/wp\/v2\/posts\/9036\/revisions\/10170"}],"wp:attachment":[{"href":"https:\/\/agora.xtec.cat\/ies-mediterrania-castelldefels\/wp-json\/wp\/v2\/media?parent=9036"}],"wp:term":[{"taxonomy":"category","embeddable":true,"href":"https:\/\/agora.xtec.cat\/ies-mediterrania-castelldefels\/wp-json\/wp\/v2\/categories?post=9036"},{"taxonomy":"post_tag","embeddable":true,"href":"https:\/\/agora.xtec.cat\/ies-mediterrania-castelldefels\/wp-json\/wp\/v2\/tags?post=9036"}],"curies":[{"name":"wp","href":"https:\/\/api.w.org\/{rel}","templated":true}]}}