{"id":8991,"date":"2023-04-12T20:19:06","date_gmt":"2023-04-12T18:19:06","guid":{"rendered":"https:\/\/agora.xtec.cat\/ies-mediterrania-castelldefels\/?p=8991"},"modified":"2023-04-12T20:20:24","modified_gmt":"2023-04-12T18:20:24","slug":"xerrada-families-26-4-23","status":"publish","type":"post","link":"https:\/\/agora.xtec.cat\/ies-mediterrania-castelldefels\/portada\/xerrada-families-26-4-23\/","title":{"rendered":"Xerrada fam\u00edlies 26-4-23"},"content":{"rendered":"<p><img loading=\"lazy\" decoding=\"async\" class=\"alignnone wp-image-8992\" src=\"https:\/\/agora.xtec.cat\/ies-mediterrania-castelldefels\/wp-content\/uploads\/usu1078\/2023\/04\/RF-26-4-23-300x100.jpg\" alt=\"\" width=\"507\" height=\"169\" srcset=\"https:\/\/agora.xtec.cat\/ies-mediterrania-castelldefels\/wp-content\/uploads\/usu1078\/2023\/04\/RF-26-4-23-300x100.jpg 300w, https:\/\/agora.xtec.cat\/ies-mediterrania-castelldefels\/wp-content\/uploads\/usu1078\/2023\/04\/RF-26-4-23-1024x340.jpg 1024w, https:\/\/agora.xtec.cat\/ies-mediterrania-castelldefels\/wp-content\/uploads\/usu1078\/2023\/04\/RF-26-4-23-768x255.jpg 768w, https:\/\/agora.xtec.cat\/ies-mediterrania-castelldefels\/wp-content\/uploads\/usu1078\/2023\/04\/RF-26-4-23.jpg 1132w\" sizes=\"auto, (max-width: 507px) 100vw, 507px\" \/><\/p>\n<p>Des del seminari de referents de Coeducaci\u00f3 i tamb\u00e9 a demanda dels centres p\u00fablics de Secund\u00e0ria del municipi\u00a0 dins de la comissi\u00f3 CA2 Secund\u00e0ria i transici\u00f3 escola\u2013treball del Pla Educatiu de l&#8217;Entorn s&#8217;ha organitzar una sessi\u00f3 amb professionals en la mat\u00e8ria (Associaci\u00f3 de Consumidors i Corporaci\u00f3 de Mitjans Audiovisuals de Catalunya) <span style=\"text-decoration: underline;\">adre\u00e7ades a les fam\u00edlies de 1r i 2n d&#8217;ESO<\/span> per tractar el tema<\/p>\n<p><strong>\u201cHipersexualitzaci\u00f3 a les xarxes socials i pornografia\u201d<\/strong><\/p>\n<p>Dia de la sessi\u00f3:\u00a0<strong>dimecres 26 d\u2019abril de 2023<\/strong><br \/>\nHorari:<strong> de 17.30 a 19.30 h<\/strong><br \/>\nLloc:\u00a0<strong>Institut Mediterr\u00e0nia, sala d&#8217;actes<\/strong><br \/>\nDestinataris:\u00a0<strong>docents i fam\u00edlies de 5\u00e8, 6\u00e8 i 1r i 2n ESO<\/strong><br \/>\nRequisits participaci\u00f3:\u00a0<strong>cal complimentar la inscripci\u00f3 en el seg\u00fcent<\/strong>\u00a0<a href=\"https:\/\/forms.office.com\/pages\/responsepage.aspx?id=-DxhUWt3L0-l16g6v9TwqswL-z6fDPZJob_J1QkwKORUN1FNWkdGM1FNS1o1SFMxS0ZLWU5XQUcwSy4u\" target=\"_blank\" rel=\"noopener\" data-saferedirecturl=\"https:\/\/www.google.com\/url?q=https:\/\/forms.office.com\/pages\/responsepage.aspx?id%3D-DxhUWt3L0-l16g6v9TwqswL-z6fDPZJob_J1QkwKORUN1FNWkdGM1FNS1o1SFMxS0ZLWU5XQUcwSy4u&amp;source=gmail&amp;ust=1681399132592000&amp;usg=AOvVaw2-oi0ewUXCEuWSaIG0a6iG\">formulari d\u2019inscripci\u00f3<\/a><\/p>\n","protected":false},"excerpt":{"rendered":"<p>Des del seminari de referents de Coeducaci\u00f3 i tamb\u00e9 a demanda dels centres p\u00fablics de Secund\u00e0ria del municipi\u00a0 dins de la comissi\u00f3 CA2 Secund\u00e0ria i transici\u00f3 escola\u2013treball del Pla Educatiu de l&#8217;Entorn s&#8217;ha organitzar una sessi\u00f3 amb professionals en la mat\u00e8ria (Associaci\u00f3 de Consumidors i Corporaci\u00f3 de Mitjans Audiovisuals de Catalunya) adre\u00e7ades a les fam\u00edlies [&hellip;]<\/p>\n","protected":false},"author":1,"featured_media":0,"comment_status":"closed","ping_status":"closed","sticky":false,"template":"","format":"standard","meta":{"_bbp_topic_count":0,"_bbp_reply_count":0,"_bbp_total_topic_count":0,"_bbp_total_reply_count":0,"_bbp_voice_count":0,"_bbp_anonymous_reply_count":0,"_bbp_topic_count_hidden":0,"_bbp_reply_count_hidden":0,"_bbp_forum_subforum_count":0,"site-sidebar-layout":"default","site-content-layout":"","ast-site-content-layout":"","site-content-style":"default","site-sidebar-style":"default","ast-global-header-display":"","ast-banner-title-visibility":"","ast-main-header-display":"","ast-hfb-above-header-display":"","ast-hfb-below-header-display":"","ast-hfb-mobile-header-display":"","site-post-title":"","ast-breadcrumbs-content":"","ast-featured-img":"","footer-sml-layout":"","theme-transparent-header-meta":"","adv-header-id-meta":"","stick-header-meta":"","header-above-stick-meta":"","header-main-stick-meta":"","header-below-stick-meta":"","astra-migrate-meta-layouts":"default","ast-page-background-enabled":"default","ast-page-background-meta":{"desktop":{"background-color":"var(--ast-global-color-4)","background-image":"","background-repeat":"repeat","background-position":"center center","background-size":"auto","background-attachment":"scroll","background-type":"","background-media":"","overlay-type":"","overlay-color":"","overlay-opacity":"","overlay-gradient":""},"tablet":{"background-color":"","background-image":"","background-repeat":"repeat","background-position":"center center","background-size":"auto","background-attachment":"scroll","background-type":"","background-media":"","overlay-type":"","overlay-color":"","overlay-opacity":"","overlay-gradient":""},"mobile":{"background-color":"","background-image":"","background-repeat":"repeat","background-position":"center center","background-size":"auto","background-attachment":"scroll","background-type":"","background-media":"","overlay-type":"","overlay-color":"","overlay-opacity":"","overlay-gradient":""}},"ast-content-background-meta":{"desktop":{"background-color":"var(--ast-global-color-5)","background-image":"","background-repeat":"repeat","background-position":"center center","background-size":"auto","background-attachment":"scroll","background-type":"","background-media":"","overlay-type":"","overlay-color":"","overlay-opacity":"","overlay-gradient":""},"tablet":{"background-color":"var(--ast-global-color-5)","background-image":"","background-repeat":"repeat","background-position":"center center","background-size":"auto","background-attachment":"scroll","background-type":"","background-media":"","overlay-type":"","overlay-color":"","overlay-opacity":"","overlay-gradient":""},"mobile":{"background-color":"var(--ast-global-color-5)","background-image":"","background-repeat":"repeat","background-position":"center center","background-size":"auto","background-attachment":"scroll","background-type":"","background-media":"","overlay-type":"","overlay-color":"","overlay-opacity":"","overlay-gradient":""}},"footnotes":""},"categories":[120,29,101],"tags":[],"class_list":["post-8991","post","type-post","status-publish","format-standard","hentry","category-info-22-23","category-portada","category-projectes"],"post_mailing_queue_ids":[],"_links":{"self":[{"href":"https:\/\/agora.xtec.cat\/ies-mediterrania-castelldefels\/wp-json\/wp\/v2\/posts\/8991","targetHints":{"allow":["GET"]}}],"collection":[{"href":"https:\/\/agora.xtec.cat\/ies-mediterrania-castelldefels\/wp-json\/wp\/v2\/posts"}],"about":[{"href":"https:\/\/agora.xtec.cat\/ies-mediterrania-castelldefels\/wp-json\/wp\/v2\/types\/post"}],"author":[{"embeddable":true,"href":"https:\/\/agora.xtec.cat\/ies-mediterrania-castelldefels\/wp-json\/wp\/v2\/users\/1"}],"replies":[{"embeddable":true,"href":"https:\/\/agora.xtec.cat\/ies-mediterrania-castelldefels\/wp-json\/wp\/v2\/comments?post=8991"}],"version-history":[{"count":2,"href":"https:\/\/agora.xtec.cat\/ies-mediterrania-castelldefels\/wp-json\/wp\/v2\/posts\/8991\/revisions"}],"predecessor-version":[{"id":8994,"href":"https:\/\/agora.xtec.cat\/ies-mediterrania-castelldefels\/wp-json\/wp\/v2\/posts\/8991\/revisions\/8994"}],"wp:attachment":[{"href":"https:\/\/agora.xtec.cat\/ies-mediterrania-castelldefels\/wp-json\/wp\/v2\/media?parent=8991"}],"wp:term":[{"taxonomy":"category","embeddable":true,"href":"https:\/\/agora.xtec.cat\/ies-mediterrania-castelldefels\/wp-json\/wp\/v2\/categories?post=8991"},{"taxonomy":"post_tag","embeddable":true,"href":"https:\/\/agora.xtec.cat\/ies-mediterrania-castelldefels\/wp-json\/wp\/v2\/tags?post=8991"}],"curies":[{"name":"wp","href":"https:\/\/api.w.org\/{rel}","templated":true}]}}