{"id":7432,"date":"2022-02-17T23:43:13","date_gmt":"2022-02-17T22:43:13","guid":{"rendered":"https:\/\/agora.xtec.cat\/ies-mediterrania-castelldefels\/?p=7432"},"modified":"2022-02-21T19:55:27","modified_gmt":"2022-02-21T18:55:27","slug":"vii-jornades-dorientacio-educativa","status":"publish","type":"post","link":"https:\/\/agora.xtec.cat\/ies-mediterrania-castelldefels\/eso\/vii-jornades-dorientacio-educativa\/","title":{"rendered":"VII Jornades d&#8217;Orientaci\u00f3 Educativa"},"content":{"rendered":"<p><img loading=\"lazy\" decoding=\"async\" class=\"wp-image-7433 alignnone\" src=\"https:\/\/agora.xtec.cat\/ies-mediterrania-castelldefels\/wp-content\/uploads\/usu1078\/2022\/02\/ag_actes_160567_act_imatge2-300x169.jpg\" alt=\"\" width=\"373\" height=\"210\" srcset=\"https:\/\/agora.xtec.cat\/ies-mediterrania-castelldefels\/wp-content\/uploads\/usu1078\/2022\/02\/ag_actes_160567_act_imatge2-300x169.jpg 300w, https:\/\/agora.xtec.cat\/ies-mediterrania-castelldefels\/wp-content\/uploads\/usu1078\/2022\/02\/ag_actes_160567_act_imatge2-768x433.jpg 768w, https:\/\/agora.xtec.cat\/ies-mediterrania-castelldefels\/wp-content\/uploads\/usu1078\/2022\/02\/ag_actes_160567_act_imatge2.jpg 802w\" sizes=\"auto, (max-width: 373px) 100vw, 373px\" \/><\/p>\n<p style=\"font-weight: 400;\">Adjuntem cartell amb informaci\u00f3 sobre la xerrada via Zoom:<br \/>\n<strong>Quins itineraris educatius hi ha despr\u00e9s de l&#8217;ESO?<\/strong><br \/>\nActivitat a c\u00e0rrec de Servei Local de Transici\u00f3 Escola-Treball i adre\u00e7ada a fam\u00edlies amb fills i filles d\u2019educaci\u00f3 secund\u00e0ria i postobligat\u00f2ria.<\/p>\n<p><strong>Data:<\/strong> 9 de mar\u00e7 de 2022<br \/>\n<strong>Horari:<\/strong> de 18.00 a 19.00 h<br \/>\n<strong>Inscripcions:<\/strong> <a href=\"http:\/\/www.castelldefels.org\/families\" target=\"_blank\" rel=\"noopener\" data-saferedirecturl=\"https:\/\/www.google.com\/url?q=http:\/\/www.castelldefels.org\/families&amp;source=gmail&amp;ust=1645197544080000&amp;usg=AOvVaw27QK1Hbo-Aho4XBoWgntax\">www.castelldefels.org\/families<\/a><\/p>\n<p><a href=\"https:\/\/drive.google.com\/file\/d\/1vW_1SUtx-sHNdqBK0goUDZSqCjR22ALj\/view?usp=sharing\" target=\"_blank\" rel=\"noopener\">Cartell itineraris educatius<\/a><\/p>\n","protected":false},"excerpt":{"rendered":"<p>Adjuntem cartell amb informaci\u00f3 sobre la xerrada via Zoom: Quins itineraris educatius hi ha despr\u00e9s de l&#8217;ESO? Activitat a c\u00e0rrec de Servei Local de Transici\u00f3 Escola-Treball i adre\u00e7ada a fam\u00edlies amb fills i filles d\u2019educaci\u00f3 secund\u00e0ria i postobligat\u00f2ria. Data: 9 de mar\u00e7 de 2022 Horari: de 18.00 a 19.00 h Inscripcions: www.castelldefels.org\/families Cartell itineraris educatius<\/p>\n","protected":false},"author":1,"featured_media":0,"comment_status":"closed","ping_status":"closed","sticky":false,"template":"","format":"standard","meta":{"_bbp_topic_count":0,"_bbp_reply_count":0,"_bbp_total_topic_count":0,"_bbp_total_reply_count":0,"_bbp_voice_count":0,"_bbp_anonymous_reply_count":0,"_bbp_topic_count_hidden":0,"_bbp_reply_count_hidden":0,"_bbp_forum_subforum_count":0,"site-sidebar-layout":"default","site-content-layout":"","ast-site-content-layout":"","site-content-style":"default","site-sidebar-style":"default","ast-global-header-display":"","ast-banner-title-visibility":"","ast-main-header-display":"","ast-hfb-above-header-display":"","ast-hfb-below-header-display":"","ast-hfb-mobile-header-display":"","site-post-title":"","ast-breadcrumbs-content":"","ast-featured-img":"","footer-sml-layout":"","theme-transparent-header-meta":"","adv-header-id-meta":"","stick-header-meta":"","header-above-stick-meta":"","header-main-stick-meta":"","header-below-stick-meta":"","astra-migrate-meta-layouts":"default","ast-page-background-enabled":"default","ast-page-background-meta":{"desktop":{"background-color":"var(--ast-global-color-4)","background-image":"","background-repeat":"repeat","background-position":"center center","background-size":"auto","background-attachment":"scroll","background-type":"","background-media":"","overlay-type":"","overlay-color":"","overlay-opacity":"","overlay-gradient":""},"tablet":{"background-color":"","background-image":"","background-repeat":"repeat","background-position":"center center","background-size":"auto","background-attachment":"scroll","background-type":"","background-media":"","overlay-type":"","overlay-color":"","overlay-opacity":"","overlay-gradient":""},"mobile":{"background-color":"","background-image":"","background-repeat":"repeat","background-position":"center center","background-size":"auto","background-attachment":"scroll","background-type":"","background-media":"","overlay-type":"","overlay-color":"","overlay-opacity":"","overlay-gradient":""}},"ast-content-background-meta":{"desktop":{"background-color":"var(--ast-global-color-5)","background-image":"","background-repeat":"repeat","background-position":"center center","background-size":"auto","background-attachment":"scroll","background-type":"","background-media":"","overlay-type":"","overlay-color":"","overlay-opacity":"","overlay-gradient":""},"tablet":{"background-color":"var(--ast-global-color-5)","background-image":"","background-repeat":"repeat","background-position":"center center","background-size":"auto","background-attachment":"scroll","background-type":"","background-media":"","overlay-type":"","overlay-color":"","overlay-opacity":"","overlay-gradient":""},"mobile":{"background-color":"var(--ast-global-color-5)","background-image":"","background-repeat":"repeat","background-position":"center center","background-size":"auto","background-attachment":"scroll","background-type":"","background-media":"","overlay-type":"","overlay-color":"","overlay-opacity":"","overlay-gradient":""}},"footnotes":""},"categories":[115,3,29],"tags":[],"class_list":["post-7432","post","type-post","status-publish","format-standard","hentry","category-act-21-22","category-eso","category-portada"],"post_mailing_queue_ids":[],"_links":{"self":[{"href":"https:\/\/agora.xtec.cat\/ies-mediterrania-castelldefels\/wp-json\/wp\/v2\/posts\/7432","targetHints":{"allow":["GET"]}}],"collection":[{"href":"https:\/\/agora.xtec.cat\/ies-mediterrania-castelldefels\/wp-json\/wp\/v2\/posts"}],"about":[{"href":"https:\/\/agora.xtec.cat\/ies-mediterrania-castelldefels\/wp-json\/wp\/v2\/types\/post"}],"author":[{"embeddable":true,"href":"https:\/\/agora.xtec.cat\/ies-mediterrania-castelldefels\/wp-json\/wp\/v2\/users\/1"}],"replies":[{"embeddable":true,"href":"https:\/\/agora.xtec.cat\/ies-mediterrania-castelldefels\/wp-json\/wp\/v2\/comments?post=7432"}],"version-history":[{"count":3,"href":"https:\/\/agora.xtec.cat\/ies-mediterrania-castelldefels\/wp-json\/wp\/v2\/posts\/7432\/revisions"}],"predecessor-version":[{"id":7438,"href":"https:\/\/agora.xtec.cat\/ies-mediterrania-castelldefels\/wp-json\/wp\/v2\/posts\/7432\/revisions\/7438"}],"wp:attachment":[{"href":"https:\/\/agora.xtec.cat\/ies-mediterrania-castelldefels\/wp-json\/wp\/v2\/media?parent=7432"}],"wp:term":[{"taxonomy":"category","embeddable":true,"href":"https:\/\/agora.xtec.cat\/ies-mediterrania-castelldefels\/wp-json\/wp\/v2\/categories?post=7432"},{"taxonomy":"post_tag","embeddable":true,"href":"https:\/\/agora.xtec.cat\/ies-mediterrania-castelldefels\/wp-json\/wp\/v2\/tags?post=7432"}],"curies":[{"name":"wp","href":"https:\/\/api.w.org\/{rel}","templated":true}]}}