{"id":6023,"date":"2021-03-08T19:29:45","date_gmt":"2021-03-08T18:29:45","guid":{"rendered":"http:\/\/agora.xtec.cat\/ies-mediterrania-castelldefels\/?p=6023"},"modified":"2021-03-08T19:43:30","modified_gmt":"2021-03-08T18:43:30","slug":"dones-oblidades-de-la-historia","status":"publish","type":"post","link":"https:\/\/agora.xtec.cat\/ies-mediterrania-castelldefels\/eso\/dones-oblidades-de-la-historia\/","title":{"rendered":"Dones oblidades de la hist\u00f2ria"},"content":{"rendered":"<p><a href=\"https:\/\/oblidades.wordpress.com\/\" target=\"_blank\" rel=\"noopener noreferrer\"><img loading=\"lazy\" decoding=\"async\" class=\"wp-image-6024 alignnone\" src=\"https:\/\/agora.xtec.cat\/ies-mediterrania-castelldefels\/wp-content\/uploads\/usu1078\/2021\/03\/oblidades.jpg\" alt=\"\" width=\"337\" height=\"210\" srcset=\"https:\/\/agora.xtec.cat\/ies-mediterrania-castelldefels\/wp-content\/uploads\/usu1078\/2021\/03\/oblidades.jpg 1435w, https:\/\/agora.xtec.cat\/ies-mediterrania-castelldefels\/wp-content\/uploads\/usu1078\/2021\/03\/oblidades-300x187.jpg 300w, https:\/\/agora.xtec.cat\/ies-mediterrania-castelldefels\/wp-content\/uploads\/usu1078\/2021\/03\/oblidades-768x478.jpg 768w, https:\/\/agora.xtec.cat\/ies-mediterrania-castelldefels\/wp-content\/uploads\/usu1078\/2021\/03\/oblidades-1024x637.jpg 1024w\" sizes=\"auto, (max-width: 337px) 100vw, 337px\" \/><\/a><\/p>\n<p>L&#8217;any 2019 alguns alumnes de l\u2019INS Mediterr\u00e0nia de Castelldefels, amb la col\u00b7laboraci\u00f3 de la professora M\u00aa Jos\u00e9 Rozas, van comen\u00e7ar una activitat de reconeixement a la tasca de moltes dones oblidades.<br \/>\nFruit d\u2019aquesta feina col\u00b7lectiva neix aquest blog, amb l\u2019objectiu de recopilar, curs rere curs, petites ressenyes de <b><span style=\"color: #9900ff;\">DONES\u00a0<\/span><\/b>que haurien de ser recordades pel seu\u00a0<span style=\"color: #9900ff;\"><b>coratge<\/b><\/span><span style=\"color: #36312d;\">, la seva\u00a0<\/span><b><span style=\"color: #9900ff;\">lluita\u00a0<\/span><\/b><span style=\"color: #36312d;\">i, especialment, la seva\u00a0<\/span><span style=\"color: #9900ff;\"><b>gran\u00a0tasca professional<\/b><\/span><span style=\"color: #36312d;\">, en moments en qu\u00e8 les dones tenien prohibit l&#8217;acc\u00e9s a l&#8217;educaci\u00f3 superior i la feina.<\/span><\/p>\n<p><span style=\"color: #993366;\"><a style=\"color: #993366;\" href=\"https:\/\/oblidades.wordpress.com\/\" target=\"_blank\" rel=\"noopener noreferrer\"><span style=\"color: #9900ff;\"><strong>Blog<\/strong><\/span>\u00a0<\/a><\/span><\/p>\n<div><\/div>\n","protected":false},"excerpt":{"rendered":"<p>L&#8217;any 2019 alguns alumnes de l\u2019INS Mediterr\u00e0nia de Castelldefels, amb la col\u00b7laboraci\u00f3 de la professora M\u00aa Jos\u00e9 Rozas, van comen\u00e7ar una activitat de reconeixement a la tasca de moltes dones oblidades. Fruit d\u2019aquesta feina col\u00b7lectiva neix aquest blog, amb l\u2019objectiu de recopilar, curs rere curs, petites ressenyes de DONES\u00a0que haurien de ser recordades pel seu\u00a0coratge, [&hellip;]<\/p>\n","protected":false},"author":1,"featured_media":0,"comment_status":"closed","ping_status":"closed","sticky":false,"template":"","format":"standard","meta":{"_bbp_topic_count":0,"_bbp_reply_count":0,"_bbp_total_topic_count":0,"_bbp_total_reply_count":0,"_bbp_voice_count":0,"_bbp_anonymous_reply_count":0,"_bbp_topic_count_hidden":0,"_bbp_reply_count_hidden":0,"_bbp_forum_subforum_count":0,"site-sidebar-layout":"default","site-content-layout":"","ast-site-content-layout":"","site-content-style":"default","site-sidebar-style":"default","ast-global-header-display":"","ast-banner-title-visibility":"","ast-main-header-display":"","ast-hfb-above-header-display":"","ast-hfb-below-header-display":"","ast-hfb-mobile-header-display":"","site-post-title":"","ast-breadcrumbs-content":"","ast-featured-img":"","footer-sml-layout":"","theme-transparent-header-meta":"","adv-header-id-meta":"","stick-header-meta":"","header-above-stick-meta":"","header-main-stick-meta":"","header-below-stick-meta":"","astra-migrate-meta-layouts":"default","ast-page-background-enabled":"default","ast-page-background-meta":{"desktop":{"background-color":"var(--ast-global-color-4)","background-image":"","background-repeat":"repeat","background-position":"center center","background-size":"auto","background-attachment":"scroll","background-type":"","background-media":"","overlay-type":"","overlay-color":"","overlay-opacity":"","overlay-gradient":""},"tablet":{"background-color":"","background-image":"","background-repeat":"repeat","background-position":"center center","background-size":"auto","background-attachment":"scroll","background-type":"","background-media":"","overlay-type":"","overlay-color":"","overlay-opacity":"","overlay-gradient":""},"mobile":{"background-color":"","background-image":"","background-repeat":"repeat","background-position":"center center","background-size":"auto","background-attachment":"scroll","background-type":"","background-media":"","overlay-type":"","overlay-color":"","overlay-opacity":"","overlay-gradient":""}},"ast-content-background-meta":{"desktop":{"background-color":"var(--ast-global-color-5)","background-image":"","background-repeat":"repeat","background-position":"center center","background-size":"auto","background-attachment":"scroll","background-type":"","background-media":"","overlay-type":"","overlay-color":"","overlay-opacity":"","overlay-gradient":""},"tablet":{"background-color":"var(--ast-global-color-5)","background-image":"","background-repeat":"repeat","background-position":"center center","background-size":"auto","background-attachment":"scroll","background-type":"","background-media":"","overlay-type":"","overlay-color":"","overlay-opacity":"","overlay-gradient":""},"mobile":{"background-color":"var(--ast-global-color-5)","background-image":"","background-repeat":"repeat","background-position":"center center","background-size":"auto","background-attachment":"scroll","background-type":"","background-media":"","overlay-type":"","overlay-color":"","overlay-opacity":"","overlay-gradient":""}},"footnotes":""},"categories":[114,3,29],"tags":[],"class_list":["post-6023","post","type-post","status-publish","format-standard","hentry","category-act-20-21","category-eso","category-portada"],"post_mailing_queue_ids":[],"_links":{"self":[{"href":"https:\/\/agora.xtec.cat\/ies-mediterrania-castelldefels\/wp-json\/wp\/v2\/posts\/6023","targetHints":{"allow":["GET"]}}],"collection":[{"href":"https:\/\/agora.xtec.cat\/ies-mediterrania-castelldefels\/wp-json\/wp\/v2\/posts"}],"about":[{"href":"https:\/\/agora.xtec.cat\/ies-mediterrania-castelldefels\/wp-json\/wp\/v2\/types\/post"}],"author":[{"embeddable":true,"href":"https:\/\/agora.xtec.cat\/ies-mediterrania-castelldefels\/wp-json\/wp\/v2\/users\/1"}],"replies":[{"embeddable":true,"href":"https:\/\/agora.xtec.cat\/ies-mediterrania-castelldefels\/wp-json\/wp\/v2\/comments?post=6023"}],"version-history":[{"count":3,"href":"https:\/\/agora.xtec.cat\/ies-mediterrania-castelldefels\/wp-json\/wp\/v2\/posts\/6023\/revisions"}],"predecessor-version":[{"id":6031,"href":"https:\/\/agora.xtec.cat\/ies-mediterrania-castelldefels\/wp-json\/wp\/v2\/posts\/6023\/revisions\/6031"}],"wp:attachment":[{"href":"https:\/\/agora.xtec.cat\/ies-mediterrania-castelldefels\/wp-json\/wp\/v2\/media?parent=6023"}],"wp:term":[{"taxonomy":"category","embeddable":true,"href":"https:\/\/agora.xtec.cat\/ies-mediterrania-castelldefels\/wp-json\/wp\/v2\/categories?post=6023"},{"taxonomy":"post_tag","embeddable":true,"href":"https:\/\/agora.xtec.cat\/ies-mediterrania-castelldefels\/wp-json\/wp\/v2\/tags?post=6023"}],"curies":[{"name":"wp","href":"https:\/\/api.w.org\/{rel}","templated":true}]}}