{"id":5192,"date":"2020-06-25T20:56:59","date_gmt":"2020-06-25T18:56:59","guid":{"rendered":"http:\/\/agora.xtec.cat\/ies-mediterrania-castelldefels\/?p=5192"},"modified":"2020-06-29T03:06:02","modified_gmt":"2020-06-29T01:06:02","slug":"diploma-reconeixement","status":"publish","type":"post","link":"https:\/\/agora.xtec.cat\/ies-mediterrania-castelldefels\/eso\/diploma-reconeixement\/","title":{"rendered":"Diploma de reconeixement"},"content":{"rendered":"<p><a href=\"https:\/\/formularis.afamediterrania.cat\/afainstitutmediterrnia\/form\/Actedereconeixementcurs20192020\/formperma\/WxllEhiOYFNlX0flNViAQyHa3btDqOtLjQ9pmcG0j8A\" target=\"_blank\" rel=\"noopener noreferrer\"><img loading=\"lazy\" decoding=\"async\" class=\"wp-image-5193 alignnone\" src=\"https:\/\/agora.xtec.cat\/ies-mediterrania-castelldefels\/wp-content\/uploads\/usu1078\/2020\/06\/Diploma.jpg\" alt=\"\" width=\"297\" height=\"210\" srcset=\"https:\/\/agora.xtec.cat\/ies-mediterrania-castelldefels\/wp-content\/uploads\/usu1078\/2020\/06\/Diploma.jpg 848w, https:\/\/agora.xtec.cat\/ies-mediterrania-castelldefels\/wp-content\/uploads\/usu1078\/2020\/06\/Diploma-300x212.jpg 300w, https:\/\/agora.xtec.cat\/ies-mediterrania-castelldefels\/wp-content\/uploads\/usu1078\/2020\/06\/Diploma-768x542.jpg 768w\" sizes=\"auto, (max-width: 297px) 100vw, 297px\" \/><\/a><\/p>\n<p style=\"text-align: justify;\">El 25 de juny ten\u00edem previst fer, en el calendari inicial de curs, l&#8217;acte de reconeixement als estudiants que heu participat en diferents activitats del centre. \u00c9s una tradici\u00f3 que fa m\u00e9s de quinze anys que vam iniciar i de la qual ens sentim ben orgullosos. Des del centre tenim ben clar que no nom\u00e9s impartim coneixements, sin\u00f3 que volem formar integralment ciutadanes i ciutadans.<!--more--> Tots sabem, per\u00f2, com hem hagut d&#8217;acabar el curs, i els motius que ens han portat a fer-ho aix\u00ed. Avui, doncs, no podem fer aquell acte de manera presencial, per\u00f2 no volem deixar de fer-lo de manera virtual, tal com hem acabat el curs. I en aquest cas, el reconeixement ha d&#8217;estar per a totes i per a tots vosaltres. Ha estat un tercer trimestre, i un final de curs, estrany, at\u00edpic, dur per molts de nosaltres. Per\u00f2 tots hem donat el millor de nosaltres mateixos i les circumst\u00e0ncies ens han fet madurar i aprendre de cop.<\/p>\n<p>Alguns de vosaltres acabeu etapa i la vostra estada al centre. Us desitgem que tingueu molt\u00edssim \u00e8xit en la nova etapa que empredreu; i als qui heu cursat 2n de Batxillerat, molt d&#8217;\u00e8xit tamb\u00e9 a les PAU. Per als altres, desitgem, si cal amb m\u00e9s for\u00e7a, poder trobar-nos al setembre en un curs que volem normal, per\u00f2 segur. I a uns i a d&#8217;altres, manifestar-vos el nostre desig que si les condicions de l&#8217;inici de curs s\u00f3n normals, volem celebrar tot all\u00f2 que no hem pogut fer aquest final de curs i que, evidentment, hi estareu convidades i convidats.<\/p>\n<p>Per aix\u00f2, per tot aquest esfor\u00e7 que heu fet, en <a href=\"https:\/\/zfrmz.com\/XrDOaB4e71RGPRPzTO4g\" target=\"_blank\" rel=\"noopener noreferrer\" data-saferedirecturl=\"https:\/\/www.google.com\/url?q=https:\/\/zfrmz.com\/XrDOaB4e71RGPRPzTO4g&amp;source=gmail&amp;ust=1593203727257000&amp;usg=AFQjCNFhC9kqSZR54bJzKGoi7C39A0AIYA\">aquest enlla\u00e7<\/a> podeu accedir a un formulari per fer-vos el vostre propi diploma. El professorat estem ben conven\u00e7uts que us el mereixeu! El nostre agra\u00efment ben especial a l&#8217;AFA, que ha fet possible la part t\u00e8cnica d&#8217;aquest diploma virtual, aix\u00ed com les orles que cada any us lliuraven.<\/p>\n<p>Que passeu molt bon estiu! Ens veiem al setembre!<br \/>\nSigueu prudents i cuideu-vos molt.<\/p>\n","protected":false},"excerpt":{"rendered":"<p>El 25 de juny ten\u00edem previst fer, en el calendari inicial de curs, l&#8217;acte de reconeixement als estudiants que heu participat en diferents activitats del centre. \u00c9s una tradici\u00f3 que fa m\u00e9s de quinze anys que vam iniciar i de la qual ens sentim ben orgullosos. Des del centre tenim ben clar que no nom\u00e9s [&hellip;]<\/p>\n","protected":false},"author":1,"featured_media":0,"comment_status":"closed","ping_status":"closed","sticky":false,"template":"","format":"standard","meta":{"_bbp_topic_count":0,"_bbp_reply_count":0,"_bbp_total_topic_count":0,"_bbp_total_reply_count":0,"_bbp_voice_count":0,"_bbp_anonymous_reply_count":0,"_bbp_topic_count_hidden":0,"_bbp_reply_count_hidden":0,"_bbp_forum_subforum_count":0,"site-sidebar-layout":"default","site-content-layout":"","ast-site-content-layout":"","site-content-style":"default","site-sidebar-style":"default","ast-global-header-display":"","ast-banner-title-visibility":"","ast-main-header-display":"","ast-hfb-above-header-display":"","ast-hfb-below-header-display":"","ast-hfb-mobile-header-display":"","site-post-title":"","ast-breadcrumbs-content":"","ast-featured-img":"","footer-sml-layout":"","theme-transparent-header-meta":"","adv-header-id-meta":"","stick-header-meta":"","header-above-stick-meta":"","header-main-stick-meta":"","header-below-stick-meta":"","astra-migrate-meta-layouts":"default","ast-page-background-enabled":"default","ast-page-background-meta":{"desktop":{"background-color":"var(--ast-global-color-4)","background-image":"","background-repeat":"repeat","background-position":"center center","background-size":"auto","background-attachment":"scroll","background-type":"","background-media":"","overlay-type":"","overlay-color":"","overlay-opacity":"","overlay-gradient":""},"tablet":{"background-color":"","background-image":"","background-repeat":"repeat","background-position":"center center","background-size":"auto","background-attachment":"scroll","background-type":"","background-media":"","overlay-type":"","overlay-color":"","overlay-opacity":"","overlay-gradient":""},"mobile":{"background-color":"","background-image":"","background-repeat":"repeat","background-position":"center center","background-size":"auto","background-attachment":"scroll","background-type":"","background-media":"","overlay-type":"","overlay-color":"","overlay-opacity":"","overlay-gradient":""}},"ast-content-background-meta":{"desktop":{"background-color":"var(--ast-global-color-5)","background-image":"","background-repeat":"repeat","background-position":"center center","background-size":"auto","background-attachment":"scroll","background-type":"","background-media":"","overlay-type":"","overlay-color":"","overlay-opacity":"","overlay-gradient":""},"tablet":{"background-color":"var(--ast-global-color-5)","background-image":"","background-repeat":"repeat","background-position":"center center","background-size":"auto","background-attachment":"scroll","background-type":"","background-media":"","overlay-type":"","overlay-color":"","overlay-opacity":"","overlay-gradient":""},"mobile":{"background-color":"var(--ast-global-color-5)","background-image":"","background-repeat":"repeat","background-position":"center center","background-size":"auto","background-attachment":"scroll","background-type":"","background-media":"","overlay-type":"","overlay-color":"","overlay-opacity":"","overlay-gradient":""}},"footnotes":""},"categories":[8,3,112,29],"tags":[],"class_list":["post-5192","post","type-post","status-publish","format-standard","hentry","category-batxillerat","category-eso","category-info-19-20","category-portada"],"post_mailing_queue_ids":[],"_links":{"self":[{"href":"https:\/\/agora.xtec.cat\/ies-mediterrania-castelldefels\/wp-json\/wp\/v2\/posts\/5192","targetHints":{"allow":["GET"]}}],"collection":[{"href":"https:\/\/agora.xtec.cat\/ies-mediterrania-castelldefels\/wp-json\/wp\/v2\/posts"}],"about":[{"href":"https:\/\/agora.xtec.cat\/ies-mediterrania-castelldefels\/wp-json\/wp\/v2\/types\/post"}],"author":[{"embeddable":true,"href":"https:\/\/agora.xtec.cat\/ies-mediterrania-castelldefels\/wp-json\/wp\/v2\/users\/1"}],"replies":[{"embeddable":true,"href":"https:\/\/agora.xtec.cat\/ies-mediterrania-castelldefels\/wp-json\/wp\/v2\/comments?post=5192"}],"version-history":[{"count":3,"href":"https:\/\/agora.xtec.cat\/ies-mediterrania-castelldefels\/wp-json\/wp\/v2\/posts\/5192\/revisions"}],"predecessor-version":[{"id":5228,"href":"https:\/\/agora.xtec.cat\/ies-mediterrania-castelldefels\/wp-json\/wp\/v2\/posts\/5192\/revisions\/5228"}],"wp:attachment":[{"href":"https:\/\/agora.xtec.cat\/ies-mediterrania-castelldefels\/wp-json\/wp\/v2\/media?parent=5192"}],"wp:term":[{"taxonomy":"category","embeddable":true,"href":"https:\/\/agora.xtec.cat\/ies-mediterrania-castelldefels\/wp-json\/wp\/v2\/categories?post=5192"},{"taxonomy":"post_tag","embeddable":true,"href":"https:\/\/agora.xtec.cat\/ies-mediterrania-castelldefels\/wp-json\/wp\/v2\/tags?post=5192"}],"curies":[{"name":"wp","href":"https:\/\/api.w.org\/{rel}","templated":true}]}}