{"id":4651,"date":"2020-04-29T14:09:37","date_gmt":"2020-04-29T12:09:37","guid":{"rendered":"http:\/\/agora.xtec.cat\/ies-mediterrania-castelldefels\/?p=4651"},"modified":"2020-05-07T14:32:33","modified_gmt":"2020-05-07T12:32:33","slug":"jornades-dorientacio-educativa","status":"publish","type":"post","link":"https:\/\/agora.xtec.cat\/ies-mediterrania-castelldefels\/eso\/jornades-dorientacio-educativa\/","title":{"rendered":"Jornades d&#8217;Orientaci\u00f3 Educativa"},"content":{"rendered":"<p><img loading=\"lazy\" decoding=\"async\" class=\"wp-image-4652 size-full alignnone\" src=\"https:\/\/agora.xtec.cat\/ies-mediterrania-castelldefels\/wp-content\/uploads\/usu1078\/2020\/05\/JOE.-Castelldefels.jpg\" alt=\"\" width=\"392\" height=\"210\" srcset=\"https:\/\/agora.xtec.cat\/ies-mediterrania-castelldefels\/wp-content\/uploads\/usu1078\/2020\/05\/JOE.-Castelldefels.jpg 392w, https:\/\/agora.xtec.cat\/ies-mediterrania-castelldefels\/wp-content\/uploads\/usu1078\/2020\/05\/JOE.-Castelldefels-300x161.jpg 300w\" sizes=\"auto, (max-width: 392px) 100vw, 392px\" \/><\/p>\n<div id=\"contenido\">\n<p>L&#8217;entitat <strong>Fem Pedagogia<\/strong>, col.laboradora de les Jornades d&#8217;Orientaci\u00f3 Educativa a Castelldefels, ens ha compartit els seu v\u00eddeos d&#8217;orientaci\u00f3 per a complementar l\u2019orientaci\u00f3 acad\u00e8mica i professional.<\/p>\n<p>Els v\u00eddeos s\u00f3n: <strong><em>Despr\u00e9s de l\u2019ESO, qu\u00e8? \/ <\/em><\/strong><strong><em>Despr\u00e9s de Batxillerat, qu\u00e8? \/ Els treballs del futur.<\/em><\/strong><\/p>\n<p>Els trobareu a la <u>web d\u2019Orientaci\u00f3 de l\u2019Ajuntament <\/u>dins la Guia Educativa, juntament amb els altres v\u00eddeos del Punt d\u2019informaci\u00f3 de les <u>Jornades d\u2019orientaci\u00f3<\/u>:<\/p>\n<p><a href=\"http:\/\/castelldefels.org\/ca\/guiaeducativa\/AgendaAj.asp?idPrograma=200145\" target=\"_blank\" rel=\"noopener noreferrer\">castelldefels.org<\/a><\/p>\n<\/div>\n","protected":false},"excerpt":{"rendered":"<p>L&#8217;entitat Fem Pedagogia, col.laboradora de les Jornades d&#8217;Orientaci\u00f3 Educativa a Castelldefels, ens ha compartit els seu v\u00eddeos d&#8217;orientaci\u00f3 per a complementar l\u2019orientaci\u00f3 acad\u00e8mica i professional. Els v\u00eddeos s\u00f3n: Despr\u00e9s de l\u2019ESO, qu\u00e8? \/ Despr\u00e9s de Batxillerat, qu\u00e8? \/ Els treballs del futur. Els trobareu a la web d\u2019Orientaci\u00f3 de l\u2019Ajuntament dins la Guia Educativa, juntament [&hellip;]<\/p>\n","protected":false},"author":1,"featured_media":0,"comment_status":"closed","ping_status":"closed","sticky":false,"template":"","format":"standard","meta":{"_bbp_topic_count":0,"_bbp_reply_count":0,"_bbp_total_topic_count":0,"_bbp_total_reply_count":0,"_bbp_voice_count":0,"_bbp_anonymous_reply_count":0,"_bbp_topic_count_hidden":0,"_bbp_reply_count_hidden":0,"_bbp_forum_subforum_count":0,"site-sidebar-layout":"default","site-content-layout":"","ast-site-content-layout":"","site-content-style":"default","site-sidebar-style":"default","ast-global-header-display":"","ast-banner-title-visibility":"","ast-main-header-display":"","ast-hfb-above-header-display":"","ast-hfb-below-header-display":"","ast-hfb-mobile-header-display":"","site-post-title":"","ast-breadcrumbs-content":"","ast-featured-img":"","footer-sml-layout":"","theme-transparent-header-meta":"","adv-header-id-meta":"","stick-header-meta":"","header-above-stick-meta":"","header-main-stick-meta":"","header-below-stick-meta":"","astra-migrate-meta-layouts":"default","ast-page-background-enabled":"default","ast-page-background-meta":{"desktop":{"background-color":"var(--ast-global-color-4)","background-image":"","background-repeat":"repeat","background-position":"center center","background-size":"auto","background-attachment":"scroll","background-type":"","background-media":"","overlay-type":"","overlay-color":"","overlay-opacity":"","overlay-gradient":""},"tablet":{"background-color":"","background-image":"","background-repeat":"repeat","background-position":"center center","background-size":"auto","background-attachment":"scroll","background-type":"","background-media":"","overlay-type":"","overlay-color":"","overlay-opacity":"","overlay-gradient":""},"mobile":{"background-color":"","background-image":"","background-repeat":"repeat","background-position":"center center","background-size":"auto","background-attachment":"scroll","background-type":"","background-media":"","overlay-type":"","overlay-color":"","overlay-opacity":"","overlay-gradient":""}},"ast-content-background-meta":{"desktop":{"background-color":"var(--ast-global-color-5)","background-image":"","background-repeat":"repeat","background-position":"center center","background-size":"auto","background-attachment":"scroll","background-type":"","background-media":"","overlay-type":"","overlay-color":"","overlay-opacity":"","overlay-gradient":""},"tablet":{"background-color":"var(--ast-global-color-5)","background-image":"","background-repeat":"repeat","background-position":"center center","background-size":"auto","background-attachment":"scroll","background-type":"","background-media":"","overlay-type":"","overlay-color":"","overlay-opacity":"","overlay-gradient":""},"mobile":{"background-color":"var(--ast-global-color-5)","background-image":"","background-repeat":"repeat","background-position":"center center","background-size":"auto","background-attachment":"scroll","background-type":"","background-media":"","overlay-type":"","overlay-color":"","overlay-opacity":"","overlay-gradient":""}},"footnotes":""},"categories":[8,30,3,112,29],"tags":[],"class_list":["post-4651","post","type-post","status-publish","format-standard","hentry","category-batxillerat","category-cicles-formatius","category-eso","category-info-19-20","category-portada"],"post_mailing_queue_ids":[],"_links":{"self":[{"href":"https:\/\/agora.xtec.cat\/ies-mediterrania-castelldefels\/wp-json\/wp\/v2\/posts\/4651","targetHints":{"allow":["GET"]}}],"collection":[{"href":"https:\/\/agora.xtec.cat\/ies-mediterrania-castelldefels\/wp-json\/wp\/v2\/posts"}],"about":[{"href":"https:\/\/agora.xtec.cat\/ies-mediterrania-castelldefels\/wp-json\/wp\/v2\/types\/post"}],"author":[{"embeddable":true,"href":"https:\/\/agora.xtec.cat\/ies-mediterrania-castelldefels\/wp-json\/wp\/v2\/users\/1"}],"replies":[{"embeddable":true,"href":"https:\/\/agora.xtec.cat\/ies-mediterrania-castelldefels\/wp-json\/wp\/v2\/comments?post=4651"}],"version-history":[{"count":3,"href":"https:\/\/agora.xtec.cat\/ies-mediterrania-castelldefels\/wp-json\/wp\/v2\/posts\/4651\/revisions"}],"predecessor-version":[{"id":4658,"href":"https:\/\/agora.xtec.cat\/ies-mediterrania-castelldefels\/wp-json\/wp\/v2\/posts\/4651\/revisions\/4658"}],"wp:attachment":[{"href":"https:\/\/agora.xtec.cat\/ies-mediterrania-castelldefels\/wp-json\/wp\/v2\/media?parent=4651"}],"wp:term":[{"taxonomy":"category","embeddable":true,"href":"https:\/\/agora.xtec.cat\/ies-mediterrania-castelldefels\/wp-json\/wp\/v2\/categories?post=4651"},{"taxonomy":"post_tag","embeddable":true,"href":"https:\/\/agora.xtec.cat\/ies-mediterrania-castelldefels\/wp-json\/wp\/v2\/tags?post=4651"}],"curies":[{"name":"wp","href":"https:\/\/api.w.org\/{rel}","templated":true}]}}