{"id":4525,"date":"2020-04-02T23:00:02","date_gmt":"2020-04-02T21:00:02","guid":{"rendered":"http:\/\/agora.xtec.cat\/ies-mediterrania-castelldefels\/?p=4525"},"modified":"2020-04-03T01:11:26","modified_gmt":"2020-04-02T23:11:26","slug":"tot-anira-be","status":"publish","type":"post","link":"https:\/\/agora.xtec.cat\/ies-mediterrania-castelldefels\/portada\/tot-anira-be\/","title":{"rendered":"Tot anir\u00e0 b\u00e9!"},"content":{"rendered":"<p data-wp-editing=\"1\"><img loading=\"lazy\" decoding=\"async\" class=\"alignnone wp-image-4529\" style=\"width: 315px;\" src=\"https:\/\/agora.xtec.cat\/ies-mediterrania-castelldefels\/wp-content\/uploads\/usu1078\/2020\/04\/Tot-anir\u00e0-b\u00e9.jpg\" alt=\"\" width=\"373\" height=\"210\" srcset=\"https:\/\/agora.xtec.cat\/ies-mediterrania-castelldefels\/wp-content\/uploads\/usu1078\/2020\/04\/Tot-anir\u00e0-b\u00e9.jpg 1024w, https:\/\/agora.xtec.cat\/ies-mediterrania-castelldefels\/wp-content\/uploads\/usu1078\/2020\/04\/Tot-anir\u00e0-b\u00e9-300x169.jpg 300w, https:\/\/agora.xtec.cat\/ies-mediterrania-castelldefels\/wp-content\/uploads\/usu1078\/2020\/04\/Tot-anir\u00e0-b\u00e9-768x432.jpg 768w\" sizes=\"auto, (max-width: 373px) 100vw, 373px\" \/><\/p>\n<p data-wp-editing=\"1\">Els centres sanitaris obren canals perqu\u00e8 qui vulgui envi\u00ef cartes i missatges d&#8217;\u00e0nim als malalts a\u00efllats pel <span id=\"m_-1240533396640361424gmail-m_-4529183258577952540m_-3957149184353421085m_-7083465712411720698:1k5.26\">coronavirus<\/span> i als <span id=\"m_-1240533396640361424gmail-m_-4529183258577952540m_-3957149184353421085m_-7083465712411720698:1k5.27\">professionals<\/span> que lluiten contra la malaltia.<\/p>\n<p>L&#8217;epid\u00e8mia del <span id=\"m_-1240533396640361424gmail-m_-4529183258577952540m_-3957149184353421085m_-7083465712411720698:1k5.28\">coronavirus<\/span> ha fet n\u00e9ixer una iniciativa solid\u00e0ria perqu\u00e8 les persones ingressades en centres hospitalaris se sentin m\u00e9s acompanyades.<!--more-->Ens demanen que\u00a0nois i noies dels instituts i escoles de tota Catalunya\u00a0escriguin cartes de suport, per donar \u00e0nims a les persones amb <span id=\"m_-1240533396640361424gmail-m_-4529183258577952540m_-3957149184353421085m_-7083465712411720698:1k5.29\">coronavirus<\/span>\u00a0 ingressades. Malalts\u00a0 a\u00efllats als hospitals que no poden rebre la visita dels seus familiars.Sota el lema\u00a0&#8220;No esteu sols&#8221;, l&#8217;Hospital Cl\u00ednic de Barcelona va posar en marxa una campanya per recollir missatges d&#8217;\u00e0nim tant a pacients com als <span id=\"m_-1240533396640361424gmail-m_-4529183258577952540m_-3957149184353421085m_-7083465712411720698:1k5.30\">professionals<\/span>, que dia a dia lluiten contra la malaltia.<\/p>\n<p>A aquesta primera iniciativa s&#8217;han anat sumant altres centres hospitalaris, que\u00a0demanen:\u00a0dibuixos, cartes, poemes, vi\u0301deos,&#8230;\u00a0per ajudar a fer me\u0301s suportable aquesta situacio\u0301.<\/p>\n<div dir=\"ltr\">\n<p>Aqu\u00ed trobareu un v\u00eddeo que ho explica molt b\u00e9:<\/p>\n<p><a href=\"https:\/\/www.ccma.cat\/324\/hospitals-animen-a-enviar-dibuixos-i-cartes-a-sanitaris-i-malalts-amb-coronavirus\/noticia\/2998817\/\" target=\"_blank\" rel=\"noopener noreferrer\" data-saferedirecturl=\"https:\/\/www.google.com\/url?q=https:\/\/www.ccma.cat\/324\/hospitals-animen-a-enviar-dibuixos-i-cartes-a-sanitaris-i-malalts-amb-coronavirus\/noticia\/2998817\/&amp;source=gmail&amp;ust=1585950769252000&amp;usg=AFQjCNGKXYtrA1gTJiJd8oxYDqhtw9dkVg\">https:\/\/www.<span id=\"m_-1240533396640361424gmail-m_-4529183258577952540m_-3957149184353421085m_-7083465712411720698:1k5.31\">ccma<\/span>.cat\/324\/<wbr \/>hospitals-animen-a-enviar-<wbr \/>dibuixos-i-cartes-a-sanitaris-<wbr \/>i-malalts-amb-<span id=\"m_-1240533396640361424gmail-m_-4529183258577952540m_-3957149184353421085m_-7083465712411720698:1k5.32\">coronavirus<\/span>\/<wbr \/>noticia\/2998817\/<\/a><\/p>\n<div dir=\"ltr\"><\/div>\n<p>Dibuixos, escrits i imatges&#8230;\u00a0ens ajuden a expressar emocions i poden ajudar d\u2019altres persones a expressar-les i a fer que tot aquest malson pugui ser portat d\u2019una manera me\u0301s ca\u0300lida i acompanyada<\/p>\n<\/div>\n<div dir=\"ltr\"><\/div>\n<div dir=\"ltr\"><\/div>\n<div dir=\"ltr\">Fem-ho possible!<\/div>\n<div dir=\"ltr\"><\/div>\n<div dir=\"ltr\"><\/div>\n<div dir=\"ltr\">\n<p>Per aconseguir-ho necessitem tot l&#8217;ajut possible. Fes la teva aportaci\u00f3!<\/p>\n<p>De moment, els Hospitals que ja han obert un <span id=\"m_-1240533396640361424gmail-m_-4529183258577952540m_-3957149184353421085m_-7083465712411720698:1k5.33\">mail<\/span> so\u0301n:<\/p>\n<ul>\n<li>Hospital Cl\u00ednic\u00a0<a href=\"https:\/\/www.clinicbarcelona.org\/ca\/asistencia\/noesteusols@clinic.cat\" target=\"_blank\" rel=\"noopener noreferrer\" data-saferedirecturl=\"https:\/\/www.google.com\/url?q=https:\/\/www.clinicbarcelona.org\/ca\/asistencia\/noesteusols@clinic.cat&amp;source=gmail&amp;ust=1585950769252000&amp;usg=AFQjCNEoxSokh3r8GEGlngghApJVP0jAKQ\"><span id=\"m_-1240533396640361424gmail-m_-4529183258577952540m_-3957149184353421085m_-7083465712411720698:1k5.34\">noesteusols<\/span>@<span id=\"m_-1240533396640361424gmail-m_-4529183258577952540m_-3957149184353421085m_-7083465712411720698:1k5.35\">clinic<\/span>.cat<\/a><\/li>\n<li>Hospital del Mar\u00a0<a href=\"mailto:cartesquecuren@hospitaldelmar.cat\" target=\"_blank\" rel=\"noopener noreferrer\"><span id=\"m_-1240533396640361424gmail-m_-4529183258577952540m_-3957149184353421085m_-7083465712411720698:1k5.36\">cartesquecuren<\/span>@<span id=\"m_-1240533396640361424gmail-m_-4529183258577952540m_-3957149184353421085m_-7083465712411720698:1k5.37\">hospitaldel<wbr \/>mar<\/span>.cat\u00a0<\/a><\/li>\n<li>Hospital Pere i Mata (Reus):\u00a0<a href=\"mailto:cartesperemata@gmail.com\" target=\"_blank\" rel=\"noopener noreferrer\"><span id=\"m_-1240533396640361424gmail-m_-4529183258577952540m_-3957149184353421085m_-7083465712411720698:1k5.38\">cartesperemata<\/span>@gmail.<wbr \/>com<\/a><\/li>\n<li>Hospital Sagrat Cor\u00a0<a href=\"mailto:esperanzahusc@gmail.com\" target=\"_blank\" rel=\"noopener noreferrer\"><span id=\"m_-1240533396640361424gmail-m_-4529183258577952540m_-3957149184353421085m_-7083465712411720698:1k5.39\">esperanzahusc<\/span>@gmail.com<\/a><\/li>\n<li>Hospital Sant Pau\u00a0<a href=\"mailto:missatgesquecuren@santpau.cat\" target=\"_blank\" rel=\"noopener noreferrer\"><span id=\"m_-1240533396640361424gmail-m_-4529183258577952540m_-3957149184353421085m_-7083465712411720698:1k5.40\">missatgesquecuren<\/span>@<span id=\"m_-1240533396640361424gmail-m_-4529183258577952540m_-3957149184353421085m_-7083465712411720698:1k5.41\">santpau<\/span>.<wbr \/>cat<\/a><\/li>\n<li>Sanitari Alt <span id=\"m_-1240533396640361424gmail-m_-4529183258577952540m_-3957149184353421085m_-7083465712411720698:1k5.42\">Pened\u00e9s<\/span>-Garraf:\u00a0<a href=\"mailto:cartesperacompanyar@csapg.cat\" target=\"_blank\" rel=\"noopener noreferrer\"><span id=\"m_-1240533396640361424gmail-m_-4529183258577952540m_-3957149184353421085m_-7083465712411720698:1k5.43\">cartesperacomp<\/span><span id=\"m_-1240533396640361424gmail-m_-4529183258577952540m_-3957149184353421085m_-7083465712411720698:1k5.44\"><wbr \/>anyar<\/span>@<span id=\"m_-1240533396640361424gmail-m_-4529183258577952540m_-3957149184353421085m_-7083465712411720698:1k5.45\">csapg<\/span>.cat<\/a><\/li>\n<li>Hospitals i CAPs de l\u2019ICS :\u00a0<a href=\"mailto:gracies.ics@gencat.cat\" target=\"_blank\" rel=\"noopener noreferrer\">gracies.ics@<span id=\"m_-1240533396640361424gmail-m_-4529183258577952540m_-3957149184353421085m_-7083465712411720698:1k5.46\">gencat<\/span>.cat<\/a><\/li>\n<\/ul>\n<p>Endavant, Tot anir\u00e0 b\u00e9!<\/p>\n<\/div>\n","protected":false},"excerpt":{"rendered":"<p>Els centres sanitaris obren canals perqu\u00e8 qui vulgui envi\u00ef cartes i missatges d&#8217;\u00e0nim als malalts a\u00efllats pel coronavirus i als professionals que lluiten contra la malaltia. L&#8217;epid\u00e8mia del coronavirus ha fet n\u00e9ixer una iniciativa solid\u00e0ria perqu\u00e8 les persones ingressades en centres hospitalaris se sentin m\u00e9s acompanyades.<\/p>\n","protected":false},"author":1,"featured_media":0,"comment_status":"closed","ping_status":"closed","sticky":false,"template":"","format":"standard","meta":{"_bbp_topic_count":0,"_bbp_reply_count":0,"_bbp_total_topic_count":0,"_bbp_total_reply_count":0,"_bbp_voice_count":0,"_bbp_anonymous_reply_count":0,"_bbp_topic_count_hidden":0,"_bbp_reply_count_hidden":0,"_bbp_forum_subforum_count":0,"site-sidebar-layout":"default","site-content-layout":"","ast-site-content-layout":"","site-content-style":"default","site-sidebar-style":"default","ast-global-header-display":"","ast-banner-title-visibility":"","ast-main-header-display":"","ast-hfb-above-header-display":"","ast-hfb-below-header-display":"","ast-hfb-mobile-header-display":"","site-post-title":"","ast-breadcrumbs-content":"","ast-featured-img":"","footer-sml-layout":"","theme-transparent-header-meta":"","adv-header-id-meta":"","stick-header-meta":"","header-above-stick-meta":"","header-main-stick-meta":"","header-below-stick-meta":"","astra-migrate-meta-layouts":"default","ast-page-background-enabled":"default","ast-page-background-meta":{"desktop":{"background-color":"var(--ast-global-color-4)","background-image":"","background-repeat":"repeat","background-position":"center center","background-size":"auto","background-attachment":"scroll","background-type":"","background-media":"","overlay-type":"","overlay-color":"","overlay-opacity":"","overlay-gradient":""},"tablet":{"background-color":"","background-image":"","background-repeat":"repeat","background-position":"center center","background-size":"auto","background-attachment":"scroll","background-type":"","background-media":"","overlay-type":"","overlay-color":"","overlay-opacity":"","overlay-gradient":""},"mobile":{"background-color":"","background-image":"","background-repeat":"repeat","background-position":"center center","background-size":"auto","background-attachment":"scroll","background-type":"","background-media":"","overlay-type":"","overlay-color":"","overlay-opacity":"","overlay-gradient":""}},"ast-content-background-meta":{"desktop":{"background-color":"var(--ast-global-color-5)","background-image":"","background-repeat":"repeat","background-position":"center center","background-size":"auto","background-attachment":"scroll","background-type":"","background-media":"","overlay-type":"","overlay-color":"","overlay-opacity":"","overlay-gradient":""},"tablet":{"background-color":"var(--ast-global-color-5)","background-image":"","background-repeat":"repeat","background-position":"center center","background-size":"auto","background-attachment":"scroll","background-type":"","background-media":"","overlay-type":"","overlay-color":"","overlay-opacity":"","overlay-gradient":""},"mobile":{"background-color":"var(--ast-global-color-5)","background-image":"","background-repeat":"repeat","background-position":"center center","background-size":"auto","background-attachment":"scroll","background-type":"","background-media":"","overlay-type":"","overlay-color":"","overlay-opacity":"","overlay-gradient":""}},"footnotes":""},"categories":[112,29],"tags":[],"class_list":["post-4525","post","type-post","status-publish","format-standard","hentry","category-info-19-20","category-portada"],"post_mailing_queue_ids":[],"_links":{"self":[{"href":"https:\/\/agora.xtec.cat\/ies-mediterrania-castelldefels\/wp-json\/wp\/v2\/posts\/4525","targetHints":{"allow":["GET"]}}],"collection":[{"href":"https:\/\/agora.xtec.cat\/ies-mediterrania-castelldefels\/wp-json\/wp\/v2\/posts"}],"about":[{"href":"https:\/\/agora.xtec.cat\/ies-mediterrania-castelldefels\/wp-json\/wp\/v2\/types\/post"}],"author":[{"embeddable":true,"href":"https:\/\/agora.xtec.cat\/ies-mediterrania-castelldefels\/wp-json\/wp\/v2\/users\/1"}],"replies":[{"embeddable":true,"href":"https:\/\/agora.xtec.cat\/ies-mediterrania-castelldefels\/wp-json\/wp\/v2\/comments?post=4525"}],"version-history":[{"count":4,"href":"https:\/\/agora.xtec.cat\/ies-mediterrania-castelldefels\/wp-json\/wp\/v2\/posts\/4525\/revisions"}],"predecessor-version":[{"id":4539,"href":"https:\/\/agora.xtec.cat\/ies-mediterrania-castelldefels\/wp-json\/wp\/v2\/posts\/4525\/revisions\/4539"}],"wp:attachment":[{"href":"https:\/\/agora.xtec.cat\/ies-mediterrania-castelldefels\/wp-json\/wp\/v2\/media?parent=4525"}],"wp:term":[{"taxonomy":"category","embeddable":true,"href":"https:\/\/agora.xtec.cat\/ies-mediterrania-castelldefels\/wp-json\/wp\/v2\/categories?post=4525"},{"taxonomy":"post_tag","embeddable":true,"href":"https:\/\/agora.xtec.cat\/ies-mediterrania-castelldefels\/wp-json\/wp\/v2\/tags?post=4525"}],"curies":[{"name":"wp","href":"https:\/\/api.w.org\/{rel}","templated":true}]}}