{"id":4504,"date":"2020-03-25T14:36:54","date_gmt":"2020-03-25T13:36:54","guid":{"rendered":"http:\/\/agora.xtec.cat\/ies-mediterrania-castelldefels\/?p=4504"},"modified":"2020-03-26T14:19:54","modified_gmt":"2020-03-26T13:19:54","slug":"tasques-durant-el-confinament","status":"publish","type":"post","link":"https:\/\/agora.xtec.cat\/ies-mediterrania-castelldefels\/portada\/tasques-durant-el-confinament\/","title":{"rendered":"Tasques durant el confinament"},"content":{"rendered":"<p>Benvolgudes fam\u00edlies,<\/p>\n<p>Abans que res, desitjar-vos que estigueu tots b\u00e9 de salut i tamb\u00e9 d\u2019\u00e0nims, aquests durs dies de confinament a casa per prevenir l\u2019expansi\u00f3 del coronavirus COVID-19. Tot i que no en tenim confirmaci\u00f3 oficial, pels mitjans de comunicaci\u00f3 tots sabem que la situaci\u00f3 de confinament s\u2019allargar\u00e0 m\u00e9s del que estava previst inicialment.<\/p>\n<p>En aquesta setmana i mitja el professorat ha anat encomanant feines a trav\u00e9s del <a href=\"https:\/\/moodle.ins-mediterrania.cat\/\" target=\"_blank\" rel=\"noopener noreferrer\"><em>moodle<\/em> <\/a>(o altres plataformes que tenen) i tamb\u00e9 del correu electr\u00f2nic. Sabem que hi ha dificultats per part d\u2019algunes fam\u00edlies per accedir-hi. En som conscients i ho tenim present, i ens els casos que hem pogut hem habilitat altres maneres <!--more-->de comunicaci\u00f3. Sapigueu que estem disponibles al correu del centre i que si necessiteu els codis per accedir al <a href=\"https:\/\/moodle.ins-mediterrania.cat\/\" target=\"_blank\" rel=\"noopener noreferrer\"><em>moodle<\/em> <\/a>nom\u00e9s ens els heu de demanar. Si no heu rebut la informaci\u00f3 nostra per correu electr\u00f2nic, la que vam enviar entre el 12 de mar\u00e7 i el 13 de mar\u00e7, nom\u00e9s cal que ens feu un correu electr\u00f2nic a <a href=\"mailto:a8047480@xtec.cat\">a8047480@xtec.cat<\/a> indicant-nos el nom i cognoms del vostre fill o filla, el curs i el grup classe i us hi inclourem o actualitzarem la nostra llista de distribuci\u00f3.<\/p>\n<p>A m\u00e9s de les activitats que us proposa el professorat, el Departament d\u2019Educaci\u00f3 tamb\u00e9 ha habilitat diferents webs i ha arribat a acords amb la Corporaci\u00f3 Catalana de Mitjans Audiovisuals per tal d\u2019oferir continguts educatius pels seus canals de comunicaci\u00f3 (TV3, Super3, Catalunya R\u00e0dio, entre d\u2019altres). Us en passem alguns enlla\u00e7os:<\/p>\n<ul>\n<li style=\"list-style-type: none;\">\n<ul>\n<li><a href=\"https:\/\/projectes.xtec.cat\/joemquedoacasa\/\" target=\"_blank\" rel=\"noopener noreferrer\">Recursos externs i propis del Departament d\u2019Educaci\u00f3<\/a><\/li>\n<li><a href=\"https:\/\/www.ccma.cat\/tv3\/super3\/infok\/\" target=\"_blank\" rel=\"noopener noreferrer\">InfoK<\/a><\/li>\n<li><a href=\"https:\/\/www.ccma.cat\/tv3\/super3\/avui-aprenem\/fitxa-programa\/60456\/\" target=\"_blank\" rel=\"noopener noreferrer\">Avui aprenem (CCMA)<\/a><\/li>\n<li><a href=\"http:\/\/www.edu365.cat\/\" target=\"_blank\" rel=\"noopener noreferrer\">Edu365<\/a><\/li>\n<li><a href=\"https:\/\/www.ccma.cat\/catradio\/popap\/\" target=\"_blank\" rel=\"noopener noreferrer\">PopAp (Catalunya R\u00e0dio)<\/a><\/li>\n<li><a href=\"https:\/\/blocs.xtec.cat\/recursosee\/\" target=\"_blank\" rel=\"noopener noreferrer\">Recursos per a l\u2019educaci\u00f3 especial<\/a><\/li>\n<li><a href=\"https:\/\/www.ara.cat\/estils\/exercici-casa-confinament-coronavirus-covid-19_0_2420158036.html\" target=\"_blank\" rel=\"noopener noreferrer\">Fer exercici a casa<\/a><\/li>\n<\/ul>\n<\/li>\n<\/ul>\n<p>Tamb\u00e9 se\u2019ns ha comunicat que es continuar\u00e0 desplegant el Pla d\u2019acci\u00f3 \u2018Centres educatius en l\u00ednia\u2019, de la qual cosa us en mantindrem informats.<\/p>\n<p>At\u00e8s que el per\u00edode de confinament es pot allargar, f\u00f3ra convenient, durant aquests dies, intentar normalitzar al m\u00e0xim la situaci\u00f3 tot intentant portar uns horaris. Portar al dia les tasques que els encomana el professorat, tot seguint-ne les indicacions (no cal fer-los tots el primer dia, ni enviar-los en hores intempestives, hi ha temps), ens ajudar\u00e0 a tothom a fer una mica suportable aquesta situaci\u00f3. Per\u00f2 tamb\u00e9 han de disposar de temps per fer les tasques dom\u00e8stiques que els tingueu encomanades, per al lleure, i per a xerrar i compartir amb la fam\u00edlia.<\/p>\n<p>D\u2019altra banda, respecte a l\u2019avaluaci\u00f3 del 2n trimestre, mirarem de fer-la amb els mitjans telem\u00e0tics de qu\u00e8 disposem i tan aviat com tinguem informaci\u00f3 de com us podem fer arribar les notes del trimestre us n\u2019informarem.<\/p>\n<p>Tamb\u00e9 som conscients que us preocupa el tema de 2n de Batxillerat i les PAU. Tamb\u00e9 us mantindrem informats de les not\u00edcies que ens vagin arribant pels canals oficials del Departament d\u2019Educaci\u00f3.<\/p>\n<p>Finalment, tot i que en deveu estar al cas, en aquest <a href=\"http:\/\/canalsalut.gencat.cat\/ca\/salut-a-z\/c\/coronavirus-2019-ncov\/\" target=\"_blank\" rel=\"noopener noreferrer\">enlla\u00e7<\/a> podeu seguir les informacions oficials del Departament de Salut com ara recomanacions, seguiment, preguntes m\u00e9s freq\u00fcents&#8230;<\/p>\n<p>Us agra\u00efm d\u2019entrada la vostra col\u00b7laboraci\u00f3 i comprensi\u00f3, indispensable per fer la tasca educativa que tots duem endavant, en una situaci\u00f3 tan delicada com la que estem vivint.<\/p>\n<p>Molts \u00e0nims a tothom, i cuideu-vos molt!<\/p>\n<p>Cordialment,<\/p>\n<p>Josep-Carles Vila<\/p>\n<p>Director<\/p>\n<p>Institut Mediterr\u00e0nia<\/p>\n","protected":false},"excerpt":{"rendered":"<p>Benvolgudes fam\u00edlies, Abans que res, desitjar-vos que estigueu tots b\u00e9 de salut i tamb\u00e9 d\u2019\u00e0nims, aquests durs dies de confinament a casa per prevenir l\u2019expansi\u00f3 del coronavirus COVID-19. Tot i que no en tenim confirmaci\u00f3 oficial, pels mitjans de comunicaci\u00f3 tots sabem que la situaci\u00f3 de confinament s\u2019allargar\u00e0 m\u00e9s del que estava previst inicialment. En [&hellip;]<\/p>\n","protected":false},"author":1,"featured_media":0,"comment_status":"closed","ping_status":"closed","sticky":false,"template":"","format":"standard","meta":{"_bbp_topic_count":0,"_bbp_reply_count":0,"_bbp_total_topic_count":0,"_bbp_total_reply_count":0,"_bbp_voice_count":0,"_bbp_anonymous_reply_count":0,"_bbp_topic_count_hidden":0,"_bbp_reply_count_hidden":0,"_bbp_forum_subforum_count":0,"site-sidebar-layout":"default","site-content-layout":"","ast-site-content-layout":"","site-content-style":"default","site-sidebar-style":"default","ast-global-header-display":"","ast-banner-title-visibility":"","ast-main-header-display":"","ast-hfb-above-header-display":"","ast-hfb-below-header-display":"","ast-hfb-mobile-header-display":"","site-post-title":"","ast-breadcrumbs-content":"","ast-featured-img":"","footer-sml-layout":"","theme-transparent-header-meta":"","adv-header-id-meta":"","stick-header-meta":"","header-above-stick-meta":"","header-main-stick-meta":"","header-below-stick-meta":"","astra-migrate-meta-layouts":"default","ast-page-background-enabled":"default","ast-page-background-meta":{"desktop":{"background-color":"var(--ast-global-color-4)","background-image":"","background-repeat":"repeat","background-position":"center center","background-size":"auto","background-attachment":"scroll","background-type":"","background-media":"","overlay-type":"","overlay-color":"","overlay-opacity":"","overlay-gradient":""},"tablet":{"background-color":"","background-image":"","background-repeat":"repeat","background-position":"center center","background-size":"auto","background-attachment":"scroll","background-type":"","background-media":"","overlay-type":"","overlay-color":"","overlay-opacity":"","overlay-gradient":""},"mobile":{"background-color":"","background-image":"","background-repeat":"repeat","background-position":"center center","background-size":"auto","background-attachment":"scroll","background-type":"","background-media":"","overlay-type":"","overlay-color":"","overlay-opacity":"","overlay-gradient":""}},"ast-content-background-meta":{"desktop":{"background-color":"var(--ast-global-color-5)","background-image":"","background-repeat":"repeat","background-position":"center center","background-size":"auto","background-attachment":"scroll","background-type":"","background-media":"","overlay-type":"","overlay-color":"","overlay-opacity":"","overlay-gradient":""},"tablet":{"background-color":"var(--ast-global-color-5)","background-image":"","background-repeat":"repeat","background-position":"center center","background-size":"auto","background-attachment":"scroll","background-type":"","background-media":"","overlay-type":"","overlay-color":"","overlay-opacity":"","overlay-gradient":""},"mobile":{"background-color":"var(--ast-global-color-5)","background-image":"","background-repeat":"repeat","background-position":"center center","background-size":"auto","background-attachment":"scroll","background-type":"","background-media":"","overlay-type":"","overlay-color":"","overlay-opacity":"","overlay-gradient":""}},"footnotes":""},"categories":[112,29],"tags":[],"class_list":["post-4504","post","type-post","status-publish","format-standard","hentry","category-info-19-20","category-portada"],"post_mailing_queue_ids":[],"_links":{"self":[{"href":"https:\/\/agora.xtec.cat\/ies-mediterrania-castelldefels\/wp-json\/wp\/v2\/posts\/4504","targetHints":{"allow":["GET"]}}],"collection":[{"href":"https:\/\/agora.xtec.cat\/ies-mediterrania-castelldefels\/wp-json\/wp\/v2\/posts"}],"about":[{"href":"https:\/\/agora.xtec.cat\/ies-mediterrania-castelldefels\/wp-json\/wp\/v2\/types\/post"}],"author":[{"embeddable":true,"href":"https:\/\/agora.xtec.cat\/ies-mediterrania-castelldefels\/wp-json\/wp\/v2\/users\/1"}],"replies":[{"embeddable":true,"href":"https:\/\/agora.xtec.cat\/ies-mediterrania-castelldefels\/wp-json\/wp\/v2\/comments?post=4504"}],"version-history":[{"count":3,"href":"https:\/\/agora.xtec.cat\/ies-mediterrania-castelldefels\/wp-json\/wp\/v2\/posts\/4504\/revisions"}],"predecessor-version":[{"id":4524,"href":"https:\/\/agora.xtec.cat\/ies-mediterrania-castelldefels\/wp-json\/wp\/v2\/posts\/4504\/revisions\/4524"}],"wp:attachment":[{"href":"https:\/\/agora.xtec.cat\/ies-mediterrania-castelldefels\/wp-json\/wp\/v2\/media?parent=4504"}],"wp:term":[{"taxonomy":"category","embeddable":true,"href":"https:\/\/agora.xtec.cat\/ies-mediterrania-castelldefels\/wp-json\/wp\/v2\/categories?post=4504"},{"taxonomy":"post_tag","embeddable":true,"href":"https:\/\/agora.xtec.cat\/ies-mediterrania-castelldefels\/wp-json\/wp\/v2\/tags?post=4504"}],"curies":[{"name":"wp","href":"https:\/\/api.w.org\/{rel}","templated":true}]}}