{"id":4101,"date":"2019-11-24T22:29:41","date_gmt":"2019-11-24T21:29:41","guid":{"rendered":"http:\/\/agora.xtec.cat\/ies-mediterrania-castelldefels\/?p=4101"},"modified":"2019-11-25T05:48:45","modified_gmt":"2019-11-25T04:48:45","slug":"emprenedoria-4t-eso-sortida-caixalab","status":"publish","type":"post","link":"https:\/\/agora.xtec.cat\/ies-mediterrania-castelldefels\/eso\/emprenedoria-4t-eso-sortida-caixalab\/","title":{"rendered":"Emprenedoria 4t ESO &#8211; Sortida CaixaLab"},"content":{"rendered":"<p><img loading=\"lazy\" decoding=\"async\" class=\"alignnone wp-image-4102\" src=\"https:\/\/agora.xtec.cat\/ies-mediterrania-castelldefels\/wp-content\/uploads\/usu1078\/2019\/11\/image4b.jpg\" alt=\"\" width=\"282\" height=\"210\" srcset=\"https:\/\/agora.xtec.cat\/ies-mediterrania-castelldefels\/wp-content\/uploads\/usu1078\/2019\/11\/image4b.jpg 1396w, https:\/\/agora.xtec.cat\/ies-mediterrania-castelldefels\/wp-content\/uploads\/usu1078\/2019\/11\/image4b-300x223.jpg 300w, https:\/\/agora.xtec.cat\/ies-mediterrania-castelldefels\/wp-content\/uploads\/usu1078\/2019\/11\/image4b-768x572.jpg 768w, https:\/\/agora.xtec.cat\/ies-mediterrania-castelldefels\/wp-content\/uploads\/usu1078\/2019\/11\/image4b-1024x762.jpg 1024w, https:\/\/agora.xtec.cat\/ies-mediterrania-castelldefels\/wp-content\/uploads\/usu1078\/2019\/11\/image4b-200x150.jpg 200w\" sizes=\"auto, (max-width: 282px) 100vw, 282px\" \/><\/p>\n<p>El passat dijous, 21 de novembre, els alumnes de 4t d&#8217;ESO de l&#8217;optativa d&#8217;Emprenedoria van realitzar una sortida al CaixaLab Experience de CaixaForum i a una exposici\u00f3 de fotograf\u00eda: CAMERA I CIUTAT.<\/p>\n<p><a href=\"https:\/\/photos.app.goo.gl\/NsDHjpDvmQ7gJ8F27\" target=\"_blank\" rel=\"noopener noreferrer\">\u00c0lbum de fotos<\/a><\/p>\n","protected":false},"excerpt":{"rendered":"<p>El passat dijous, 21 de novembre, els alumnes de 4t d&#8217;ESO de l&#8217;optativa d&#8217;Emprenedoria van realitzar una sortida al CaixaLab Experience de CaixaForum i a una exposici\u00f3 de fotograf\u00eda: CAMERA I CIUTAT. \u00c0lbum de fotos<\/p>\n","protected":false},"author":1,"featured_media":0,"comment_status":"closed","ping_status":"closed","sticky":false,"template":"","format":"standard","meta":{"_bbp_topic_count":0,"_bbp_reply_count":0,"_bbp_total_topic_count":0,"_bbp_total_reply_count":0,"_bbp_voice_count":0,"_bbp_anonymous_reply_count":0,"_bbp_topic_count_hidden":0,"_bbp_reply_count_hidden":0,"_bbp_forum_subforum_count":0,"site-sidebar-layout":"default","site-content-layout":"","ast-site-content-layout":"","site-content-style":"default","site-sidebar-style":"default","ast-global-header-display":"","ast-banner-title-visibility":"","ast-main-header-display":"","ast-hfb-above-header-display":"","ast-hfb-below-header-display":"","ast-hfb-mobile-header-display":"","site-post-title":"","ast-breadcrumbs-content":"","ast-featured-img":"","footer-sml-layout":"","theme-transparent-header-meta":"","adv-header-id-meta":"","stick-header-meta":"","header-above-stick-meta":"","header-main-stick-meta":"","header-below-stick-meta":"","astra-migrate-meta-layouts":"default","ast-page-background-enabled":"default","ast-page-background-meta":{"desktop":{"background-color":"var(--ast-global-color-4)","background-image":"","background-repeat":"repeat","background-position":"center center","background-size":"auto","background-attachment":"scroll","background-type":"","background-media":"","overlay-type":"","overlay-color":"","overlay-opacity":"","overlay-gradient":""},"tablet":{"background-color":"","background-image":"","background-repeat":"repeat","background-position":"center center","background-size":"auto","background-attachment":"scroll","background-type":"","background-media":"","overlay-type":"","overlay-color":"","overlay-opacity":"","overlay-gradient":""},"mobile":{"background-color":"","background-image":"","background-repeat":"repeat","background-position":"center center","background-size":"auto","background-attachment":"scroll","background-type":"","background-media":"","overlay-type":"","overlay-color":"","overlay-opacity":"","overlay-gradient":""}},"ast-content-background-meta":{"desktop":{"background-color":"var(--ast-global-color-5)","background-image":"","background-repeat":"repeat","background-position":"center center","background-size":"auto","background-attachment":"scroll","background-type":"","background-media":"","overlay-type":"","overlay-color":"","overlay-opacity":"","overlay-gradient":""},"tablet":{"background-color":"var(--ast-global-color-5)","background-image":"","background-repeat":"repeat","background-position":"center center","background-size":"auto","background-attachment":"scroll","background-type":"","background-media":"","overlay-type":"","overlay-color":"","overlay-opacity":"","overlay-gradient":""},"mobile":{"background-color":"var(--ast-global-color-5)","background-image":"","background-repeat":"repeat","background-position":"center center","background-size":"auto","background-attachment":"scroll","background-type":"","background-media":"","overlay-type":"","overlay-color":"","overlay-opacity":"","overlay-gradient":""}},"footnotes":""},"categories":[111,3,29],"tags":[],"class_list":["post-4101","post","type-post","status-publish","format-standard","hentry","category-act-19-20","category-eso","category-portada"],"post_mailing_queue_ids":[],"_links":{"self":[{"href":"https:\/\/agora.xtec.cat\/ies-mediterrania-castelldefels\/wp-json\/wp\/v2\/posts\/4101","targetHints":{"allow":["GET"]}}],"collection":[{"href":"https:\/\/agora.xtec.cat\/ies-mediterrania-castelldefels\/wp-json\/wp\/v2\/posts"}],"about":[{"href":"https:\/\/agora.xtec.cat\/ies-mediterrania-castelldefels\/wp-json\/wp\/v2\/types\/post"}],"author":[{"embeddable":true,"href":"https:\/\/agora.xtec.cat\/ies-mediterrania-castelldefels\/wp-json\/wp\/v2\/users\/1"}],"replies":[{"embeddable":true,"href":"https:\/\/agora.xtec.cat\/ies-mediterrania-castelldefels\/wp-json\/wp\/v2\/comments?post=4101"}],"version-history":[{"count":3,"href":"https:\/\/agora.xtec.cat\/ies-mediterrania-castelldefels\/wp-json\/wp\/v2\/posts\/4101\/revisions"}],"predecessor-version":[{"id":4111,"href":"https:\/\/agora.xtec.cat\/ies-mediterrania-castelldefels\/wp-json\/wp\/v2\/posts\/4101\/revisions\/4111"}],"wp:attachment":[{"href":"https:\/\/agora.xtec.cat\/ies-mediterrania-castelldefels\/wp-json\/wp\/v2\/media?parent=4101"}],"wp:term":[{"taxonomy":"category","embeddable":true,"href":"https:\/\/agora.xtec.cat\/ies-mediterrania-castelldefels\/wp-json\/wp\/v2\/categories?post=4101"},{"taxonomy":"post_tag","embeddable":true,"href":"https:\/\/agora.xtec.cat\/ies-mediterrania-castelldefels\/wp-json\/wp\/v2\/tags?post=4101"}],"curies":[{"name":"wp","href":"https:\/\/api.w.org\/{rel}","templated":true}]}}