{"id":2665,"date":"2016-05-29T20:13:54","date_gmt":"2016-05-29T18:13:54","guid":{"rendered":"http:\/\/agora.xtec.cat\/ies-mediterrania-castelldefels\/?p=2665"},"modified":"2022-12-06T20:40:27","modified_gmt":"2022-12-06T19:40:27","slug":"tlling-a-tale-1r-eso","status":"publish","type":"post","link":"https:\/\/agora.xtec.cat\/ies-mediterrania-castelldefels\/eso\/tlling-a-tale-1r-eso\/","title":{"rendered":"Telling a Tale &#8211; 1r ESO"},"content":{"rendered":"<p><img loading=\"lazy\" decoding=\"async\" class=\"alignnone wp-image-2666\" src=\"https:\/\/agora.xtec.cat\/ies-mediterrania-castelldefels\/wp-content\/uploads\/usu1078\/2018\/11\/Telling-a-Tale-300x160.jpg\" alt=\"\" width=\"393\" height=\"210\" srcset=\"https:\/\/agora.xtec.cat\/ies-mediterrania-castelldefels\/wp-content\/uploads\/usu1078\/2018\/11\/Telling-a-Tale-300x160.jpg 300w, https:\/\/agora.xtec.cat\/ies-mediterrania-castelldefels\/wp-content\/uploads\/usu1078\/2018\/11\/Telling-a-Tale-768x410.jpg 768w, https:\/\/agora.xtec.cat\/ies-mediterrania-castelldefels\/wp-content\/uploads\/usu1078\/2018\/11\/Telling-a-Tale-1024x547.jpg 1024w, https:\/\/agora.xtec.cat\/ies-mediterrania-castelldefels\/wp-content\/uploads\/usu1078\/2018\/11\/Telling-a-Tale.jpg 1071w\" sizes=\"auto, (max-width: 393px) 100vw, 393px\" \/><\/p>\n<p>Contes col\u00b7laboratius en llengua anglesa.<\/p>\n<p>Amb els objectius de facilitar el contacte i la col\u00b7laboraci\u00f3 entre l&#8217;alumnat de la ciutat, dinamitzar l&#8217;\u00fas de les TIC a l&#8217;aula i col\u00b7laborar en la millora de l&#8217;expressi\u00f3 escrita i pl\u00e0stica de l&#8217;alumnat i la seva comprensi\u00f3 lectora, s&#8217;han elaborat una s\u00e8rie de contes, de forma cooperativa, entre diversos centres de la poblaci\u00f3.<!--more--><br \/>\nV\u00e0rem inventar un conte en angl\u00e8s a partir dels personatges creats pels nens i nenes de Prim\u00e0ria. Despr\u00e9s v\u00e0rem anar a representar-lo a les escoles Can Roca, Margall\u00f3 i Torre Barona.<br \/>\nFinalment, el passat 17 de maig, v\u00e0rem anar al teatre a representar el conte davant de moltes escoles i instituts.<br \/>\nVa ser tot un \u00e8xit!!<\/p>\n<p>Telling a Tale<\/p>\n","protected":false},"excerpt":{"rendered":"<p>Contes col\u00b7laboratius en llengua anglesa. Amb els objectius de facilitar el contacte i la col\u00b7laboraci\u00f3 entre l&#8217;alumnat de la ciutat, dinamitzar l&#8217;\u00fas de les TIC a l&#8217;aula i col\u00b7laborar en la millora de l&#8217;expressi\u00f3 escrita i pl\u00e0stica de l&#8217;alumnat i la seva comprensi\u00f3 lectora, s&#8217;han elaborat una s\u00e8rie de contes, de forma cooperativa, entre diversos [&hellip;]<\/p>\n","protected":false},"author":1,"featured_media":0,"comment_status":"closed","ping_status":"closed","sticky":false,"template":"","format":"standard","meta":{"_bbp_topic_count":0,"_bbp_reply_count":0,"_bbp_total_topic_count":0,"_bbp_total_reply_count":0,"_bbp_voice_count":0,"_bbp_anonymous_reply_count":0,"_bbp_topic_count_hidden":0,"_bbp_reply_count_hidden":0,"_bbp_forum_subforum_count":0,"site-sidebar-layout":"default","site-content-layout":"","ast-site-content-layout":"","site-content-style":"default","site-sidebar-style":"default","ast-global-header-display":"","ast-banner-title-visibility":"","ast-main-header-display":"","ast-hfb-above-header-display":"","ast-hfb-below-header-display":"","ast-hfb-mobile-header-display":"","site-post-title":"","ast-breadcrumbs-content":"","ast-featured-img":"","footer-sml-layout":"","theme-transparent-header-meta":"","adv-header-id-meta":"","stick-header-meta":"","header-above-stick-meta":"","header-main-stick-meta":"","header-below-stick-meta":"","astra-migrate-meta-layouts":"default","ast-page-background-enabled":"default","ast-page-background-meta":{"desktop":{"background-color":"var(--ast-global-color-4)","background-image":"","background-repeat":"repeat","background-position":"center center","background-size":"auto","background-attachment":"scroll","background-type":"","background-media":"","overlay-type":"","overlay-color":"","overlay-opacity":"","overlay-gradient":""},"tablet":{"background-color":"","background-image":"","background-repeat":"repeat","background-position":"center center","background-size":"auto","background-attachment":"scroll","background-type":"","background-media":"","overlay-type":"","overlay-color":"","overlay-opacity":"","overlay-gradient":""},"mobile":{"background-color":"","background-image":"","background-repeat":"repeat","background-position":"center center","background-size":"auto","background-attachment":"scroll","background-type":"","background-media":"","overlay-type":"","overlay-color":"","overlay-opacity":"","overlay-gradient":""}},"ast-content-background-meta":{"desktop":{"background-color":"var(--ast-global-color-5)","background-image":"","background-repeat":"repeat","background-position":"center center","background-size":"auto","background-attachment":"scroll","background-type":"","background-media":"","overlay-type":"","overlay-color":"","overlay-opacity":"","overlay-gradient":""},"tablet":{"background-color":"var(--ast-global-color-5)","background-image":"","background-repeat":"repeat","background-position":"center center","background-size":"auto","background-attachment":"scroll","background-type":"","background-media":"","overlay-type":"","overlay-color":"","overlay-opacity":"","overlay-gradient":""},"mobile":{"background-color":"var(--ast-global-color-5)","background-image":"","background-repeat":"repeat","background-position":"center center","background-size":"auto","background-attachment":"scroll","background-type":"","background-media":"","overlay-type":"","overlay-color":"","overlay-opacity":"","overlay-gradient":""}},"footnotes":""},"categories":[106,3,29,101],"tags":[],"class_list":["post-2665","post","type-post","status-publish","format-standard","hentry","category-act-15-16","category-eso","category-portada","category-projectes"],"post_mailing_queue_ids":[],"_links":{"self":[{"href":"https:\/\/agora.xtec.cat\/ies-mediterrania-castelldefels\/wp-json\/wp\/v2\/posts\/2665","targetHints":{"allow":["GET"]}}],"collection":[{"href":"https:\/\/agora.xtec.cat\/ies-mediterrania-castelldefels\/wp-json\/wp\/v2\/posts"}],"about":[{"href":"https:\/\/agora.xtec.cat\/ies-mediterrania-castelldefels\/wp-json\/wp\/v2\/types\/post"}],"author":[{"embeddable":true,"href":"https:\/\/agora.xtec.cat\/ies-mediterrania-castelldefels\/wp-json\/wp\/v2\/users\/1"}],"replies":[{"embeddable":true,"href":"https:\/\/agora.xtec.cat\/ies-mediterrania-castelldefels\/wp-json\/wp\/v2\/comments?post=2665"}],"version-history":[{"count":3,"href":"https:\/\/agora.xtec.cat\/ies-mediterrania-castelldefels\/wp-json\/wp\/v2\/posts\/2665\/revisions"}],"predecessor-version":[{"id":8552,"href":"https:\/\/agora.xtec.cat\/ies-mediterrania-castelldefels\/wp-json\/wp\/v2\/posts\/2665\/revisions\/8552"}],"wp:attachment":[{"href":"https:\/\/agora.xtec.cat\/ies-mediterrania-castelldefels\/wp-json\/wp\/v2\/media?parent=2665"}],"wp:term":[{"taxonomy":"category","embeddable":true,"href":"https:\/\/agora.xtec.cat\/ies-mediterrania-castelldefels\/wp-json\/wp\/v2\/categories?post=2665"},{"taxonomy":"post_tag","embeddable":true,"href":"https:\/\/agora.xtec.cat\/ies-mediterrania-castelldefels\/wp-json\/wp\/v2\/tags?post=2665"}],"curies":[{"name":"wp","href":"https:\/\/api.w.org\/{rel}","templated":true}]}}