{"id":13239,"date":"2026-04-23T12:14:10","date_gmt":"2026-04-23T10:14:10","guid":{"rendered":"https:\/\/agora.xtec.cat\/ies-mediterrania-castelldefels\/?p=13239"},"modified":"2026-04-23T12:15:14","modified_gmt":"2026-04-23T10:15:14","slug":"joves-amb-talent","status":"publish","type":"post","link":"https:\/\/agora.xtec.cat\/ies-mediterrania-castelldefels\/general\/joves-amb-talent\/","title":{"rendered":"Joves amb Talent"},"content":{"rendered":"\n<p>L&#8217;alumnat de 1r. del cicle formatiu d&#8217;Activitats Comercials, va participar el passat\u00a014.04.2026\u00a0al\u00a0FPChallenge,\u00a0que va tenir lloc a l&#8217;Institut Les Salines\u00a0del Prat de Llobregat i\u00a0van\u00a0quedar finalistes\u00a0amb un empat.<\/p>\n\n\n\n<p>L&#8217;empresa Es-Imperfect, empresa de melmelades&nbsp;ubicada al Prat, va proposar el seg\u00fcent repte:<\/p>\n\n\n\n<ul class=\"wp-block-list\">\n<li><strong>Qu\u00e8 podem fer per arribar es-Imperfect a un p\u00fablic m\u00e9s jove (16-30 anys)<\/strong><\/li>\n<\/ul>\n\n\n\n<p><strong>Context:<\/strong>&nbsp;Actualment, la marca arriba sobretot a un p\u00fablic conscienciat (ambiental\/social), per\u00f2 costa connectar amb joves que orienten la seva compra a criteris gustatius, tend\u00e8ncies, preu o comoditat.<\/p>\n\n\n\n<p><strong>Objectiu del repte:<\/strong>&nbsp;Tobar idees per fer la marca m\u00e9s atractiva, rellevant i visible entre joves.<\/p>\n\n\n\n<figure class=\"wp-block-image size-full\"><a href=\"https:\/\/agora.xtec.cat\/ies-mediterrania-castelldefels\/wp-content\/uploads\/usu1078\/2026\/04\/39.Talent.png\"><img loading=\"lazy\" decoding=\"async\" width=\"824\" height=\"417\" src=\"https:\/\/agora.xtec.cat\/ies-mediterrania-castelldefels\/wp-content\/uploads\/usu1078\/2026\/04\/39.Talent.png\" alt=\"\" class=\"wp-image-13241\" srcset=\"https:\/\/agora.xtec.cat\/ies-mediterrania-castelldefels\/wp-content\/uploads\/usu1078\/2026\/04\/39.Talent.png 824w, https:\/\/agora.xtec.cat\/ies-mediterrania-castelldefels\/wp-content\/uploads\/usu1078\/2026\/04\/39.Talent-300x152.png 300w, https:\/\/agora.xtec.cat\/ies-mediterrania-castelldefels\/wp-content\/uploads\/usu1078\/2026\/04\/39.Talent-768x389.png 768w\" sizes=\"auto, (max-width: 824px) 100vw, 824px\" \/><\/a><\/figure>\n\n\n\n<div style=\"height:27px\" aria-hidden=\"true\" class=\"wp-block-spacer\"><\/div>\n\n\n\n<div class=\"wp-block-buttons is-content-justification-center is-layout-flex wp-container-core-buttons-is-layout-1 wp-block-buttons-is-layout-flex\">\n<div class=\"wp-block-button\"><a class=\"wp-block-button__link wp-element-button\" href=\"https:\/\/photos.app.goo.gl\/4Ad3QGUxjDmsKFJs6\" target=\"_blank\" rel=\"noreferrer noopener\">M\u00e9s fotografies<\/a><\/div>\n<\/div>\n","protected":false},"excerpt":{"rendered":"<p>L&#8217;alumnat de 1r. del cicle formatiu d&#8217;Activitats Comercials, va participar el passat\u00a014.04.2026\u00a0al\u00a0FPChallenge,\u00a0que va tenir lloc a l&#8217;Institut Les Salines\u00a0del Prat de Llobregat i\u00a0van\u00a0quedar finalistes\u00a0amb un empat. L&#8217;empresa Es-Imperfect, empresa de melmelades&nbsp;ubicada al Prat, va proposar el seg\u00fcent repte: Context:&nbsp;Actualment, la marca arriba sobretot a un p\u00fablic conscienciat (ambiental\/social), per\u00f2 costa connectar amb joves que orienten [&hellip;]<\/p>\n","protected":false},"author":1,"featured_media":13241,"comment_status":"open","ping_status":"open","sticky":false,"template":"","format":"standard","meta":{"_bbp_topic_count":0,"_bbp_reply_count":0,"_bbp_total_topic_count":0,"_bbp_total_reply_count":0,"_bbp_voice_count":0,"_bbp_anonymous_reply_count":0,"_bbp_topic_count_hidden":0,"_bbp_reply_count_hidden":0,"_bbp_forum_subforum_count":0,"site-sidebar-layout":"default","site-content-layout":"","ast-site-content-layout":"default","site-content-style":"default","site-sidebar-style":"default","ast-global-header-display":"","ast-banner-title-visibility":"","ast-main-header-display":"","ast-hfb-above-header-display":"","ast-hfb-below-header-display":"","ast-hfb-mobile-header-display":"","site-post-title":"","ast-breadcrumbs-content":"","ast-featured-img":"","footer-sml-layout":"","theme-transparent-header-meta":"","adv-header-id-meta":"","stick-header-meta":"","header-above-stick-meta":"","header-main-stick-meta":"","header-below-stick-meta":"","astra-migrate-meta-layouts":"set","ast-page-background-enabled":"default","ast-page-background-meta":{"desktop":{"background-color":"var(--ast-global-color-4)","background-image":"","background-repeat":"repeat","background-position":"center center","background-size":"auto","background-attachment":"scroll","background-type":"","background-media":"","overlay-type":"","overlay-color":"","overlay-opacity":"","overlay-gradient":""},"tablet":{"background-color":"","background-image":"","background-repeat":"repeat","background-position":"center center","background-size":"auto","background-attachment":"scroll","background-type":"","background-media":"","overlay-type":"","overlay-color":"","overlay-opacity":"","overlay-gradient":""},"mobile":{"background-color":"","background-image":"","background-repeat":"repeat","background-position":"center center","background-size":"auto","background-attachment":"scroll","background-type":"","background-media":"","overlay-type":"","overlay-color":"","overlay-opacity":"","overlay-gradient":""}},"ast-content-background-meta":{"desktop":{"background-color":"var(--ast-global-color-5)","background-image":"","background-repeat":"repeat","background-position":"center center","background-size":"auto","background-attachment":"scroll","background-type":"","background-media":"","overlay-type":"","overlay-color":"","overlay-opacity":"","overlay-gradient":""},"tablet":{"background-color":"var(--ast-global-color-5)","background-image":"","background-repeat":"repeat","background-position":"center center","background-size":"auto","background-attachment":"scroll","background-type":"","background-media":"","overlay-type":"","overlay-color":"","overlay-opacity":"","overlay-gradient":""},"mobile":{"background-color":"var(--ast-global-color-5)","background-image":"","background-repeat":"repeat","background-position":"center center","background-size":"auto","background-attachment":"scroll","background-type":"","background-media":"","overlay-type":"","overlay-color":"","overlay-opacity":"","overlay-gradient":""}},"footnotes":""},"categories":[30,1,29],"tags":[],"class_list":["post-13239","post","type-post","status-publish","format-standard","has-post-thumbnail","hentry","category-cicles-formatius","category-general","category-portada"],"post_mailing_queue_ids":[],"_links":{"self":[{"href":"https:\/\/agora.xtec.cat\/ies-mediterrania-castelldefels\/wp-json\/wp\/v2\/posts\/13239","targetHints":{"allow":["GET"]}}],"collection":[{"href":"https:\/\/agora.xtec.cat\/ies-mediterrania-castelldefels\/wp-json\/wp\/v2\/posts"}],"about":[{"href":"https:\/\/agora.xtec.cat\/ies-mediterrania-castelldefels\/wp-json\/wp\/v2\/types\/post"}],"author":[{"embeddable":true,"href":"https:\/\/agora.xtec.cat\/ies-mediterrania-castelldefels\/wp-json\/wp\/v2\/users\/1"}],"replies":[{"embeddable":true,"href":"https:\/\/agora.xtec.cat\/ies-mediterrania-castelldefels\/wp-json\/wp\/v2\/comments?post=13239"}],"version-history":[{"count":2,"href":"https:\/\/agora.xtec.cat\/ies-mediterrania-castelldefels\/wp-json\/wp\/v2\/posts\/13239\/revisions"}],"predecessor-version":[{"id":13243,"href":"https:\/\/agora.xtec.cat\/ies-mediterrania-castelldefels\/wp-json\/wp\/v2\/posts\/13239\/revisions\/13243"}],"wp:featuredmedia":[{"embeddable":true,"href":"https:\/\/agora.xtec.cat\/ies-mediterrania-castelldefels\/wp-json\/wp\/v2\/media\/13241"}],"wp:attachment":[{"href":"https:\/\/agora.xtec.cat\/ies-mediterrania-castelldefels\/wp-json\/wp\/v2\/media?parent=13239"}],"wp:term":[{"taxonomy":"category","embeddable":true,"href":"https:\/\/agora.xtec.cat\/ies-mediterrania-castelldefels\/wp-json\/wp\/v2\/categories?post=13239"},{"taxonomy":"post_tag","embeddable":true,"href":"https:\/\/agora.xtec.cat\/ies-mediterrania-castelldefels\/wp-json\/wp\/v2\/tags?post=13239"}],"curies":[{"name":"wp","href":"https:\/\/api.w.org\/{rel}","templated":true}]}}